{"id":24685,"date":"2014-03-26T11:51:52","date_gmt":"2014-03-26T14:51:52","guid":{"rendered":"http:\/\/aconteceunovale.com.br\/portal\/?p=24685"},"modified":"2014-03-26T11:51:52","modified_gmt":"2014-03-26T14:51:52","slug":"projeto-minas-telecardio-reforca-o-acesso-e-o-atendimento-a-saude-no-norte-de-minas","status":"publish","type":"post","link":"https:\/\/aconteceunovale.com.br\/portal\/?p=24685","title":{"rendered":"Projeto Minas Telec\u00e1rdio refor\u00e7a o acesso e o atendimento \u00e0 sa\u00fade no Norte de Minas"},"content":{"rendered":"<p>A incorpora\u00e7\u00e3o de novas tecnologias aos servi\u00e7os de sa\u00fade prestados na Rede de Urg\u00eancia e Emerg\u00eancia do Norte de Minas, por meio do projeto Minas Telec\u00e1rdio, est\u00e1 redimensionando o diagn\u00f3stico e atendimento de pacientes em situa\u00e7\u00e3o cr\u00edtica de sa\u00fade na regi\u00e3o. <\/p>\n<p>Desenvolvido pela Secretaria de Estado de Sa\u00fade de Minas Gerais (SES-MG), em parceria com a Rede de Teleassist\u00eancia de Minas Gerais, o projeto faz parte da estrat\u00e9gia do Governo de Minas de implanta\u00e7\u00e3o das redes de aten\u00e7\u00e3o \u00e0 sa\u00fade, capazes de responder \u00e0s condi\u00e7\u00f5es agudas e cr\u00f4nicas. \u201cA estrutura viabilizada pelo projeto vai refor\u00e7ar a a\u00e7\u00e3o integrada da Rede de Urg\u00eancia e Emerg\u00eancia, melhorando o tempo resposta e qualificando ainda mais o atendimento pr\u00e9-hospitalar na regi\u00e3o\u201d, destaca Ol\u00edvia Pereira de Loiola, superintendente de Sa\u00fade de Montes Claros.<\/p>\n<p>Desde junho de 2013, o projeto Minas Telec\u00e1rdio est\u00e1 acompanhando pacientes com suspeita ou diagn\u00f3stico de doen\u00e7as cardiovasculares atendidos pelas unidades do Servi\u00e7o de Atendimento M\u00f3vel de Urg\u00eancia (Samu) e nos seis hospitais de Montes Claros, com objetivo de desenhar e implantar a linha de cuidados do infarto agudo do mioc\u00e1rdio.<\/p>\n<p>Milena Marcolino, coordenadora cient\u00edfica do projeto, explica que a partir desta semana ser\u00e1 instalado o sistema de tele-ECG em todas as unidades do Samu e nos 18 hospitais regionais, al\u00e9m do hospital universit\u00e1rio Clemente de Faria e do Pronto Atendimento Alpheu de Quadros, em Montes Claros. Utilizando m\u00e9todos de telemedicina, a imagem do eletrocardiograma ser\u00e1 enviada \u00e0 Central de Regula\u00e7\u00e3o do Samu para avalia\u00e7\u00e3o e orienta\u00e7\u00e3o quanto \u00e0 conduta apropriada.<\/p>\n<p>\u201cComo o tempo \u00e9 fator decisivo nesse tipo de agravo, nos munic\u00edpios que demandam mais de 120 minutos de deslocamento at\u00e9 um servi\u00e7o de hemodin\u00e2mica ser\u00e1 administrado o trombol\u00edtico no paciente, que ser\u00e1 imediatamente transferido para o hospital refer\u00eancia atrav\u00e9s das unidades do Samu, melhorando sensivelmente a sobrevida e recupera\u00e7\u00e3o deste paciente\u201d, esclarece.<\/p>\n<p>Durante a reuni\u00e3o do Comit\u00ea Gestor de Urg\u00eancia e Emerg\u00eancia, realizada na ter\u00e7a-feira (25\/03), a equipe do projeto apresentou a proposta de fluxo e de protocolo assistencial, e o cronograma de treinamento dos profissionais, que ser\u00e1 realizado no per\u00edodo de 29 de mar\u00e7o a 13 abril.<\/p>\n<p>De acordo com a coordenadora de campo do projeto, B\u00e1rbara Campos Abreu, as equipes iniciam o treinamento dos m\u00e9dicos da Central de Regula\u00e7\u00e3o do Samu para a an\u00e1lise do ECG e, logo em seguida, o treinamento cl\u00ednico de m\u00e9dicos e enfermeiros que atuam nas unidades m\u00f3veis do Samu e nas portas de entrada para realiza\u00e7\u00e3o do ECG. \u201cJ\u00e1 foi elaborada a linha-guia, definidos os fluxos e o protocolo assistencial e ap\u00f3s o treinamento dos profissionais o projeto estar\u00e1 em pleno funcionamento\u201d, anuncia.<\/p>\n<p>B\u00e1rbara ressalta que ap\u00f3s a implanta\u00e7\u00e3o do projeto ser\u00e1 realizado acompanhamento com coleta de dados nos hospitais, reavalia\u00e7\u00e3o do diagn\u00f3stico precoce do infarto agudo do mioc\u00e1rdio, do tempo para perfus\u00e3o, mortalidade intra-hospitalar e complica\u00e7\u00f5es intra-hospitalar para avaliar as dificuldades encontradas e o impacto da iniciativa sobre os indicadores de sa\u00fade na regi\u00e3o.<\/p>\n<p>Ricardo Afonso Veloso, presidente do Cons\u00f3rcio Intermunicipal de Sa\u00fade da Rede de Urg\u00eancia do Norte de Minas (Cisrun), ressalta que o projeto vai melhorar o acesso ao atendimento. \u201cA introdu\u00e7\u00e3o da tecnologia possibilitar\u00e1 aos m\u00e9dicos maior agilidade no diagn\u00f3stico, contribuindo para racionalizar os servi\u00e7os prestados, promovendo mais autonomia e impactando sobremaneira o servi\u00e7o\u201d, explica.<\/p>\n<p><img decoding=\"async\" src=\"http:\/\/aconteceunovale.com.br\/portal\/wp-content\/uploads\/2014\/03\/projeto-minas-telecardio-reforca-o-acesso-e-o-atendimento-a-saude-no-norte-de-minas.jpg\" alt=\"\" \/><br \/>\n<em>Projeto tem como objetivo desenhar e implantar a linha de cuidados do infarto agudo do mioc\u00e1rdio &#8211; Foto: Jer\u00fasia Arruda<\/em><\/p>\n<h3><strong>Aplica\u00e7\u00e3o na rede<\/strong><\/h3>\n<p>As doen\u00e7as cardiovasculares s\u00e3o a principal causa de morte no Estado, respondendo por 28% das mortes registradas em 2010, conforme dados do Datasus. No Norte de Minas, a mortalidade por infarto agudo do mioc\u00e1rdio \u00e9 alta e acima da m\u00e9dia nacional (18,2% versus 15,1%). <\/p>\n<p>Ant\u00f4nio Luiz Pinho Ribeiro, coordenador Geral do Minas Telec\u00e1rdio, observa que a maioria dos servi\u00e7os de cardiologia e cirurgia cardiovascular se concentra nos grandes centros urbanos, dificultando o acesso dos habitantes de cidades pequenas ao diagn\u00f3stico simples, como eletrocardiograma, sendo necess\u00e1rio seu deslocamento por longas dist\u00e2ncias. \u201cComo o diagn\u00f3stico do infarto se baseia primeiramente no eletrocardiograma de 12 deriva\u00e7\u00f5es, a r\u00e1pida e adequada interpreta\u00e7\u00e3o do exame vai reduzir sensivelmente o tempo entre o diagn\u00f3stico e interven\u00e7\u00e3o\u201d, avalia o m\u00e9dico.<\/p>\n<p>Nos seis primeiros meses de acompanhamento realizado pelo Minas Telec\u00e1rdio, foram analisados 866 casos, sendo 458 casos de s\u00edndrome coronariana aguda. Destes, 155 casos (33,8%) eram infarto agudo do mioc\u00e1rdio com supradesnivelamento do seguimento ST; 58 casos (12,7%) IAM sem supradesnivelamento do seguimento ST; e 245 casos (53,5%), angina inst\u00e1vel.<\/p>\n<p>Dos 155 pacientes com infarto agudo do mioc\u00e1rdio com supra, 114 realizaram angioplastia prim\u00e1ria, quatro receberam fibrinol\u00edtico, e foram realizadas duas angioplastias de resgate. A taxa de mortalidade nestes casos foi de 16,1%. Nos pacientes submetidos \u00e0 angioplastia prim\u00e1ria a mortalidade foi de 15,8%.<\/p>\n<p>O coordenador m\u00e9dico do SAMU Macro Norte, Enius Freire Versiani, diz que com o projeto a expectativa \u00e9 reduzir sensivelmente a morbidade e mortalidade por doen\u00e7as card\u00edacas na regi\u00e3o. \u201cEssas doen\u00e7as respondem por um ter\u00e7o dos chamados para casos cl\u00ednicos registrados pela Central de Regula\u00e7\u00e3o do Samu\u201d, observa o m\u00e9dico.<\/p>\n","protected":false},"excerpt":{"rendered":"<p>A incorpora\u00e7\u00e3o de novas tecnologias aos servi\u00e7os de sa\u00fade prestados na Rede de Urg\u00eancia e Emerg\u00eancia do Norte de Minas, por meio do projeto Minas Telec\u00e1rdio, est\u00e1 redimensionando o diagn\u00f3stico e atendimento de pacientes em situa\u00e7\u00e3o cr\u00edtica de sa\u00fade na regi\u00e3o. Desenvolvido pela Secretaria de Estado de Sa\u00fade de Minas Gerais (SES-MG), em parceria com [&hellip;]<\/p>\n","protected":false},"author":1,"featured_media":24686,"comment_status":"open","ping_status":"closed","sticky":false,"template":"","format":"standard","meta":{"amp_status":"","footnotes":""},"categories":[1236],"tags":[1018,5968,5967],"class_list":["post-24685","post","type-post","status-publish","format-standard","has-post-thumbnail","hentry","category-norte_de_minas","tag-destaque","tag-projeto-minas-telecardio","tag-projeto-minas-telecardio-reforca-o-acesso-e-o-atendimento-a-saude-no-norte-de-minas"],"yoast_head":"<!-- This site is optimized with the Yoast SEO plugin v28.3 - https:\/\/yoast.com\/product\/yoast-seo-wordpress\/ -->\n<title>Projeto Minas Telec\u00e1rdio refor\u00e7a o acesso e o atendimento \u00e0 sa\u00fade no Norte de Minas - Aconteceu no Vale<\/title>\n<meta name=\"robots\" content=\"index, follow, max-snippet:-1, max-image-preview:large, max-video-preview:-1\" \/>\n<link rel=\"canonical\" href=\"https:\/\/aconteceunovale.com.br\/portal\/?p=24685\" \/>\n<meta property=\"og:locale\" content=\"pt_BR\" \/>\n<meta property=\"og:type\" content=\"article\" \/>\n<meta property=\"og:title\" content=\"Projeto Minas Telec\u00e1rdio refor\u00e7a o acesso e o atendimento \u00e0 sa\u00fade no Norte de Minas - Aconteceu no Vale\" \/>\n<meta property=\"og:description\" content=\"A incorpora\u00e7\u00e3o de novas tecnologias aos servi\u00e7os de sa\u00fade prestados na Rede de Urg\u00eancia e Emerg\u00eancia do Norte de Minas, por meio do projeto Minas Telec\u00e1rdio, est\u00e1 redimensionando o diagn\u00f3stico e atendimento de pacientes em situa\u00e7\u00e3o cr\u00edtica de sa\u00fade na regi\u00e3o. Desenvolvido pela Secretaria de Estado de Sa\u00fade de Minas Gerais (SES-MG), em parceria com [&hellip;]\" \/>\n<meta property=\"og:url\" content=\"https:\/\/aconteceunovale.com.br\/portal\/?p=24685\" \/>\n<meta property=\"og:site_name\" content=\"Aconteceu no Vale\" \/>\n<meta property=\"article:publisher\" content=\"https:\/\/www.facebook.com\/aconteceunovale\/\" \/>\n<meta property=\"article:published_time\" content=\"2014-03-26T14:51:52+00:00\" \/>\n<meta property=\"og:image\" content=\"https:\/\/aconteceunovale.com.br\/portal\/wp-content\/uploads\/2014\/03\/projeto-minas-telecardio-reforca-o-acesso-e-o-atendimento-a-saude-no-norte-de-minas.jpg\" \/>\n\t<meta property=\"og:image:width\" content=\"600\" \/>\n\t<meta property=\"og:image:height\" content=\"450\" \/>\n\t<meta property=\"og:image:type\" content=\"image\/jpeg\" \/>\n<meta name=\"author\" content=\"Aconteceu no Vale\" \/>\n<meta name=\"twitter:card\" content=\"summary_large_image\" \/>\n<meta name=\"twitter:creator\" content=\"@noticiadosvales\" \/>\n<meta name=\"twitter:site\" content=\"@noticiadosvales\" \/>\n<meta name=\"twitter:label1\" content=\"Escrito por\" \/>\n\t<meta name=\"twitter:data1\" content=\"Aconteceu no Vale\" \/>\n\t<meta name=\"twitter:label2\" content=\"Est. tempo de leitura\" \/>\n\t<meta name=\"twitter:data2\" content=\"5 minutos\" \/>\n<script type=\"application\/ld+json\" class=\"yoast-schema-graph\">{\"@context\":\"https:\\\/\\\/schema.org\",\"@graph\":[{\"@type\":\"Article\",\"@id\":\"https:\\\/\\\/aconteceunovale.com.br\\\/portal\\\/?p=24685#article\",\"isPartOf\":{\"@id\":\"https:\\\/\\\/aconteceunovale.com.br\\\/portal\\\/?p=24685\"},\"author\":{\"name\":\"Aconteceu no Vale\",\"@id\":\"https:\\\/\\\/aconteceunovale.com.br\\\/portal\\\/#\\\/schema\\\/person\\\/633529146f2c94272bef50ac2953d589\"},\"headline\":\"Projeto Minas Telec\u00e1rdio refor\u00e7a o acesso e o atendimento \u00e0 sa\u00fade no Norte de Minas\",\"datePublished\":\"2014-03-26T14:51:52+00:00\",\"mainEntityOfPage\":{\"@id\":\"https:\\\/\\\/aconteceunovale.com.br\\\/portal\\\/?p=24685\"},\"wordCount\":931,\"commentCount\":0,\"image\":{\"@id\":\"https:\\\/\\\/aconteceunovale.com.br\\\/portal\\\/?p=24685#primaryimage\"},\"thumbnailUrl\":\"https:\\\/\\\/aconteceunovale.com.br\\\/portal\\\/wp-content\\\/uploads\\\/2014\\\/03\\\/projeto-minas-telecardio-reforca-o-acesso-e-o-atendimento-a-saude-no-norte-de-minas.jpg\",\"keywords\":[\"destaque\",\"Projeto Minas Telec\u00e1rdio\",\"Projeto Minas Telec\u00e1rdio refor\u00e7a o acesso e o atendimento \u00e0 sa\u00fade no Norte de Minas\"],\"articleSection\":[\"Norte de Minas\"],\"inLanguage\":\"pt-BR\",\"potentialAction\":[{\"@type\":\"CommentAction\",\"name\":\"Comment\",\"target\":[\"https:\\\/\\\/aconteceunovale.com.br\\\/portal\\\/?p=24685#respond\"]}]},{\"@type\":\"WebPage\",\"@id\":\"https:\\\/\\\/aconteceunovale.com.br\\\/portal\\\/?p=24685\",\"url\":\"https:\\\/\\\/aconteceunovale.com.br\\\/portal\\\/?p=24685\",\"name\":\"Projeto Minas Telec\u00e1rdio refor\u00e7a o acesso e o atendimento \u00e0 sa\u00fade no Norte de Minas - Aconteceu no Vale\",\"isPartOf\":{\"@id\":\"https:\\\/\\\/aconteceunovale.com.br\\\/portal\\\/#website\"},\"primaryImageOfPage\":{\"@id\":\"https:\\\/\\\/aconteceunovale.com.br\\\/portal\\\/?p=24685#primaryimage\"},\"image\":{\"@id\":\"https:\\\/\\\/aconteceunovale.com.br\\\/portal\\\/?p=24685#primaryimage\"},\"thumbnailUrl\":\"https:\\\/\\\/aconteceunovale.com.br\\\/portal\\\/wp-content\\\/uploads\\\/2014\\\/03\\\/projeto-minas-telecardio-reforca-o-acesso-e-o-atendimento-a-saude-no-norte-de-minas.jpg\",\"datePublished\":\"2014-03-26T14:51:52+00:00\",\"author\":{\"@id\":\"https:\\\/\\\/aconteceunovale.com.br\\\/portal\\\/#\\\/schema\\\/person\\\/633529146f2c94272bef50ac2953d589\"},\"breadcrumb\":{\"@id\":\"https:\\\/\\\/aconteceunovale.com.br\\\/portal\\\/?p=24685#breadcrumb\"},\"inLanguage\":\"pt-BR\",\"potentialAction\":[{\"@type\":\"ReadAction\",\"target\":[\"https:\\\/\\\/aconteceunovale.com.br\\\/portal\\\/?p=24685\"]}]},{\"@type\":\"ImageObject\",\"inLanguage\":\"pt-BR\",\"@id\":\"https:\\\/\\\/aconteceunovale.com.br\\\/portal\\\/?p=24685#primaryimage\",\"url\":\"https:\\\/\\\/aconteceunovale.com.br\\\/portal\\\/wp-content\\\/uploads\\\/2014\\\/03\\\/projeto-minas-telecardio-reforca-o-acesso-e-o-atendimento-a-saude-no-norte-de-minas.jpg\",\"contentUrl\":\"https:\\\/\\\/aconteceunovale.com.br\\\/portal\\\/wp-content\\\/uploads\\\/2014\\\/03\\\/projeto-minas-telecardio-reforca-o-acesso-e-o-atendimento-a-saude-no-norte-de-minas.jpg\",\"width\":600,\"height\":450},{\"@type\":\"BreadcrumbList\",\"@id\":\"https:\\\/\\\/aconteceunovale.com.br\\\/portal\\\/?p=24685#breadcrumb\",\"itemListElement\":[{\"@type\":\"ListItem\",\"position\":1,\"name\":\"In\u00edcio\",\"item\":\"https:\\\/\\\/aconteceunovale.com.br\\\/portal\\\/\"},{\"@type\":\"ListItem\",\"position\":2,\"name\":\"Projeto Minas Telec\u00e1rdio refor\u00e7a o acesso e o atendimento \u00e0 sa\u00fade no Norte de Minas\"}]},{\"@type\":\"WebSite\",\"@id\":\"https:\\\/\\\/aconteceunovale.com.br\\\/portal\\\/#website\",\"url\":\"https:\\\/\\\/aconteceunovale.com.br\\\/portal\\\/\",\"name\":\"Aconteceu no Vale\",\"description\":\"Portal de Not\u00edcias\",\"potentialAction\":[{\"@type\":\"SearchAction\",\"target\":{\"@type\":\"EntryPoint\",\"urlTemplate\":\"https:\\\/\\\/aconteceunovale.com.br\\\/portal\\\/?s={search_term_string}\"},\"query-input\":{\"@type\":\"PropertyValueSpecification\",\"valueRequired\":true,\"valueName\":\"search_term_string\"}}],\"inLanguage\":\"pt-BR\"},{\"@type\":\"Person\",\"@id\":\"https:\\\/\\\/aconteceunovale.com.br\\\/portal\\\/#\\\/schema\\\/person\\\/633529146f2c94272bef50ac2953d589\",\"name\":\"Aconteceu no Vale\",\"description\":\"Equipe de reportagem do Aconteceu no Vale, portal de not\u00edcias do Vale do Jequitinhonha, em Minas Gerais. Cobrimos as 51 cidades do Vale desde 2013. Sugest\u00f5es de pauta e pedidos de corre\u00e7\u00e3o: contato@aconteceunovale.com.br\",\"sameAs\":[\"http:\\\/\\\/www.aconteceunovale.com.br\"],\"url\":\"https:\\\/\\\/aconteceunovale.com.br\\\/portal\\\/?author=1\"}]}<\/script>\n<!-- \/ Yoast SEO plugin. -->","yoast_head_json":{"title":"Projeto Minas Telec\u00e1rdio refor\u00e7a o acesso e o atendimento \u00e0 sa\u00fade no Norte de Minas - Aconteceu no Vale","robots":{"index":"index","follow":"follow","max-snippet":"max-snippet:-1","max-image-preview":"max-image-preview:large","max-video-preview":"max-video-preview:-1"},"canonical":"https:\/\/aconteceunovale.com.br\/portal\/?p=24685","og_locale":"pt_BR","og_type":"article","og_title":"Projeto Minas Telec\u00e1rdio refor\u00e7a o acesso e o atendimento \u00e0 sa\u00fade no Norte de Minas - Aconteceu no Vale","og_description":"A incorpora\u00e7\u00e3o de novas tecnologias aos servi\u00e7os de sa\u00fade prestados na Rede de Urg\u00eancia e Emerg\u00eancia do Norte de Minas, por meio do projeto Minas Telec\u00e1rdio, est\u00e1 redimensionando o diagn\u00f3stico e atendimento de pacientes em situa\u00e7\u00e3o cr\u00edtica de sa\u00fade na regi\u00e3o. Desenvolvido pela Secretaria de Estado de Sa\u00fade de Minas Gerais (SES-MG), em parceria com [&hellip;]","og_url":"https:\/\/aconteceunovale.com.br\/portal\/?p=24685","og_site_name":"Aconteceu no Vale","article_publisher":"https:\/\/www.facebook.com\/aconteceunovale\/","article_published_time":"2014-03-26T14:51:52+00:00","og_image":[{"width":600,"height":450,"url":"https:\/\/aconteceunovale.com.br\/portal\/wp-content\/uploads\/2014\/03\/projeto-minas-telecardio-reforca-o-acesso-e-o-atendimento-a-saude-no-norte-de-minas.jpg","type":"image\/jpeg"}],"author":"Aconteceu no Vale","twitter_card":"summary_large_image","twitter_creator":"@noticiadosvales","twitter_site":"@noticiadosvales","twitter_misc":{"Escrito por":"Aconteceu no Vale","Est. tempo de leitura":"5 minutos"},"schema":{"@context":"https:\/\/schema.org","@graph":[{"@type":"Article","@id":"https:\/\/aconteceunovale.com.br\/portal\/?p=24685#article","isPartOf":{"@id":"https:\/\/aconteceunovale.com.br\/portal\/?p=24685"},"author":{"name":"Aconteceu no Vale","@id":"https:\/\/aconteceunovale.com.br\/portal\/#\/schema\/person\/633529146f2c94272bef50ac2953d589"},"headline":"Projeto Minas Telec\u00e1rdio refor\u00e7a o acesso e o atendimento \u00e0 sa\u00fade no Norte de Minas","datePublished":"2014-03-26T14:51:52+00:00","mainEntityOfPage":{"@id":"https:\/\/aconteceunovale.com.br\/portal\/?p=24685"},"wordCount":931,"commentCount":0,"image":{"@id":"https:\/\/aconteceunovale.com.br\/portal\/?p=24685#primaryimage"},"thumbnailUrl":"https:\/\/aconteceunovale.com.br\/portal\/wp-content\/uploads\/2014\/03\/projeto-minas-telecardio-reforca-o-acesso-e-o-atendimento-a-saude-no-norte-de-minas.jpg","keywords":["destaque","Projeto Minas Telec\u00e1rdio","Projeto Minas Telec\u00e1rdio refor\u00e7a o acesso e o atendimento \u00e0 sa\u00fade no Norte de Minas"],"articleSection":["Norte de Minas"],"inLanguage":"pt-BR","potentialAction":[{"@type":"CommentAction","name":"Comment","target":["https:\/\/aconteceunovale.com.br\/portal\/?p=24685#respond"]}]},{"@type":"WebPage","@id":"https:\/\/aconteceunovale.com.br\/portal\/?p=24685","url":"https:\/\/aconteceunovale.com.br\/portal\/?p=24685","name":"Projeto Minas Telec\u00e1rdio refor\u00e7a o acesso e o atendimento \u00e0 sa\u00fade no Norte de Minas - Aconteceu no Vale","isPartOf":{"@id":"https:\/\/aconteceunovale.com.br\/portal\/#website"},"primaryImageOfPage":{"@id":"https:\/\/aconteceunovale.com.br\/portal\/?p=24685#primaryimage"},"image":{"@id":"https:\/\/aconteceunovale.com.br\/portal\/?p=24685#primaryimage"},"thumbnailUrl":"https:\/\/aconteceunovale.com.br\/portal\/wp-content\/uploads\/2014\/03\/projeto-minas-telecardio-reforca-o-acesso-e-o-atendimento-a-saude-no-norte-de-minas.jpg","datePublished":"2014-03-26T14:51:52+00:00","author":{"@id":"https:\/\/aconteceunovale.com.br\/portal\/#\/schema\/person\/633529146f2c94272bef50ac2953d589"},"breadcrumb":{"@id":"https:\/\/aconteceunovale.com.br\/portal\/?p=24685#breadcrumb"},"inLanguage":"pt-BR","potentialAction":[{"@type":"ReadAction","target":["https:\/\/aconteceunovale.com.br\/portal\/?p=24685"]}]},{"@type":"ImageObject","inLanguage":"pt-BR","@id":"https:\/\/aconteceunovale.com.br\/portal\/?p=24685#primaryimage","url":"https:\/\/aconteceunovale.com.br\/portal\/wp-content\/uploads\/2014\/03\/projeto-minas-telecardio-reforca-o-acesso-e-o-atendimento-a-saude-no-norte-de-minas.jpg","contentUrl":"https:\/\/aconteceunovale.com.br\/portal\/wp-content\/uploads\/2014\/03\/projeto-minas-telecardio-reforca-o-acesso-e-o-atendimento-a-saude-no-norte-de-minas.jpg","width":600,"height":450},{"@type":"BreadcrumbList","@id":"https:\/\/aconteceunovale.com.br\/portal\/?p=24685#breadcrumb","itemListElement":[{"@type":"ListItem","position":1,"name":"In\u00edcio","item":"https:\/\/aconteceunovale.com.br\/portal\/"},{"@type":"ListItem","position":2,"name":"Projeto Minas Telec\u00e1rdio refor\u00e7a o acesso e o atendimento \u00e0 sa\u00fade no Norte de Minas"}]},{"@type":"WebSite","@id":"https:\/\/aconteceunovale.com.br\/portal\/#website","url":"https:\/\/aconteceunovale.com.br\/portal\/","name":"Aconteceu no Vale","description":"Portal de Not\u00edcias","potentialAction":[{"@type":"SearchAction","target":{"@type":"EntryPoint","urlTemplate":"https:\/\/aconteceunovale.com.br\/portal\/?s={search_term_string}"},"query-input":{"@type":"PropertyValueSpecification","valueRequired":true,"valueName":"search_term_string"}}],"inLanguage":"pt-BR"},{"@type":"Person","@id":"https:\/\/aconteceunovale.com.br\/portal\/#\/schema\/person\/633529146f2c94272bef50ac2953d589","name":"Aconteceu no Vale","description":"Equipe de reportagem do Aconteceu no Vale, portal de not\u00edcias do Vale do Jequitinhonha, em Minas Gerais. Cobrimos as 51 cidades do Vale desde 2013. Sugest\u00f5es de pauta e pedidos de corre\u00e7\u00e3o: contato@aconteceunovale.com.br","sameAs":["http:\/\/www.aconteceunovale.com.br"],"url":"https:\/\/aconteceunovale.com.br\/portal\/?author=1"}]}},"_links":{"self":[{"href":"https:\/\/aconteceunovale.com.br\/portal\/index.php?rest_route=\/wp\/v2\/posts\/24685","targetHints":{"allow":["GET"]}}],"collection":[{"href":"https:\/\/aconteceunovale.com.br\/portal\/index.php?rest_route=\/wp\/v2\/posts"}],"about":[{"href":"https:\/\/aconteceunovale.com.br\/portal\/index.php?rest_route=\/wp\/v2\/types\/post"}],"author":[{"embeddable":true,"href":"https:\/\/aconteceunovale.com.br\/portal\/index.php?rest_route=\/wp\/v2\/users\/1"}],"replies":[{"embeddable":true,"href":"https:\/\/aconteceunovale.com.br\/portal\/index.php?rest_route=%2Fwp%2Fv2%2Fcomments&post=24685"}],"version-history":[{"count":0,"href":"https:\/\/aconteceunovale.com.br\/portal\/index.php?rest_route=\/wp\/v2\/posts\/24685\/revisions"}],"wp:featuredmedia":[{"embeddable":true,"href":"https:\/\/aconteceunovale.com.br\/portal\/index.php?rest_route=\/wp\/v2\/media\/24686"}],"wp:attachment":[{"href":"https:\/\/aconteceunovale.com.br\/portal\/index.php?rest_route=%2Fwp%2Fv2%2Fmedia&parent=24685"}],"wp:term":[{"taxonomy":"category","embeddable":true,"href":"https:\/\/aconteceunovale.com.br\/portal\/index.php?rest_route=%2Fwp%2Fv2%2Fcategories&post=24685"},{"taxonomy":"post_tag","embeddable":true,"href":"https:\/\/aconteceunovale.com.br\/portal\/index.php?rest_route=%2Fwp%2Fv2%2Ftags&post=24685"}],"curies":[{"name":"wp","href":"https:\/\/api.w.org\/{rel}","templated":true}]}}