{"id":24643,"date":"2014-03-25T22:26:38","date_gmt":"2014-03-26T01:26:38","guid":{"rendered":"http:\/\/aconteceunovale.com.br\/portal\/?p=24643"},"modified":"2014-03-25T22:26:38","modified_gmt":"2014-03-26T01:26:38","slug":"eleicoes-da-apnm-chapa-novo-tempo-visita-vale-do-jequitinhonha-e-mucuri","status":"publish","type":"post","link":"https:\/\/aconteceunovale.com.br\/portal\/?p=24643","title":{"rendered":"ELEI\u00c7\u00d5ES DA APNM: Chapa Novo Tempo visita Vale do Jequitinhonha e Mucuri"},"content":{"rendered":"<p>No \u00faltimo final de semana, a Chapa Novo Tempo, concorrente nas elei\u00e7\u00f5es da APNM \u2013 Associa\u00e7\u00e3o dos Pra\u00e7as do Nordeste Mineiro, esteve visitando v\u00e1rias cidades no Vale do Jequitinhonha e Mucuri. Em mais uma viagem, o Soldado Nathan e sua equipe fizeram novas visitas \u00e0s cidades importantes na regi\u00e3o. Al\u00e9m de discutir assuntos importantes para a classe, fortaleceu a sua base eleitoral para a elei\u00e7\u00e3o.<\/p>\n<p>A CHAPA NOVO TEMPO, esteve em Top\u00e1zio, Novo Oriente de Minas, Pav\u00e3o, \u00c1guas Formosas, Fronteira dos Vales, Joa\u00edma, Jequitinhonha e Almenara.<\/p>\n<p>Na visita, o Soldado Nathan esteve acompanhado dos Sargentos Adailton, Mariotti, Isael, al\u00e9m da blogueira Renata Pimenta, que veio de Belo Horizonte em apoio a Chapa 04 (NOVO TEMPO). Nathan conversou com os policiais militares e familiares, explicitando seus projetos para a Associa\u00e7\u00e3o dos Pra\u00e7as, sendo que eles manifestaram o agradecimento pela aten\u00e7\u00e3o das visitas e reafirmaram o seu compromisso com a CHAPA NOVO TEMPO.<\/p>\n<p>Nathan refor\u00e7ou que seu trabalho tem se pautado por resgatar a APNM, aproximando-a dos associados para que possa voltar a ser uma entidade de fato representativa da classe trabalhadora. \u201cDevemos resgatar nossa entidade, que h\u00e1 10 anos est\u00e1 nas m\u00e3os de um mesmo grupo, que se perpetua e revessa no poder, deixando-a inerte e sem compromisso com nossa representatividade. Nosso grupo tem feito um trabalho h\u00e1 v\u00e1rios anos em prol da classe e nosso maior objetivo \u00e9 consolidar a uni\u00e3o dos pra\u00e7as do nordeste mineiro. \u00c9 uma satisfa\u00e7\u00e3o encontrar com essas pessoas, amigos, e ouvir seus anseios.\u201d<\/p>\n<h3><strong>NOVO ORIENTE DE MINAS e PAV\u00c3O<\/strong><\/h3>\n<p>Sob os olhares atentos dos militares dos destacamentos, o Soldado Nathan e o Sargento Adailton Gusm\u00e3o discursaram sobre os projetos da chapa e da import\u00e2ncia de uma representa\u00e7\u00e3o forte. O Sargento Eder Machado, comandante da cidade, al\u00e9m de apoiar, faz parte da CHAPA NOVO TEMPO como Diretor Jur\u00eddico. \u201cEscolhi estar ao lado do Nathan devido ter bons projetos e pactuarmos dos mesmo pensamentos, o momento \u00e9 de mudan\u00e7a.\u201d Frisou o Sargento.<\/p>\n<h3><strong>ALMENARA<\/strong><\/h3>\n<p>Reunidos com cerca de oitenta pessoas, entre militares, policiais civis e familiares, os integrantes da CHAPA NOVO TEMPO e Renata do Blog ouviram atentos as demandas de todos e avaliaram com satisfa\u00e7\u00e3o o encontro. \u201c\u00c9 a primeira vez que a Renata Pimenta esteve em nossa cidade e gostaria de agradece-la pela presen\u00e7a, al\u00e9m de ser grato a Nathan por ter trazido ela at\u00e9 nosso vale, precisamos ser mais ouvidos e vistos pelo Estado. Por isso aceitei o desafio e apoio a chapa NOVO TEMPO e tenho certeza que \u00e9 a melhor equipe para conduzir nossa entidade\u201d Salientou o Soldado Anderson.<\/p>\n<h3><strong>GALERIA DE FOTOS:<\/strong><\/h3>\n<p><img decoding=\"async\" src=\"http:\/\/aconteceunovale.com.br\/portal\/wp-content\/uploads\/2014\/03\/visita_novo_tempo_1.jpg\" alt=\"\" \/><br \/>\n<div id='gallery-1' class='gallery galleryid-24643 gallery-columns-5 gallery-size-thumbnail'><figure class='gallery-item'>\n\t\t\t<div class='gallery-icon landscape'>\n\t\t\t\t<a href='https:\/\/aconteceunovale.com.br\/portal\/wp-content\/uploads\/2014\/03\/visita_novo_tempo_1.jpg'><img loading=\"lazy\" decoding=\"async\" width=\"150\" height=\"150\" src=\"https:\/\/aconteceunovale.com.br\/portal\/wp-content\/uploads\/2014\/03\/visita_novo_tempo_1-150x150.jpg\" class=\"attachment-thumbnail size-thumbnail\" alt=\"\" \/><\/a>\n\t\t\t<\/div><\/figure><figure class='gallery-item'>\n\t\t\t<div class='gallery-icon landscape'>\n\t\t\t\t<a href='https:\/\/aconteceunovale.com.br\/portal\/wp-content\/uploads\/2014\/03\/visita_novo_tempo_2.jpg'><img loading=\"lazy\" decoding=\"async\" width=\"150\" height=\"150\" src=\"https:\/\/aconteceunovale.com.br\/portal\/wp-content\/uploads\/2014\/03\/visita_novo_tempo_2-150x150.jpg\" class=\"attachment-thumbnail size-thumbnail\" alt=\"\" \/><\/a>\n\t\t\t<\/div><\/figure><figure class='gallery-item'>\n\t\t\t<div class='gallery-icon landscape'>\n\t\t\t\t<a href='https:\/\/aconteceunovale.com.br\/portal\/wp-content\/uploads\/2014\/03\/visita_novo_tempo_3.jpg'><img loading=\"lazy\" decoding=\"async\" width=\"150\" height=\"150\" src=\"https:\/\/aconteceunovale.com.br\/portal\/wp-content\/uploads\/2014\/03\/visita_novo_tempo_3-150x150.jpg\" class=\"attachment-thumbnail size-thumbnail\" alt=\"\" \/><\/a>\n\t\t\t<\/div><\/figure><figure class='gallery-item'>\n\t\t\t<div class='gallery-icon landscape'>\n\t\t\t\t<a href='https:\/\/aconteceunovale.com.br\/portal\/wp-content\/uploads\/2014\/03\/visita_novo_tempo_4.jpg'><img loading=\"lazy\" decoding=\"async\" width=\"150\" height=\"150\" src=\"https:\/\/aconteceunovale.com.br\/portal\/wp-content\/uploads\/2014\/03\/visita_novo_tempo_4-150x150.jpg\" class=\"attachment-thumbnail size-thumbnail\" alt=\"\" \/><\/a>\n\t\t\t<\/div><\/figure><figure class='gallery-item'>\n\t\t\t<div class='gallery-icon landscape'>\n\t\t\t\t<a href='https:\/\/aconteceunovale.com.br\/portal\/wp-content\/uploads\/2014\/03\/visita_novo_tempo_5.jpg'><img loading=\"lazy\" decoding=\"async\" width=\"150\" height=\"150\" src=\"https:\/\/aconteceunovale.com.br\/portal\/wp-content\/uploads\/2014\/03\/visita_novo_tempo_5-150x150.jpg\" class=\"attachment-thumbnail size-thumbnail\" alt=\"\" \/><\/a>\n\t\t\t<\/div><\/figure><figure class='gallery-item'>\n\t\t\t<div class='gallery-icon landscape'>\n\t\t\t\t<a href='https:\/\/aconteceunovale.com.br\/portal\/wp-content\/uploads\/2014\/03\/visita_novo_tempo_6.jpg'><img loading=\"lazy\" decoding=\"async\" width=\"150\" height=\"150\" src=\"https:\/\/aconteceunovale.com.br\/portal\/wp-content\/uploads\/2014\/03\/visita_novo_tempo_6-150x150.jpg\" class=\"attachment-thumbnail size-thumbnail\" alt=\"\" \/><\/a>\n\t\t\t<\/div><\/figure><figure class='gallery-item'>\n\t\t\t<div class='gallery-icon landscape'>\n\t\t\t\t<a href='https:\/\/aconteceunovale.com.br\/portal\/wp-content\/uploads\/2014\/03\/visita_novo_tempo_7.jpg'><img loading=\"lazy\" decoding=\"async\" width=\"150\" height=\"150\" src=\"https:\/\/aconteceunovale.com.br\/portal\/wp-content\/uploads\/2014\/03\/visita_novo_tempo_7-150x150.jpg\" class=\"attachment-thumbnail size-thumbnail\" alt=\"\" \/><\/a>\n\t\t\t<\/div><\/figure><figure class='gallery-item'>\n\t\t\t<div class='gallery-icon landscape'>\n\t\t\t\t<a href='https:\/\/aconteceunovale.com.br\/portal\/wp-content\/uploads\/2014\/03\/visita_novo_tempo_8.jpg'><img loading=\"lazy\" decoding=\"async\" width=\"150\" height=\"150\" src=\"https:\/\/aconteceunovale.com.br\/portal\/wp-content\/uploads\/2014\/03\/visita_novo_tempo_8-150x150.jpg\" class=\"attachment-thumbnail size-thumbnail\" alt=\"\" \/><\/a>\n\t\t\t<\/div><\/figure><figure class='gallery-item'>\n\t\t\t<div class='gallery-icon landscape'>\n\t\t\t\t<a href='https:\/\/aconteceunovale.com.br\/portal\/wp-content\/uploads\/2014\/03\/visita_novo_tempo_9.jpg'><img loading=\"lazy\" decoding=\"async\" width=\"150\" height=\"150\" src=\"https:\/\/aconteceunovale.com.br\/portal\/wp-content\/uploads\/2014\/03\/visita_novo_tempo_9-150x150.jpg\" class=\"attachment-thumbnail size-thumbnail\" alt=\"\" \/><\/a>\n\t\t\t<\/div><\/figure><figure class='gallery-item'>\n\t\t\t<div class='gallery-icon landscape'>\n\t\t\t\t<a href='https:\/\/aconteceunovale.com.br\/portal\/wp-content\/uploads\/2014\/03\/visita_novo_tempo_10.jpg'><img loading=\"lazy\" decoding=\"async\" width=\"150\" height=\"150\" src=\"https:\/\/aconteceunovale.com.br\/portal\/wp-content\/uploads\/2014\/03\/visita_novo_tempo_10-150x150.jpg\" class=\"attachment-thumbnail size-thumbnail\" alt=\"\" \/><\/a>\n\t\t\t<\/div><\/figure>\n\t\t<\/div>\n<\/p>\n","protected":false},"excerpt":{"rendered":"<p>No \u00faltimo final de semana, a Chapa Novo Tempo, concorrente nas elei\u00e7\u00f5es da APNM \u2013 Associa\u00e7\u00e3o dos Pra\u00e7as do Nordeste Mineiro, esteve visitando v\u00e1rias cidades no Vale do Jequitinhonha e Mucuri. Em mais uma viagem, o Soldado Nathan e sua equipe fizeram novas visitas \u00e0s cidades importantes na regi\u00e3o. Al\u00e9m de discutir assuntos importantes para [&hellip;]<\/p>\n","protected":false},"author":1,"featured_media":24644,"comment_status":"open","ping_status":"closed","sticky":false,"template":"","format":"standard","meta":{"amp_status":"","footnotes":""},"categories":[122],"tags":[5953,1018,5954,5955],"class_list":["post-24643","post","type-post","status-publish","format-standard","has-post-thumbnail","hentry","category-mucuri","tag-chapa-novo-tempo-visita-vale-do-jequitinhonha-e-mucuri","tag-destaque","tag-eleicoes-da-apnm","tag-eleicoes-da-associacao-dos-pracas-do-nordeste-mineiro"],"yoast_head":"<!-- This site is optimized with the Yoast SEO plugin v28.3 - https:\/\/yoast.com\/product\/yoast-seo-wordpress\/ -->\n<title>ELEI\u00c7\u00d5ES DA APNM: Chapa Novo Tempo visita Vale do Jequitinhonha e Mucuri - Aconteceu no Vale<\/title>\n<meta name=\"robots\" content=\"index, follow, max-snippet:-1, max-image-preview:large, max-video-preview:-1\" \/>\n<link rel=\"canonical\" href=\"https:\/\/aconteceunovale.com.br\/portal\/?p=24643\" \/>\n<meta property=\"og:locale\" content=\"pt_BR\" \/>\n<meta property=\"og:type\" content=\"article\" \/>\n<meta property=\"og:title\" content=\"ELEI\u00c7\u00d5ES DA APNM: Chapa Novo Tempo visita Vale do Jequitinhonha e Mucuri - Aconteceu no Vale\" \/>\n<meta property=\"og:description\" content=\"No \u00faltimo final de semana, a Chapa Novo Tempo, concorrente nas elei\u00e7\u00f5es da APNM \u2013 Associa\u00e7\u00e3o dos Pra\u00e7as do Nordeste Mineiro, esteve visitando v\u00e1rias cidades no Vale do Jequitinhonha e Mucuri. Em mais uma viagem, o Soldado Nathan e sua equipe fizeram novas visitas \u00e0s cidades importantes na regi\u00e3o. Al\u00e9m de discutir assuntos importantes para [&hellip;]\" \/>\n<meta property=\"og:url\" content=\"https:\/\/aconteceunovale.com.br\/portal\/?p=24643\" \/>\n<meta property=\"og:site_name\" content=\"Aconteceu no Vale\" \/>\n<meta property=\"article:publisher\" content=\"https:\/\/www.facebook.com\/aconteceunovale\/\" \/>\n<meta property=\"article:published_time\" content=\"2014-03-26T01:26:38+00:00\" \/>\n<meta property=\"og:image\" content=\"https:\/\/aconteceunovale.com.br\/portal\/wp-content\/uploads\/2014\/03\/visita_novo_tempo_1.jpg\" \/>\n\t<meta property=\"og:image:width\" content=\"678\" \/>\n\t<meta property=\"og:image:height\" content=\"433\" \/>\n\t<meta property=\"og:image:type\" content=\"image\/jpeg\" \/>\n<meta name=\"author\" content=\"Aconteceu no Vale\" \/>\n<meta name=\"twitter:card\" content=\"summary_large_image\" \/>\n<meta name=\"twitter:creator\" content=\"@noticiadosvales\" \/>\n<meta name=\"twitter:site\" content=\"@noticiadosvales\" \/>\n<meta name=\"twitter:label1\" content=\"Escrito por\" \/>\n\t<meta name=\"twitter:data1\" content=\"Aconteceu no Vale\" \/>\n\t<meta name=\"twitter:label2\" content=\"Est. tempo de leitura\" \/>\n\t<meta name=\"twitter:data2\" content=\"2 minutos\" \/>\n<script type=\"application\/ld+json\" class=\"yoast-schema-graph\">{\"@context\":\"https:\\\/\\\/schema.org\",\"@graph\":[{\"@type\":\"Article\",\"@id\":\"https:\\\/\\\/aconteceunovale.com.br\\\/portal\\\/?p=24643#article\",\"isPartOf\":{\"@id\":\"https:\\\/\\\/aconteceunovale.com.br\\\/portal\\\/?p=24643\"},\"author\":{\"name\":\"Aconteceu no Vale\",\"@id\":\"https:\\\/\\\/aconteceunovale.com.br\\\/portal\\\/#\\\/schema\\\/person\\\/633529146f2c94272bef50ac2953d589\"},\"headline\":\"ELEI\u00c7\u00d5ES DA APNM: Chapa Novo Tempo visita Vale do Jequitinhonha e Mucuri\",\"datePublished\":\"2014-03-26T01:26:38+00:00\",\"mainEntityOfPage\":{\"@id\":\"https:\\\/\\\/aconteceunovale.com.br\\\/portal\\\/?p=24643\"},\"wordCount\":469,\"commentCount\":0,\"image\":{\"@id\":\"https:\\\/\\\/aconteceunovale.com.br\\\/portal\\\/?p=24643#primaryimage\"},\"thumbnailUrl\":\"https:\\\/\\\/aconteceunovale.com.br\\\/portal\\\/wp-content\\\/uploads\\\/2014\\\/03\\\/visita_novo_tempo_1.jpg\",\"keywords\":[\"Chapa Novo Tempo visita Vale do Jequitinhonha e Mucuri\",\"destaque\",\"Elei\u00e7\u00f5es da APNM\",\"elei\u00e7\u00f5es da Associa\u00e7\u00e3o dos Pra\u00e7as do Nordeste Mineiro\"],\"articleSection\":[\"Vale do Mucuri\"],\"inLanguage\":\"pt-BR\",\"potentialAction\":[{\"@type\":\"CommentAction\",\"name\":\"Comment\",\"target\":[\"https:\\\/\\\/aconteceunovale.com.br\\\/portal\\\/?p=24643#respond\"]}]},{\"@type\":\"WebPage\",\"@id\":\"https:\\\/\\\/aconteceunovale.com.br\\\/portal\\\/?p=24643\",\"url\":\"https:\\\/\\\/aconteceunovale.com.br\\\/portal\\\/?p=24643\",\"name\":\"ELEI\u00c7\u00d5ES DA APNM: Chapa Novo Tempo visita Vale do Jequitinhonha e Mucuri - Aconteceu no Vale\",\"isPartOf\":{\"@id\":\"https:\\\/\\\/aconteceunovale.com.br\\\/portal\\\/#website\"},\"primaryImageOfPage\":{\"@id\":\"https:\\\/\\\/aconteceunovale.com.br\\\/portal\\\/?p=24643#primaryimage\"},\"image\":{\"@id\":\"https:\\\/\\\/aconteceunovale.com.br\\\/portal\\\/?p=24643#primaryimage\"},\"thumbnailUrl\":\"https:\\\/\\\/aconteceunovale.com.br\\\/portal\\\/wp-content\\\/uploads\\\/2014\\\/03\\\/visita_novo_tempo_1.jpg\",\"datePublished\":\"2014-03-26T01:26:38+00:00\",\"author\":{\"@id\":\"https:\\\/\\\/aconteceunovale.com.br\\\/portal\\\/#\\\/schema\\\/person\\\/633529146f2c94272bef50ac2953d589\"},\"breadcrumb\":{\"@id\":\"https:\\\/\\\/aconteceunovale.com.br\\\/portal\\\/?p=24643#breadcrumb\"},\"inLanguage\":\"pt-BR\",\"potentialAction\":[{\"@type\":\"ReadAction\",\"target\":[\"https:\\\/\\\/aconteceunovale.com.br\\\/portal\\\/?p=24643\"]}]},{\"@type\":\"ImageObject\",\"inLanguage\":\"pt-BR\",\"@id\":\"https:\\\/\\\/aconteceunovale.com.br\\\/portal\\\/?p=24643#primaryimage\",\"url\":\"https:\\\/\\\/aconteceunovale.com.br\\\/portal\\\/wp-content\\\/uploads\\\/2014\\\/03\\\/visita_novo_tempo_1.jpg\",\"contentUrl\":\"https:\\\/\\\/aconteceunovale.com.br\\\/portal\\\/wp-content\\\/uploads\\\/2014\\\/03\\\/visita_novo_tempo_1.jpg\",\"width\":678,\"height\":433},{\"@type\":\"BreadcrumbList\",\"@id\":\"https:\\\/\\\/aconteceunovale.com.br\\\/portal\\\/?p=24643#breadcrumb\",\"itemListElement\":[{\"@type\":\"ListItem\",\"position\":1,\"name\":\"In\u00edcio\",\"item\":\"https:\\\/\\\/aconteceunovale.com.br\\\/portal\\\/\"},{\"@type\":\"ListItem\",\"position\":2,\"name\":\"ELEI\u00c7\u00d5ES DA APNM: Chapa Novo Tempo visita Vale do Jequitinhonha e Mucuri\"}]},{\"@type\":\"WebSite\",\"@id\":\"https:\\\/\\\/aconteceunovale.com.br\\\/portal\\\/#website\",\"url\":\"https:\\\/\\\/aconteceunovale.com.br\\\/portal\\\/\",\"name\":\"Aconteceu no Vale\",\"description\":\"Portal de Not\u00edcias\",\"potentialAction\":[{\"@type\":\"SearchAction\",\"target\":{\"@type\":\"EntryPoint\",\"urlTemplate\":\"https:\\\/\\\/aconteceunovale.com.br\\\/portal\\\/?s={search_term_string}\"},\"query-input\":{\"@type\":\"PropertyValueSpecification\",\"valueRequired\":true,\"valueName\":\"search_term_string\"}}],\"inLanguage\":\"pt-BR\"},{\"@type\":\"Person\",\"@id\":\"https:\\\/\\\/aconteceunovale.com.br\\\/portal\\\/#\\\/schema\\\/person\\\/633529146f2c94272bef50ac2953d589\",\"name\":\"Aconteceu no Vale\",\"description\":\"Equipe de reportagem do Aconteceu no Vale, portal de not\u00edcias do Vale do Jequitinhonha, em Minas Gerais. Cobrimos as 51 cidades do Vale desde 2013. Sugest\u00f5es de pauta e pedidos de corre\u00e7\u00e3o: contato@aconteceunovale.com.br\",\"sameAs\":[\"http:\\\/\\\/www.aconteceunovale.com.br\"],\"url\":\"https:\\\/\\\/aconteceunovale.com.br\\\/portal\\\/?author=1\"}]}<\/script>\n<!-- \/ Yoast SEO plugin. -->","yoast_head_json":{"title":"ELEI\u00c7\u00d5ES DA APNM: Chapa Novo Tempo visita Vale do Jequitinhonha e Mucuri - Aconteceu no Vale","robots":{"index":"index","follow":"follow","max-snippet":"max-snippet:-1","max-image-preview":"max-image-preview:large","max-video-preview":"max-video-preview:-1"},"canonical":"https:\/\/aconteceunovale.com.br\/portal\/?p=24643","og_locale":"pt_BR","og_type":"article","og_title":"ELEI\u00c7\u00d5ES DA APNM: Chapa Novo Tempo visita Vale do Jequitinhonha e Mucuri - Aconteceu no Vale","og_description":"No \u00faltimo final de semana, a Chapa Novo Tempo, concorrente nas elei\u00e7\u00f5es da APNM \u2013 Associa\u00e7\u00e3o dos Pra\u00e7as do Nordeste Mineiro, esteve visitando v\u00e1rias cidades no Vale do Jequitinhonha e Mucuri. Em mais uma viagem, o Soldado Nathan e sua equipe fizeram novas visitas \u00e0s cidades importantes na regi\u00e3o. Al\u00e9m de discutir assuntos importantes para [&hellip;]","og_url":"https:\/\/aconteceunovale.com.br\/portal\/?p=24643","og_site_name":"Aconteceu no Vale","article_publisher":"https:\/\/www.facebook.com\/aconteceunovale\/","article_published_time":"2014-03-26T01:26:38+00:00","og_image":[{"width":678,"height":433,"url":"https:\/\/aconteceunovale.com.br\/portal\/wp-content\/uploads\/2014\/03\/visita_novo_tempo_1.jpg","type":"image\/jpeg"}],"author":"Aconteceu no Vale","twitter_card":"summary_large_image","twitter_creator":"@noticiadosvales","twitter_site":"@noticiadosvales","twitter_misc":{"Escrito por":"Aconteceu no Vale","Est. tempo de leitura":"2 minutos"},"schema":{"@context":"https:\/\/schema.org","@graph":[{"@type":"Article","@id":"https:\/\/aconteceunovale.com.br\/portal\/?p=24643#article","isPartOf":{"@id":"https:\/\/aconteceunovale.com.br\/portal\/?p=24643"},"author":{"name":"Aconteceu no Vale","@id":"https:\/\/aconteceunovale.com.br\/portal\/#\/schema\/person\/633529146f2c94272bef50ac2953d589"},"headline":"ELEI\u00c7\u00d5ES DA APNM: Chapa Novo Tempo visita Vale do Jequitinhonha e Mucuri","datePublished":"2014-03-26T01:26:38+00:00","mainEntityOfPage":{"@id":"https:\/\/aconteceunovale.com.br\/portal\/?p=24643"},"wordCount":469,"commentCount":0,"image":{"@id":"https:\/\/aconteceunovale.com.br\/portal\/?p=24643#primaryimage"},"thumbnailUrl":"https:\/\/aconteceunovale.com.br\/portal\/wp-content\/uploads\/2014\/03\/visita_novo_tempo_1.jpg","keywords":["Chapa Novo Tempo visita Vale do Jequitinhonha e Mucuri","destaque","Elei\u00e7\u00f5es da APNM","elei\u00e7\u00f5es da Associa\u00e7\u00e3o dos Pra\u00e7as do Nordeste Mineiro"],"articleSection":["Vale do Mucuri"],"inLanguage":"pt-BR","potentialAction":[{"@type":"CommentAction","name":"Comment","target":["https:\/\/aconteceunovale.com.br\/portal\/?p=24643#respond"]}]},{"@type":"WebPage","@id":"https:\/\/aconteceunovale.com.br\/portal\/?p=24643","url":"https:\/\/aconteceunovale.com.br\/portal\/?p=24643","name":"ELEI\u00c7\u00d5ES DA APNM: Chapa Novo Tempo visita Vale do Jequitinhonha e Mucuri - Aconteceu no Vale","isPartOf":{"@id":"https:\/\/aconteceunovale.com.br\/portal\/#website"},"primaryImageOfPage":{"@id":"https:\/\/aconteceunovale.com.br\/portal\/?p=24643#primaryimage"},"image":{"@id":"https:\/\/aconteceunovale.com.br\/portal\/?p=24643#primaryimage"},"thumbnailUrl":"https:\/\/aconteceunovale.com.br\/portal\/wp-content\/uploads\/2014\/03\/visita_novo_tempo_1.jpg","datePublished":"2014-03-26T01:26:38+00:00","author":{"@id":"https:\/\/aconteceunovale.com.br\/portal\/#\/schema\/person\/633529146f2c94272bef50ac2953d589"},"breadcrumb":{"@id":"https:\/\/aconteceunovale.com.br\/portal\/?p=24643#breadcrumb"},"inLanguage":"pt-BR","potentialAction":[{"@type":"ReadAction","target":["https:\/\/aconteceunovale.com.br\/portal\/?p=24643"]}]},{"@type":"ImageObject","inLanguage":"pt-BR","@id":"https:\/\/aconteceunovale.com.br\/portal\/?p=24643#primaryimage","url":"https:\/\/aconteceunovale.com.br\/portal\/wp-content\/uploads\/2014\/03\/visita_novo_tempo_1.jpg","contentUrl":"https:\/\/aconteceunovale.com.br\/portal\/wp-content\/uploads\/2014\/03\/visita_novo_tempo_1.jpg","width":678,"height":433},{"@type":"BreadcrumbList","@id":"https:\/\/aconteceunovale.com.br\/portal\/?p=24643#breadcrumb","itemListElement":[{"@type":"ListItem","position":1,"name":"In\u00edcio","item":"https:\/\/aconteceunovale.com.br\/portal\/"},{"@type":"ListItem","position":2,"name":"ELEI\u00c7\u00d5ES DA APNM: Chapa Novo Tempo visita Vale do Jequitinhonha e Mucuri"}]},{"@type":"WebSite","@id":"https:\/\/aconteceunovale.com.br\/portal\/#website","url":"https:\/\/aconteceunovale.com.br\/portal\/","name":"Aconteceu no Vale","description":"Portal de Not\u00edcias","potentialAction":[{"@type":"SearchAction","target":{"@type":"EntryPoint","urlTemplate":"https:\/\/aconteceunovale.com.br\/portal\/?s={search_term_string}"},"query-input":{"@type":"PropertyValueSpecification","valueRequired":true,"valueName":"search_term_string"}}],"inLanguage":"pt-BR"},{"@type":"Person","@id":"https:\/\/aconteceunovale.com.br\/portal\/#\/schema\/person\/633529146f2c94272bef50ac2953d589","name":"Aconteceu no Vale","description":"Equipe de reportagem do Aconteceu no Vale, portal de not\u00edcias do Vale do Jequitinhonha, em Minas Gerais. Cobrimos as 51 cidades do Vale desde 2013. Sugest\u00f5es de pauta e pedidos de corre\u00e7\u00e3o: contato@aconteceunovale.com.br","sameAs":["http:\/\/www.aconteceunovale.com.br"],"url":"https:\/\/aconteceunovale.com.br\/portal\/?author=1"}]}},"_links":{"self":[{"href":"https:\/\/aconteceunovale.com.br\/portal\/index.php?rest_route=\/wp\/v2\/posts\/24643","targetHints":{"allow":["GET"]}}],"collection":[{"href":"https:\/\/aconteceunovale.com.br\/portal\/index.php?rest_route=\/wp\/v2\/posts"}],"about":[{"href":"https:\/\/aconteceunovale.com.br\/portal\/index.php?rest_route=\/wp\/v2\/types\/post"}],"author":[{"embeddable":true,"href":"https:\/\/aconteceunovale.com.br\/portal\/index.php?rest_route=\/wp\/v2\/users\/1"}],"replies":[{"embeddable":true,"href":"https:\/\/aconteceunovale.com.br\/portal\/index.php?rest_route=%2Fwp%2Fv2%2Fcomments&post=24643"}],"version-history":[{"count":0,"href":"https:\/\/aconteceunovale.com.br\/portal\/index.php?rest_route=\/wp\/v2\/posts\/24643\/revisions"}],"wp:featuredmedia":[{"embeddable":true,"href":"https:\/\/aconteceunovale.com.br\/portal\/index.php?rest_route=\/wp\/v2\/media\/24644"}],"wp:attachment":[{"href":"https:\/\/aconteceunovale.com.br\/portal\/index.php?rest_route=%2Fwp%2Fv2%2Fmedia&parent=24643"}],"wp:term":[{"taxonomy":"category","embeddable":true,"href":"https:\/\/aconteceunovale.com.br\/portal\/index.php?rest_route=%2Fwp%2Fv2%2Fcategories&post=24643"},{"taxonomy":"post_tag","embeddable":true,"href":"https:\/\/aconteceunovale.com.br\/portal\/index.php?rest_route=%2Fwp%2Fv2%2Ftags&post=24643"}],"curies":[{"name":"wp","href":"https:\/\/api.w.org\/{rel}","templated":true}]}}