{"id":24637,"date":"2014-03-25T21:43:30","date_gmt":"2014-03-26T00:43:30","guid":{"rendered":"http:\/\/aconteceunovale.com.br\/portal\/?p=24637"},"modified":"2014-03-25T21:43:30","modified_gmt":"2014-03-26T00:43:30","slug":"camara-dos-deputados-aprova-marco-civil-da-internet","status":"publish","type":"post","link":"https:\/\/aconteceunovale.com.br\/portal\/?p=24637","title":{"rendered":"C\u00e2mara dos Deputados aprova Marco Civil da Internet"},"content":{"rendered":"<p>Ap\u00f3s cinco meses de pol\u00eamica e intensos debates, a C\u00e2mara aprovou hoje (25) o projeto do Marco Civil da Internet (PL 2126\/11). Os deputados aprovaram o texto em vota\u00e7\u00e3o simb\u00f3lica. Desde 28 de outubro de 2013, o projeto passou a trancar a pauta da C\u00e2mara.<\/p>\n<p><img decoding=\"async\" src=\"http:\/\/aconteceunovale.com.br\/portal\/wp-content\/uploads\/2014\/03\/marco_civil_aprovado_na_camara.jpg\" alt=\"\" \/><br \/>\n<em>(Foto: Gustavo Lima\/C\u00e2mara)<\/em><\/p>\n<p>O projeto define os direitos e deveres de usu\u00e1rios e provedores de servi\u00e7os de conex\u00e3o e aplicativos na internet. A aprova\u00e7\u00e3o abre caminho para que os internautas brasileiros possam ter garantido o direito \u00e0 privacidade e \u00e0 n\u00e3o discrimina\u00e7\u00e3o do tr\u00e1fego de conte\u00fados. O texto agora segue para o Senado e, caso seja aprovado l\u00e1 tamb\u00e9m, dever\u00e1 ir para san\u00e7\u00e3o presidencial.<\/p>\n<p>\u201cHoje em dia precisamos de lei para proteger a ess\u00eancia da internet que est\u00e1 amea\u00e7ada por praticadas de mercado e, at\u00e9 mesmo, de governo. Assim, precisamos garantir regras para que a liberdade na rede seja garantida&#8221;, disse o relator do projeto deputado Alessandro Molon (PT-RJ).<\/p>\n<p>Antes da vota\u00e7\u00e3o, um grupo de manifestantes entregou ao presidente da C\u00e2mara dos Deputados, Henrique Eduardo Alves (PMDB-RN), uma peti\u00e7\u00e3o com mais de 340 mil assinaturas a favor do Marco Civil da Internet. Na ocasi\u00e3o, Alves disse que o projeto j\u00e1 estava &#8220;amadurecido&#8221; para ir \u00e0 vota\u00e7\u00e3o.<\/p>\n<p>Entre os principais pontos da proposta est\u00e3o: a garantia do direito \u00e0 privacidade dos usu\u00e1rios, especialmente \u00e0 inviolabilidade e ao sigilo de suas comunica\u00e7\u00f5es pela internet. Atualmente, as informa\u00e7\u00f5es s\u00e3o usadas livremente por empresas que vendem esses dados para o setores de marketing ou vendas.<\/p>\n<p>Agora, os provedores n\u00e3o poder\u00e3o fornecer a terceiros as informa\u00e7\u00f5es dos usu\u00e1rios, a n\u00e3o ser que haja consentimento do internauta; os registros constantes de sites de buscas, os e-mails, entre outros dados, s\u00f3 poder\u00e3o ser armazenados por seis meses. O projeto tamb\u00e9m define os casos em que a Justi\u00e7a pode requisitar registros de acesso \u00e0 rede e a comunica\u00e7\u00f5es de usu\u00e1rios.<\/p>\n<p>De acordo com o texto, as empresas n\u00e3o v\u00e3o poder limitar o acesso a certos conte\u00fados ou cobrar pre\u00e7os diferenciados para cada tipo de servi\u00e7o prestado.<\/p>\n<p>Antes da vota\u00e7\u00e3o, o governo recuou e aceitou alterar alguns pontos considerados pol\u00eamicos por parlamentares da oposi\u00e7\u00e3o e da base aliada. O principal deles \u00e9 o princ\u00edpio da neutralidade de rede que assegura a n\u00e3o discrimina\u00e7\u00e3o do tr\u00e1fego de conte\u00fados. Ap\u00f3s negocia\u00e7\u00e3o os deputados acordaram que a regulamenta\u00e7\u00e3o deste trecho da lei caber\u00e1 a um decreto da Presid\u00eancia da Rep\u00fablica, depois de consulta \u00e0 Ag\u00eancia Nacional de Telecomunica\u00e7\u00f5es (Anatel) e ao Comit\u00ea Gestor da Internet no Brasil (CGI)<\/p>\n<p>Tamb\u00e9m caiu a obrigatoriedade das empresas provedoras de conex\u00e3o e aplica\u00e7\u00f5es de internet manterem em territ\u00f3rio nacional estrutura de armazenamento de dados, os chamados datacenters.<\/p>\n<p>A obrigatoriedade havia sido inclu\u00edda ap\u00f3s as den\u00fancias de espionagem do governo brasileiro, por parte dos Estados Unidos, revelados pelo ex-consultor que prestava servi\u00e7os \u00e0 Ag\u00eancia Nacional de Seguran\u00e7a (NSA, na sigla em ingl\u00eas) norte-americana, Edward Snowden. Como forma de puni\u00e7\u00e3o para a viola\u00e7\u00e3o das comunica\u00e7\u00f5es, ficou assegurado no texto que dever\u00e1 ser \u201cobrigatoriamente respeitada a legisla\u00e7\u00e3o brasileira\u201d.<\/p>\n<p>\u201cFelizmente, o governo recuou e o relator acatou a sugest\u00e3o da oposi\u00e7\u00e3o e retirou do texto a obrigatoriedade de datacenters no territ\u00f3rio brasileiro\u201d, disse o l\u00edder do DEM, Mendon\u00e7a Filho (PE).<\/p>\n<p>Outro ponto do projeto \u00e9 o que isenta os provedores de conex\u00e3o \u00e0 internet de serem responsabilizados civilmente por danos decorrentes de conte\u00fados gerados por terceiros. Isso s\u00f3 ocorrer\u00e1 se, ap\u00f3s ordem judicial espec\u00edfica, o provedor n\u00e3o tomar as provid\u00eancias para retirar o conte\u00fado da rede.<\/p>\n<p>Nesses casos, o projeto determina que a retirada de material com cenas de sexo ou nudez deve ocorrer a partir de apresenta\u00e7\u00e3o pela pessoa v\u00edtima da viola\u00e7\u00e3o de intimidade e n\u00e3o pelo ofendido, o que poderia dar interpreta\u00e7\u00e3o de que qualquer pessoa ofendida poderia pedir a retirada do material. Agora, a retirada dever\u00e1 ser feita a partir de ordem judicial.<\/p>\n<p>Al\u00e9m disso, o relator tamb\u00e9m incluiu um artigo para prever que os pais possam escolher e usar programas de controle na internet para evitar o acesso de crian\u00e7as e adolescentes a conte\u00fado inadequado para a idade. \u201cO usu\u00e1rio ter\u00e1 a op\u00e7\u00e3o de livre escolha da utiliza\u00e7\u00e3o de controle parental em seu terminal e caber\u00e1 ao Poder P\u00fablico em conjunto com os provedores de conex\u00e3o a defini\u00e7\u00e3o de aplicativos para realizar este controle e a defini\u00e7\u00e3o de boas pr\u00e1ticas de inclus\u00e3o digital de crian\u00e7as e adolescentes\u201d, discursou Molon.<\/p>\n<p>Ap\u00f3s diversas negocia\u00e7\u00f5es, o governo conseguiu com que os partidos contr\u00e1rios ao marco civil mudassem de ideia. O PPS foi o \u00fanico partido que votou contra o projeto. O PMDB que era contra a proposta, mudou de opini\u00e3o e defendeu a aprova\u00e7\u00e3o. &#8220;Continuo com uma parte do receio de que a internet chegou onde chegou por falta de regula\u00e7\u00e3o&#8221;, disse o l\u00edder do partido na Casa, Eduardo Cunha (RJ), que justificou a mudan\u00e7a de postura como fruto de negocia\u00e7\u00f5es do governo e da altera\u00e7\u00e3o de pontos considerados pol\u00eamicos no texto.  &#8220;O PMDB vai se posicionar favoravelmente ao projeto&#8221;, completou.<\/p>\n<p>A aprova\u00e7\u00e3o do Marco Civil da Internet foi vista como uma vit\u00f3ria pelo l\u00edder do governo na C\u00e2mara, Arlindo Chinaglia (PT-SP). &#8220;Eu acho que \u00e9 uma vit\u00f3ria porque n\u00f3s vivemos momentos variados, o m\u00ednimo que eu posso dizer sobre esta mat\u00e9ria \u00e9 que houve tens\u00f5es. A paci\u00eancia e determina\u00e7\u00e3o em buscar atrav\u00e9s de um di\u00e1logo independente de quem quer que seja, isso \u00e9 uma grande vit\u00f3ria&#8221;, disse Chinaglia. (Ag\u00eancia Brasil)<\/p>\n","protected":false},"excerpt":{"rendered":"<p>Ap\u00f3s cinco meses de pol\u00eamica e intensos debates, a C\u00e2mara aprovou hoje (25) o projeto do Marco Civil da Internet (PL 2126\/11). Os deputados aprovaram o texto em vota\u00e7\u00e3o simb\u00f3lica. Desde 28 de outubro de 2013, o projeto passou a trancar a pauta da C\u00e2mara. (Foto: Gustavo Lima\/C\u00e2mara) O projeto define os direitos e deveres [&hellip;]<\/p>\n","protected":false},"author":1,"featured_media":24638,"comment_status":"open","ping_status":"closed","sticky":false,"template":"","format":"standard","meta":{"amp_status":"","footnotes":""},"categories":[6],"tags":[5952,1018,5598],"class_list":["post-24637","post","type-post","status-publish","format-standard","has-post-thumbnail","hentry","category-br","tag-camara-dos-deputados-aprova-marco-civil-da-internet","tag-destaque","tag-marco-civil-da-internet"],"yoast_head":"<!-- This site is optimized with the Yoast SEO plugin v28.3 - https:\/\/yoast.com\/product\/yoast-seo-wordpress\/ -->\n<title>C\u00e2mara dos Deputados aprova Marco Civil da Internet - Aconteceu no Vale<\/title>\n<meta name=\"robots\" content=\"index, follow, max-snippet:-1, max-image-preview:large, max-video-preview:-1\" \/>\n<link rel=\"canonical\" href=\"https:\/\/aconteceunovale.com.br\/portal\/?p=24637\" \/>\n<meta property=\"og:locale\" content=\"pt_BR\" \/>\n<meta property=\"og:type\" content=\"article\" \/>\n<meta property=\"og:title\" content=\"C\u00e2mara dos Deputados aprova Marco Civil da Internet - Aconteceu no Vale\" \/>\n<meta property=\"og:description\" content=\"Ap\u00f3s cinco meses de pol\u00eamica e intensos debates, a C\u00e2mara aprovou hoje (25) o projeto do Marco Civil da Internet (PL 2126\/11). Os deputados aprovaram o texto em vota\u00e7\u00e3o simb\u00f3lica. Desde 28 de outubro de 2013, o projeto passou a trancar a pauta da C\u00e2mara. (Foto: Gustavo Lima\/C\u00e2mara) O projeto define os direitos e deveres [&hellip;]\" \/>\n<meta property=\"og:url\" content=\"https:\/\/aconteceunovale.com.br\/portal\/?p=24637\" \/>\n<meta property=\"og:site_name\" content=\"Aconteceu no Vale\" \/>\n<meta property=\"article:publisher\" content=\"https:\/\/www.facebook.com\/aconteceunovale\/\" \/>\n<meta property=\"article:published_time\" content=\"2014-03-26T00:43:30+00:00\" \/>\n<meta property=\"og:image\" content=\"https:\/\/aconteceunovale.com.br\/portal\/wp-content\/uploads\/2014\/03\/marco_civil_aprovado_na_camara.jpg\" \/>\n\t<meta property=\"og:image:width\" content=\"620\" \/>\n\t<meta property=\"og:image:height\" content=\"365\" \/>\n\t<meta property=\"og:image:type\" content=\"image\/jpeg\" \/>\n<meta name=\"author\" content=\"Aconteceu no Vale\" \/>\n<meta name=\"twitter:card\" content=\"summary_large_image\" \/>\n<meta name=\"twitter:creator\" content=\"@noticiadosvales\" \/>\n<meta name=\"twitter:site\" content=\"@noticiadosvales\" \/>\n<meta name=\"twitter:label1\" content=\"Escrito por\" \/>\n\t<meta name=\"twitter:data1\" content=\"Aconteceu no Vale\" \/>\n\t<meta name=\"twitter:label2\" content=\"Est. tempo de leitura\" \/>\n\t<meta name=\"twitter:data2\" content=\"5 minutos\" \/>\n<script type=\"application\/ld+json\" class=\"yoast-schema-graph\">{\"@context\":\"https:\\\/\\\/schema.org\",\"@graph\":[{\"@type\":\"Article\",\"@id\":\"https:\\\/\\\/aconteceunovale.com.br\\\/portal\\\/?p=24637#article\",\"isPartOf\":{\"@id\":\"https:\\\/\\\/aconteceunovale.com.br\\\/portal\\\/?p=24637\"},\"author\":{\"name\":\"Aconteceu no Vale\",\"@id\":\"https:\\\/\\\/aconteceunovale.com.br\\\/portal\\\/#\\\/schema\\\/person\\\/633529146f2c94272bef50ac2953d589\"},\"headline\":\"C\u00e2mara dos Deputados aprova Marco Civil da Internet\",\"datePublished\":\"2014-03-26T00:43:30+00:00\",\"mainEntityOfPage\":{\"@id\":\"https:\\\/\\\/aconteceunovale.com.br\\\/portal\\\/?p=24637\"},\"wordCount\":1009,\"commentCount\":0,\"image\":{\"@id\":\"https:\\\/\\\/aconteceunovale.com.br\\\/portal\\\/?p=24637#primaryimage\"},\"thumbnailUrl\":\"https:\\\/\\\/aconteceunovale.com.br\\\/portal\\\/wp-content\\\/uploads\\\/2014\\\/03\\\/marco_civil_aprovado_na_camara.jpg\",\"keywords\":[\"C\u00e2mara dos Deputados aprova Marco Civil da Internet\",\"destaque\",\"Marco Civil da Internet\"],\"articleSection\":[\"Brasil\"],\"inLanguage\":\"pt-BR\",\"potentialAction\":[{\"@type\":\"CommentAction\",\"name\":\"Comment\",\"target\":[\"https:\\\/\\\/aconteceunovale.com.br\\\/portal\\\/?p=24637#respond\"]}]},{\"@type\":\"WebPage\",\"@id\":\"https:\\\/\\\/aconteceunovale.com.br\\\/portal\\\/?p=24637\",\"url\":\"https:\\\/\\\/aconteceunovale.com.br\\\/portal\\\/?p=24637\",\"name\":\"C\u00e2mara dos Deputados aprova Marco Civil da Internet - Aconteceu no Vale\",\"isPartOf\":{\"@id\":\"https:\\\/\\\/aconteceunovale.com.br\\\/portal\\\/#website\"},\"primaryImageOfPage\":{\"@id\":\"https:\\\/\\\/aconteceunovale.com.br\\\/portal\\\/?p=24637#primaryimage\"},\"image\":{\"@id\":\"https:\\\/\\\/aconteceunovale.com.br\\\/portal\\\/?p=24637#primaryimage\"},\"thumbnailUrl\":\"https:\\\/\\\/aconteceunovale.com.br\\\/portal\\\/wp-content\\\/uploads\\\/2014\\\/03\\\/marco_civil_aprovado_na_camara.jpg\",\"datePublished\":\"2014-03-26T00:43:30+00:00\",\"author\":{\"@id\":\"https:\\\/\\\/aconteceunovale.com.br\\\/portal\\\/#\\\/schema\\\/person\\\/633529146f2c94272bef50ac2953d589\"},\"breadcrumb\":{\"@id\":\"https:\\\/\\\/aconteceunovale.com.br\\\/portal\\\/?p=24637#breadcrumb\"},\"inLanguage\":\"pt-BR\",\"potentialAction\":[{\"@type\":\"ReadAction\",\"target\":[\"https:\\\/\\\/aconteceunovale.com.br\\\/portal\\\/?p=24637\"]}]},{\"@type\":\"ImageObject\",\"inLanguage\":\"pt-BR\",\"@id\":\"https:\\\/\\\/aconteceunovale.com.br\\\/portal\\\/?p=24637#primaryimage\",\"url\":\"https:\\\/\\\/aconteceunovale.com.br\\\/portal\\\/wp-content\\\/uploads\\\/2014\\\/03\\\/marco_civil_aprovado_na_camara.jpg\",\"contentUrl\":\"https:\\\/\\\/aconteceunovale.com.br\\\/portal\\\/wp-content\\\/uploads\\\/2014\\\/03\\\/marco_civil_aprovado_na_camara.jpg\",\"width\":620,\"height\":365},{\"@type\":\"BreadcrumbList\",\"@id\":\"https:\\\/\\\/aconteceunovale.com.br\\\/portal\\\/?p=24637#breadcrumb\",\"itemListElement\":[{\"@type\":\"ListItem\",\"position\":1,\"name\":\"In\u00edcio\",\"item\":\"https:\\\/\\\/aconteceunovale.com.br\\\/portal\\\/\"},{\"@type\":\"ListItem\",\"position\":2,\"name\":\"C\u00e2mara dos Deputados aprova Marco Civil da Internet\"}]},{\"@type\":\"WebSite\",\"@id\":\"https:\\\/\\\/aconteceunovale.com.br\\\/portal\\\/#website\",\"url\":\"https:\\\/\\\/aconteceunovale.com.br\\\/portal\\\/\",\"name\":\"Aconteceu no Vale\",\"description\":\"Portal de Not\u00edcias\",\"potentialAction\":[{\"@type\":\"SearchAction\",\"target\":{\"@type\":\"EntryPoint\",\"urlTemplate\":\"https:\\\/\\\/aconteceunovale.com.br\\\/portal\\\/?s={search_term_string}\"},\"query-input\":{\"@type\":\"PropertyValueSpecification\",\"valueRequired\":true,\"valueName\":\"search_term_string\"}}],\"inLanguage\":\"pt-BR\"},{\"@type\":\"Person\",\"@id\":\"https:\\\/\\\/aconteceunovale.com.br\\\/portal\\\/#\\\/schema\\\/person\\\/633529146f2c94272bef50ac2953d589\",\"name\":\"Aconteceu no Vale\",\"description\":\"Equipe de reportagem do Aconteceu no Vale, portal de not\u00edcias do Vale do Jequitinhonha, em Minas Gerais. Cobrimos as 51 cidades do Vale desde 2013. Sugest\u00f5es de pauta e pedidos de corre\u00e7\u00e3o: contato@aconteceunovale.com.br\",\"sameAs\":[\"http:\\\/\\\/www.aconteceunovale.com.br\"],\"url\":\"https:\\\/\\\/aconteceunovale.com.br\\\/portal\\\/?author=1\"}]}<\/script>\n<!-- \/ Yoast SEO plugin. -->","yoast_head_json":{"title":"C\u00e2mara dos Deputados aprova Marco Civil da Internet - Aconteceu no Vale","robots":{"index":"index","follow":"follow","max-snippet":"max-snippet:-1","max-image-preview":"max-image-preview:large","max-video-preview":"max-video-preview:-1"},"canonical":"https:\/\/aconteceunovale.com.br\/portal\/?p=24637","og_locale":"pt_BR","og_type":"article","og_title":"C\u00e2mara dos Deputados aprova Marco Civil da Internet - Aconteceu no Vale","og_description":"Ap\u00f3s cinco meses de pol\u00eamica e intensos debates, a C\u00e2mara aprovou hoje (25) o projeto do Marco Civil da Internet (PL 2126\/11). Os deputados aprovaram o texto em vota\u00e7\u00e3o simb\u00f3lica. Desde 28 de outubro de 2013, o projeto passou a trancar a pauta da C\u00e2mara. (Foto: Gustavo Lima\/C\u00e2mara) O projeto define os direitos e deveres [&hellip;]","og_url":"https:\/\/aconteceunovale.com.br\/portal\/?p=24637","og_site_name":"Aconteceu no Vale","article_publisher":"https:\/\/www.facebook.com\/aconteceunovale\/","article_published_time":"2014-03-26T00:43:30+00:00","og_image":[{"width":620,"height":365,"url":"https:\/\/aconteceunovale.com.br\/portal\/wp-content\/uploads\/2014\/03\/marco_civil_aprovado_na_camara.jpg","type":"image\/jpeg"}],"author":"Aconteceu no Vale","twitter_card":"summary_large_image","twitter_creator":"@noticiadosvales","twitter_site":"@noticiadosvales","twitter_misc":{"Escrito por":"Aconteceu no Vale","Est. tempo de leitura":"5 minutos"},"schema":{"@context":"https:\/\/schema.org","@graph":[{"@type":"Article","@id":"https:\/\/aconteceunovale.com.br\/portal\/?p=24637#article","isPartOf":{"@id":"https:\/\/aconteceunovale.com.br\/portal\/?p=24637"},"author":{"name":"Aconteceu no Vale","@id":"https:\/\/aconteceunovale.com.br\/portal\/#\/schema\/person\/633529146f2c94272bef50ac2953d589"},"headline":"C\u00e2mara dos Deputados aprova Marco Civil da Internet","datePublished":"2014-03-26T00:43:30+00:00","mainEntityOfPage":{"@id":"https:\/\/aconteceunovale.com.br\/portal\/?p=24637"},"wordCount":1009,"commentCount":0,"image":{"@id":"https:\/\/aconteceunovale.com.br\/portal\/?p=24637#primaryimage"},"thumbnailUrl":"https:\/\/aconteceunovale.com.br\/portal\/wp-content\/uploads\/2014\/03\/marco_civil_aprovado_na_camara.jpg","keywords":["C\u00e2mara dos Deputados aprova Marco Civil da Internet","destaque","Marco Civil da Internet"],"articleSection":["Brasil"],"inLanguage":"pt-BR","potentialAction":[{"@type":"CommentAction","name":"Comment","target":["https:\/\/aconteceunovale.com.br\/portal\/?p=24637#respond"]}]},{"@type":"WebPage","@id":"https:\/\/aconteceunovale.com.br\/portal\/?p=24637","url":"https:\/\/aconteceunovale.com.br\/portal\/?p=24637","name":"C\u00e2mara dos Deputados aprova Marco Civil da Internet - Aconteceu no Vale","isPartOf":{"@id":"https:\/\/aconteceunovale.com.br\/portal\/#website"},"primaryImageOfPage":{"@id":"https:\/\/aconteceunovale.com.br\/portal\/?p=24637#primaryimage"},"image":{"@id":"https:\/\/aconteceunovale.com.br\/portal\/?p=24637#primaryimage"},"thumbnailUrl":"https:\/\/aconteceunovale.com.br\/portal\/wp-content\/uploads\/2014\/03\/marco_civil_aprovado_na_camara.jpg","datePublished":"2014-03-26T00:43:30+00:00","author":{"@id":"https:\/\/aconteceunovale.com.br\/portal\/#\/schema\/person\/633529146f2c94272bef50ac2953d589"},"breadcrumb":{"@id":"https:\/\/aconteceunovale.com.br\/portal\/?p=24637#breadcrumb"},"inLanguage":"pt-BR","potentialAction":[{"@type":"ReadAction","target":["https:\/\/aconteceunovale.com.br\/portal\/?p=24637"]}]},{"@type":"ImageObject","inLanguage":"pt-BR","@id":"https:\/\/aconteceunovale.com.br\/portal\/?p=24637#primaryimage","url":"https:\/\/aconteceunovale.com.br\/portal\/wp-content\/uploads\/2014\/03\/marco_civil_aprovado_na_camara.jpg","contentUrl":"https:\/\/aconteceunovale.com.br\/portal\/wp-content\/uploads\/2014\/03\/marco_civil_aprovado_na_camara.jpg","width":620,"height":365},{"@type":"BreadcrumbList","@id":"https:\/\/aconteceunovale.com.br\/portal\/?p=24637#breadcrumb","itemListElement":[{"@type":"ListItem","position":1,"name":"In\u00edcio","item":"https:\/\/aconteceunovale.com.br\/portal\/"},{"@type":"ListItem","position":2,"name":"C\u00e2mara dos Deputados aprova Marco Civil da Internet"}]},{"@type":"WebSite","@id":"https:\/\/aconteceunovale.com.br\/portal\/#website","url":"https:\/\/aconteceunovale.com.br\/portal\/","name":"Aconteceu no Vale","description":"Portal de Not\u00edcias","potentialAction":[{"@type":"SearchAction","target":{"@type":"EntryPoint","urlTemplate":"https:\/\/aconteceunovale.com.br\/portal\/?s={search_term_string}"},"query-input":{"@type":"PropertyValueSpecification","valueRequired":true,"valueName":"search_term_string"}}],"inLanguage":"pt-BR"},{"@type":"Person","@id":"https:\/\/aconteceunovale.com.br\/portal\/#\/schema\/person\/633529146f2c94272bef50ac2953d589","name":"Aconteceu no Vale","description":"Equipe de reportagem do Aconteceu no Vale, portal de not\u00edcias do Vale do Jequitinhonha, em Minas Gerais. Cobrimos as 51 cidades do Vale desde 2013. Sugest\u00f5es de pauta e pedidos de corre\u00e7\u00e3o: contato@aconteceunovale.com.br","sameAs":["http:\/\/www.aconteceunovale.com.br"],"url":"https:\/\/aconteceunovale.com.br\/portal\/?author=1"}]}},"_links":{"self":[{"href":"https:\/\/aconteceunovale.com.br\/portal\/index.php?rest_route=\/wp\/v2\/posts\/24637","targetHints":{"allow":["GET"]}}],"collection":[{"href":"https:\/\/aconteceunovale.com.br\/portal\/index.php?rest_route=\/wp\/v2\/posts"}],"about":[{"href":"https:\/\/aconteceunovale.com.br\/portal\/index.php?rest_route=\/wp\/v2\/types\/post"}],"author":[{"embeddable":true,"href":"https:\/\/aconteceunovale.com.br\/portal\/index.php?rest_route=\/wp\/v2\/users\/1"}],"replies":[{"embeddable":true,"href":"https:\/\/aconteceunovale.com.br\/portal\/index.php?rest_route=%2Fwp%2Fv2%2Fcomments&post=24637"}],"version-history":[{"count":0,"href":"https:\/\/aconteceunovale.com.br\/portal\/index.php?rest_route=\/wp\/v2\/posts\/24637\/revisions"}],"wp:featuredmedia":[{"embeddable":true,"href":"https:\/\/aconteceunovale.com.br\/portal\/index.php?rest_route=\/wp\/v2\/media\/24638"}],"wp:attachment":[{"href":"https:\/\/aconteceunovale.com.br\/portal\/index.php?rest_route=%2Fwp%2Fv2%2Fmedia&parent=24637"}],"wp:term":[{"taxonomy":"category","embeddable":true,"href":"https:\/\/aconteceunovale.com.br\/portal\/index.php?rest_route=%2Fwp%2Fv2%2Fcategories&post=24637"},{"taxonomy":"post_tag","embeddable":true,"href":"https:\/\/aconteceunovale.com.br\/portal\/index.php?rest_route=%2Fwp%2Fv2%2Ftags&post=24637"}],"curies":[{"name":"wp","href":"https:\/\/api.w.org\/{rel}","templated":true}]}}