{"id":24564,"date":"2014-03-25T11:14:03","date_gmt":"2014-03-25T14:14:03","guid":{"rendered":"http:\/\/aconteceunovale.com.br\/portal\/?p=24564"},"modified":"2014-03-25T11:14:49","modified_gmt":"2014-03-25T14:14:49","slug":"ultimo-trecho-de-duplicacao-da-br-381-tem-edital-publicado","status":"publish","type":"post","link":"https:\/\/aconteceunovale.com.br\/portal\/?p=24564","title":{"rendered":"\u00daltimo trecho de duplica\u00e7\u00e3o da BR-381 tem edital publicado"},"content":{"rendered":"<p>O Departamento Nacional de Infraestrutura de Transportes (Dnit) publicou, na \u00faltima segunda-feira (24), no Di\u00e1rio Oficial da Uni\u00e3o (DOU) o edital para a contrata\u00e7\u00e3o de empresas que far\u00e3o o \u00faltimo trecho da duplica\u00e7\u00e3o da BR-381, entre Belo Horizonte e Governador Valadares. O lote prev\u00ea interven\u00e7\u00f5es do km 458, pr\u00f3ximo ao Anel Rodovi\u00e1rio, na capital, ao km 445, na divisa de Sabar\u00e1 e Santa Luzia, na Grande BH.<\/p>\n<p>Al\u00e9m de uma completa modifica\u00e7\u00e3o vi\u00e1ria nos 13,4 quil\u00f4metros, o chamado lote 8b tamb\u00e9m estipula aos vencedores da concorr\u00eancia p\u00fablica a obrigatoriedade de assumir a retirada e o reassentamento de 1.400 fam\u00edlias que moram ilegalmente \u00e0s margens da rodovia. As indeniza\u00e7\u00f5es ser\u00e3o pagas pelo Dnit.<\/p>\n<p>Inserido na modalidade \u201cMenor Pre\u00e7o\u201d, a licita\u00e7\u00e3o n\u00e3o informa o valor previsto da obra, que \u00e9 restrito aos \u00f3rg\u00e3os de controle. O edital est\u00e1 dispon\u00edvel no site www.dnit.gov.br e a abertura das propostas ser\u00e1 em 15 de abril, \u00e0s 15h. Para o mesmo dia, \u00e0s 10h, est\u00e1 previsto o an\u00fancio dos interessados para outros tr\u00eas lotes (4, 5, e 8a), cujos editais foram lan\u00e7ados em 26 de fevereiro.<\/p>\n<p>O anteprojeto denominado \u201cDuplica\u00e7\u00e3o, Restaura\u00e7\u00e3o e Adequa\u00e7\u00e3o de Capacidade da BR-381\u201d engloba os 303 quil\u00f4metros de extens\u00e3o da rodovia, de BH a Valadares. Al\u00e9m de novas pistas e restaura\u00e7\u00e3o da atual, est\u00e1 prevista a constru\u00e7\u00e3o de cinco t\u00faneis, 100 obras de arte especiais (34 pontes e 66 viadutos) e 31 passarelas, dentre outras interven\u00e7\u00f5es.<\/p>\n<p>S\u00e3o 11 lotes de obras. Desses, sete foram licitados ap\u00f3s a publica\u00e7\u00e3o da \u00faltima segunda-feira (24). As empresas vencedoras trabalham na conclus\u00e3o dos projetos executivos. A licita\u00e7\u00e3o foi integrada \u00e0s obras.<\/p>\n<p><img decoding=\"async\" src=\"http:\/\/aconteceunovale.com.br\/portal\/wp-content\/uploads\/2014\/03\/duplicacao_381_ultimo_trecho.jpg\" alt=\"\" \/><br \/>\n<em>(Foto: Fl\u00e1vio Tavares\/Hoje em Dia)<\/em><\/p>\n<h4><strong>ATRASOS<\/strong><\/h4>\n<p>No in\u00edcio deste m\u00eas, o Hoje em Dia publicou entrevista exclusiva da presidente da Rep\u00fablica Dilma Rousseff garantindo a publica\u00e7\u00e3o do edital para o dia 10. Apesar do atraso, o ministro dos Transportes, C\u00e9sar Borges, afirmou que a duplica\u00e7\u00e3o ser\u00e1 executada a tempo e com qualidade. Por\u00e9m, conforme a reportagem tem mostrado, levando-se em conta outros atrasos ocorridos, todos os tr\u00e2mites burocr\u00e1ticos e eventuais imprevistos, as obras devem come\u00e7ar s\u00f3 em 2015. <em>(Hoje em Dia)<\/em><\/p>\n","protected":false},"excerpt":{"rendered":"<p>O Departamento Nacional de Infraestrutura de Transportes (Dnit) publicou, na \u00faltima segunda-feira (24), no Di\u00e1rio Oficial da Uni\u00e3o (DOU) o edital para a contrata\u00e7\u00e3o de empresas que far\u00e3o o \u00faltimo trecho da duplica\u00e7\u00e3o da BR-381, entre Belo Horizonte e Governador Valadares. O lote prev\u00ea interven\u00e7\u00f5es do km 458, pr\u00f3ximo ao Anel Rodovi\u00e1rio, na capital, ao [&hellip;]<\/p>\n","protected":false},"author":1,"featured_media":24565,"comment_status":"open","ping_status":"closed","sticky":false,"template":"","format":"standard","meta":{"amp_status":"","footnotes":""},"categories":[123],"tags":[1018,4443,5925],"class_list":["post-24564","post","type-post","status-publish","format-standard","has-post-thumbnail","hentry","category-gerais","tag-destaque","tag-duplicacao-da-br-381","tag-ultimo-trecho-de-duplicacao-da-br-381-tem-edital-publicado"],"yoast_head":"<!-- This site is optimized with the Yoast SEO plugin v28.3 - https:\/\/yoast.com\/product\/yoast-seo-wordpress\/ -->\n<title>\u00daltimo trecho de duplica\u00e7\u00e3o da BR-381 tem edital publicado - Aconteceu no Vale<\/title>\n<meta name=\"robots\" content=\"index, follow, max-snippet:-1, max-image-preview:large, max-video-preview:-1\" \/>\n<link rel=\"canonical\" href=\"https:\/\/aconteceunovale.com.br\/portal\/?p=24564\" \/>\n<meta property=\"og:locale\" content=\"pt_BR\" \/>\n<meta property=\"og:type\" content=\"article\" \/>\n<meta property=\"og:title\" content=\"\u00daltimo trecho de duplica\u00e7\u00e3o da BR-381 tem edital publicado - Aconteceu no Vale\" \/>\n<meta property=\"og:description\" content=\"O Departamento Nacional de Infraestrutura de Transportes (Dnit) publicou, na \u00faltima segunda-feira (24), no Di\u00e1rio Oficial da Uni\u00e3o (DOU) o edital para a contrata\u00e7\u00e3o de empresas que far\u00e3o o \u00faltimo trecho da duplica\u00e7\u00e3o da BR-381, entre Belo Horizonte e Governador Valadares. O lote prev\u00ea interven\u00e7\u00f5es do km 458, pr\u00f3ximo ao Anel Rodovi\u00e1rio, na capital, ao [&hellip;]\" \/>\n<meta property=\"og:url\" content=\"https:\/\/aconteceunovale.com.br\/portal\/?p=24564\" \/>\n<meta property=\"og:site_name\" content=\"Aconteceu no Vale\" \/>\n<meta property=\"article:publisher\" content=\"https:\/\/www.facebook.com\/aconteceunovale\/\" \/>\n<meta property=\"article:published_time\" content=\"2014-03-25T14:14:03+00:00\" \/>\n<meta property=\"article:modified_time\" content=\"2014-03-25T14:14:49+00:00\" \/>\n<meta property=\"og:image\" content=\"https:\/\/aconteceunovale.com.br\/portal\/wp-content\/uploads\/2014\/03\/duplicacao_381_ultimo_trecho.jpg\" \/>\n\t<meta property=\"og:image:width\" content=\"673\" \/>\n\t<meta property=\"og:image:height\" content=\"450\" \/>\n\t<meta property=\"og:image:type\" content=\"image\/jpeg\" \/>\n<meta name=\"author\" content=\"Aconteceu no Vale\" \/>\n<meta name=\"twitter:card\" content=\"summary_large_image\" \/>\n<meta name=\"twitter:creator\" content=\"@noticiadosvales\" \/>\n<meta name=\"twitter:site\" content=\"@noticiadosvales\" \/>\n<meta name=\"twitter:label1\" content=\"Escrito por\" \/>\n\t<meta name=\"twitter:data1\" content=\"Aconteceu no Vale\" \/>\n\t<meta name=\"twitter:label2\" content=\"Est. tempo de leitura\" \/>\n\t<meta name=\"twitter:data2\" content=\"2 minutos\" \/>\n<script type=\"application\/ld+json\" class=\"yoast-schema-graph\">{\"@context\":\"https:\\\/\\\/schema.org\",\"@graph\":[{\"@type\":\"Article\",\"@id\":\"https:\\\/\\\/aconteceunovale.com.br\\\/portal\\\/?p=24564#article\",\"isPartOf\":{\"@id\":\"https:\\\/\\\/aconteceunovale.com.br\\\/portal\\\/?p=24564\"},\"author\":{\"name\":\"Aconteceu no Vale\",\"@id\":\"https:\\\/\\\/aconteceunovale.com.br\\\/portal\\\/#\\\/schema\\\/person\\\/633529146f2c94272bef50ac2953d589\"},\"headline\":\"\u00daltimo trecho de duplica\u00e7\u00e3o da BR-381 tem edital publicado\",\"datePublished\":\"2014-03-25T14:14:03+00:00\",\"dateModified\":\"2014-03-25T14:14:49+00:00\",\"mainEntityOfPage\":{\"@id\":\"https:\\\/\\\/aconteceunovale.com.br\\\/portal\\\/?p=24564\"},\"wordCount\":393,\"commentCount\":0,\"image\":{\"@id\":\"https:\\\/\\\/aconteceunovale.com.br\\\/portal\\\/?p=24564#primaryimage\"},\"thumbnailUrl\":\"https:\\\/\\\/aconteceunovale.com.br\\\/portal\\\/wp-content\\\/uploads\\\/2014\\\/03\\\/duplicacao_381_ultimo_trecho.jpg\",\"keywords\":[\"destaque\",\"Duplica\u00e7\u00e3o da BR-381\",\"\u00daltimo trecho de duplica\u00e7\u00e3o da BR-381 tem edital publicado\"],\"articleSection\":[\"Minas Gerais\"],\"inLanguage\":\"pt-BR\",\"potentialAction\":[{\"@type\":\"CommentAction\",\"name\":\"Comment\",\"target\":[\"https:\\\/\\\/aconteceunovale.com.br\\\/portal\\\/?p=24564#respond\"]}]},{\"@type\":\"WebPage\",\"@id\":\"https:\\\/\\\/aconteceunovale.com.br\\\/portal\\\/?p=24564\",\"url\":\"https:\\\/\\\/aconteceunovale.com.br\\\/portal\\\/?p=24564\",\"name\":\"\u00daltimo trecho de duplica\u00e7\u00e3o da BR-381 tem edital publicado - Aconteceu no Vale\",\"isPartOf\":{\"@id\":\"https:\\\/\\\/aconteceunovale.com.br\\\/portal\\\/#website\"},\"primaryImageOfPage\":{\"@id\":\"https:\\\/\\\/aconteceunovale.com.br\\\/portal\\\/?p=24564#primaryimage\"},\"image\":{\"@id\":\"https:\\\/\\\/aconteceunovale.com.br\\\/portal\\\/?p=24564#primaryimage\"},\"thumbnailUrl\":\"https:\\\/\\\/aconteceunovale.com.br\\\/portal\\\/wp-content\\\/uploads\\\/2014\\\/03\\\/duplicacao_381_ultimo_trecho.jpg\",\"datePublished\":\"2014-03-25T14:14:03+00:00\",\"dateModified\":\"2014-03-25T14:14:49+00:00\",\"author\":{\"@id\":\"https:\\\/\\\/aconteceunovale.com.br\\\/portal\\\/#\\\/schema\\\/person\\\/633529146f2c94272bef50ac2953d589\"},\"breadcrumb\":{\"@id\":\"https:\\\/\\\/aconteceunovale.com.br\\\/portal\\\/?p=24564#breadcrumb\"},\"inLanguage\":\"pt-BR\",\"potentialAction\":[{\"@type\":\"ReadAction\",\"target\":[\"https:\\\/\\\/aconteceunovale.com.br\\\/portal\\\/?p=24564\"]}]},{\"@type\":\"ImageObject\",\"inLanguage\":\"pt-BR\",\"@id\":\"https:\\\/\\\/aconteceunovale.com.br\\\/portal\\\/?p=24564#primaryimage\",\"url\":\"https:\\\/\\\/aconteceunovale.com.br\\\/portal\\\/wp-content\\\/uploads\\\/2014\\\/03\\\/duplicacao_381_ultimo_trecho.jpg\",\"contentUrl\":\"https:\\\/\\\/aconteceunovale.com.br\\\/portal\\\/wp-content\\\/uploads\\\/2014\\\/03\\\/duplicacao_381_ultimo_trecho.jpg\",\"width\":673,\"height\":450},{\"@type\":\"BreadcrumbList\",\"@id\":\"https:\\\/\\\/aconteceunovale.com.br\\\/portal\\\/?p=24564#breadcrumb\",\"itemListElement\":[{\"@type\":\"ListItem\",\"position\":1,\"name\":\"In\u00edcio\",\"item\":\"https:\\\/\\\/aconteceunovale.com.br\\\/portal\\\/\"},{\"@type\":\"ListItem\",\"position\":2,\"name\":\"\u00daltimo trecho de duplica\u00e7\u00e3o da BR-381 tem edital publicado\"}]},{\"@type\":\"WebSite\",\"@id\":\"https:\\\/\\\/aconteceunovale.com.br\\\/portal\\\/#website\",\"url\":\"https:\\\/\\\/aconteceunovale.com.br\\\/portal\\\/\",\"name\":\"Aconteceu no Vale\",\"description\":\"Portal de Not\u00edcias\",\"potentialAction\":[{\"@type\":\"SearchAction\",\"target\":{\"@type\":\"EntryPoint\",\"urlTemplate\":\"https:\\\/\\\/aconteceunovale.com.br\\\/portal\\\/?s={search_term_string}\"},\"query-input\":{\"@type\":\"PropertyValueSpecification\",\"valueRequired\":true,\"valueName\":\"search_term_string\"}}],\"inLanguage\":\"pt-BR\"},{\"@type\":\"Person\",\"@id\":\"https:\\\/\\\/aconteceunovale.com.br\\\/portal\\\/#\\\/schema\\\/person\\\/633529146f2c94272bef50ac2953d589\",\"name\":\"Aconteceu no Vale\",\"description\":\"Equipe de reportagem do Aconteceu no Vale, portal de not\u00edcias do Vale do Jequitinhonha, em Minas Gerais. Cobrimos as 51 cidades do Vale desde 2013. Sugest\u00f5es de pauta e pedidos de corre\u00e7\u00e3o: contato@aconteceunovale.com.br\",\"sameAs\":[\"http:\\\/\\\/www.aconteceunovale.com.br\"],\"url\":\"https:\\\/\\\/aconteceunovale.com.br\\\/portal\\\/?author=1\"}]}<\/script>\n<!-- \/ Yoast SEO plugin. -->","yoast_head_json":{"title":"\u00daltimo trecho de duplica\u00e7\u00e3o da BR-381 tem edital publicado - Aconteceu no Vale","robots":{"index":"index","follow":"follow","max-snippet":"max-snippet:-1","max-image-preview":"max-image-preview:large","max-video-preview":"max-video-preview:-1"},"canonical":"https:\/\/aconteceunovale.com.br\/portal\/?p=24564","og_locale":"pt_BR","og_type":"article","og_title":"\u00daltimo trecho de duplica\u00e7\u00e3o da BR-381 tem edital publicado - Aconteceu no Vale","og_description":"O Departamento Nacional de Infraestrutura de Transportes (Dnit) publicou, na \u00faltima segunda-feira (24), no Di\u00e1rio Oficial da Uni\u00e3o (DOU) o edital para a contrata\u00e7\u00e3o de empresas que far\u00e3o o \u00faltimo trecho da duplica\u00e7\u00e3o da BR-381, entre Belo Horizonte e Governador Valadares. O lote prev\u00ea interven\u00e7\u00f5es do km 458, pr\u00f3ximo ao Anel Rodovi\u00e1rio, na capital, ao [&hellip;]","og_url":"https:\/\/aconteceunovale.com.br\/portal\/?p=24564","og_site_name":"Aconteceu no Vale","article_publisher":"https:\/\/www.facebook.com\/aconteceunovale\/","article_published_time":"2014-03-25T14:14:03+00:00","article_modified_time":"2014-03-25T14:14:49+00:00","og_image":[{"width":673,"height":450,"url":"https:\/\/aconteceunovale.com.br\/portal\/wp-content\/uploads\/2014\/03\/duplicacao_381_ultimo_trecho.jpg","type":"image\/jpeg"}],"author":"Aconteceu no Vale","twitter_card":"summary_large_image","twitter_creator":"@noticiadosvales","twitter_site":"@noticiadosvales","twitter_misc":{"Escrito por":"Aconteceu no Vale","Est. tempo de leitura":"2 minutos"},"schema":{"@context":"https:\/\/schema.org","@graph":[{"@type":"Article","@id":"https:\/\/aconteceunovale.com.br\/portal\/?p=24564#article","isPartOf":{"@id":"https:\/\/aconteceunovale.com.br\/portal\/?p=24564"},"author":{"name":"Aconteceu no Vale","@id":"https:\/\/aconteceunovale.com.br\/portal\/#\/schema\/person\/633529146f2c94272bef50ac2953d589"},"headline":"\u00daltimo trecho de duplica\u00e7\u00e3o da BR-381 tem edital publicado","datePublished":"2014-03-25T14:14:03+00:00","dateModified":"2014-03-25T14:14:49+00:00","mainEntityOfPage":{"@id":"https:\/\/aconteceunovale.com.br\/portal\/?p=24564"},"wordCount":393,"commentCount":0,"image":{"@id":"https:\/\/aconteceunovale.com.br\/portal\/?p=24564#primaryimage"},"thumbnailUrl":"https:\/\/aconteceunovale.com.br\/portal\/wp-content\/uploads\/2014\/03\/duplicacao_381_ultimo_trecho.jpg","keywords":["destaque","Duplica\u00e7\u00e3o da BR-381","\u00daltimo trecho de duplica\u00e7\u00e3o da BR-381 tem edital publicado"],"articleSection":["Minas Gerais"],"inLanguage":"pt-BR","potentialAction":[{"@type":"CommentAction","name":"Comment","target":["https:\/\/aconteceunovale.com.br\/portal\/?p=24564#respond"]}]},{"@type":"WebPage","@id":"https:\/\/aconteceunovale.com.br\/portal\/?p=24564","url":"https:\/\/aconteceunovale.com.br\/portal\/?p=24564","name":"\u00daltimo trecho de duplica\u00e7\u00e3o da BR-381 tem edital publicado - Aconteceu no Vale","isPartOf":{"@id":"https:\/\/aconteceunovale.com.br\/portal\/#website"},"primaryImageOfPage":{"@id":"https:\/\/aconteceunovale.com.br\/portal\/?p=24564#primaryimage"},"image":{"@id":"https:\/\/aconteceunovale.com.br\/portal\/?p=24564#primaryimage"},"thumbnailUrl":"https:\/\/aconteceunovale.com.br\/portal\/wp-content\/uploads\/2014\/03\/duplicacao_381_ultimo_trecho.jpg","datePublished":"2014-03-25T14:14:03+00:00","dateModified":"2014-03-25T14:14:49+00:00","author":{"@id":"https:\/\/aconteceunovale.com.br\/portal\/#\/schema\/person\/633529146f2c94272bef50ac2953d589"},"breadcrumb":{"@id":"https:\/\/aconteceunovale.com.br\/portal\/?p=24564#breadcrumb"},"inLanguage":"pt-BR","potentialAction":[{"@type":"ReadAction","target":["https:\/\/aconteceunovale.com.br\/portal\/?p=24564"]}]},{"@type":"ImageObject","inLanguage":"pt-BR","@id":"https:\/\/aconteceunovale.com.br\/portal\/?p=24564#primaryimage","url":"https:\/\/aconteceunovale.com.br\/portal\/wp-content\/uploads\/2014\/03\/duplicacao_381_ultimo_trecho.jpg","contentUrl":"https:\/\/aconteceunovale.com.br\/portal\/wp-content\/uploads\/2014\/03\/duplicacao_381_ultimo_trecho.jpg","width":673,"height":450},{"@type":"BreadcrumbList","@id":"https:\/\/aconteceunovale.com.br\/portal\/?p=24564#breadcrumb","itemListElement":[{"@type":"ListItem","position":1,"name":"In\u00edcio","item":"https:\/\/aconteceunovale.com.br\/portal\/"},{"@type":"ListItem","position":2,"name":"\u00daltimo trecho de duplica\u00e7\u00e3o da BR-381 tem edital publicado"}]},{"@type":"WebSite","@id":"https:\/\/aconteceunovale.com.br\/portal\/#website","url":"https:\/\/aconteceunovale.com.br\/portal\/","name":"Aconteceu no Vale","description":"Portal de Not\u00edcias","potentialAction":[{"@type":"SearchAction","target":{"@type":"EntryPoint","urlTemplate":"https:\/\/aconteceunovale.com.br\/portal\/?s={search_term_string}"},"query-input":{"@type":"PropertyValueSpecification","valueRequired":true,"valueName":"search_term_string"}}],"inLanguage":"pt-BR"},{"@type":"Person","@id":"https:\/\/aconteceunovale.com.br\/portal\/#\/schema\/person\/633529146f2c94272bef50ac2953d589","name":"Aconteceu no Vale","description":"Equipe de reportagem do Aconteceu no Vale, portal de not\u00edcias do Vale do Jequitinhonha, em Minas Gerais. Cobrimos as 51 cidades do Vale desde 2013. Sugest\u00f5es de pauta e pedidos de corre\u00e7\u00e3o: contato@aconteceunovale.com.br","sameAs":["http:\/\/www.aconteceunovale.com.br"],"url":"https:\/\/aconteceunovale.com.br\/portal\/?author=1"}]}},"_links":{"self":[{"href":"https:\/\/aconteceunovale.com.br\/portal\/index.php?rest_route=\/wp\/v2\/posts\/24564","targetHints":{"allow":["GET"]}}],"collection":[{"href":"https:\/\/aconteceunovale.com.br\/portal\/index.php?rest_route=\/wp\/v2\/posts"}],"about":[{"href":"https:\/\/aconteceunovale.com.br\/portal\/index.php?rest_route=\/wp\/v2\/types\/post"}],"author":[{"embeddable":true,"href":"https:\/\/aconteceunovale.com.br\/portal\/index.php?rest_route=\/wp\/v2\/users\/1"}],"replies":[{"embeddable":true,"href":"https:\/\/aconteceunovale.com.br\/portal\/index.php?rest_route=%2Fwp%2Fv2%2Fcomments&post=24564"}],"version-history":[{"count":0,"href":"https:\/\/aconteceunovale.com.br\/portal\/index.php?rest_route=\/wp\/v2\/posts\/24564\/revisions"}],"wp:featuredmedia":[{"embeddable":true,"href":"https:\/\/aconteceunovale.com.br\/portal\/index.php?rest_route=\/wp\/v2\/media\/24565"}],"wp:attachment":[{"href":"https:\/\/aconteceunovale.com.br\/portal\/index.php?rest_route=%2Fwp%2Fv2%2Fmedia&parent=24564"}],"wp:term":[{"taxonomy":"category","embeddable":true,"href":"https:\/\/aconteceunovale.com.br\/portal\/index.php?rest_route=%2Fwp%2Fv2%2Fcategories&post=24564"},{"taxonomy":"post_tag","embeddable":true,"href":"https:\/\/aconteceunovale.com.br\/portal\/index.php?rest_route=%2Fwp%2Fv2%2Ftags&post=24564"}],"curies":[{"name":"wp","href":"https:\/\/api.w.org\/{rel}","templated":true}]}}