{"id":24558,"date":"2014-03-25T11:02:23","date_gmt":"2014-03-25T14:02:23","guid":{"rendered":"http:\/\/aconteceunovale.com.br\/portal\/?p=24558"},"modified":"2026-09-02T13:58:07","modified_gmt":"2026-09-02T16:58:07","slug":"resposta-do-governo-sobre-o-asfalto-entre-ijicatu-e-virgem-da-lapa","status":"publish","type":"post","link":"https:\/\/aconteceunovale.com.br\/portal\/?p=24558","title":{"rendered":"Resposta do Governo sobre o asfalto entre Ijicatu e Virgem da Lapa"},"content":{"rendered":"<p>Em of\u00edcio ao Governador de Minas Gerais, Ant\u00f4nio Anastasia, o prefeito de Virgem da Lapa Harley Lopes cobrou atitudes sobre o trecho que liga Ijicatu a Virgem da Lapa, o mesmo havia ficado por fora da publica\u00e7\u00e3o no Programa Caminhos de Minas.<\/p>\n<p>Na \u00faltima semana, o Prefeito recebeu o of\u00edcio em resposta a quest\u00e3o. Segundo o mesmo, o trecho n\u00e3o foi citado visto que a obra de engenharia j\u00e1 est\u00e1 em andamento e que o trecho j\u00e1 constava no projeto anterior.<\/p>\n<p>Informou tamb\u00e9m, que o trecho da LMG 667 se encontra em estado avan\u00e7ado, cujo contrato est\u00e1 em responsabilidade da empresa CONSOL.<\/p>\n<p><strong>Of\u00edcio enviado pelo Prefeito Harley Lopes: <\/strong><\/p>\n<p><img decoding=\"async\" src=\"http:\/\/aconteceunovale.com.br\/portal\/wp-content\/uploads\/2014\/03\/resposta_asfalto_vdl_ijicatu_1.jpg\" alt=\"\" \/><\/p>\n<p><img decoding=\"async\" src=\"http:\/\/aconteceunovale.com.br\/portal\/wp-content\/uploads\/2014\/03\/resposta_asfalto_vdl_ijicatu_2.jpg\" alt=\"\" \/><\/p>\n<p><strong>Of\u00edcio enviado pelo Deputado Z\u00e9 Silva, em resposta ao Prefeito:<\/strong><\/p>\n<p><img decoding=\"async\" src=\"http:\/\/aconteceunovale.com.br\/portal\/wp-content\/uploads\/2014\/03\/resposta_asfalto_vdl_ijicatu_3.jpg\" alt=\"\" \/><\/p>\n<p><img decoding=\"async\" src=\"http:\/\/aconteceunovale.com.br\/portal\/wp-content\/uploads\/2014\/03\/resposta_asfalto_vdl_ijicatu_4.jpg\" alt=\"\" \/><\/p>\n<h4><strong>Anteriormente<\/strong><\/h4>\n<p>No dia 13\/03, o Governador Ant\u00f4nio Anastasia anunciou o in\u00edcio de um conjunto de a\u00e7\u00f5es do programa Caminhos de Minas em diversos trechos pelo estado.<\/p>\n<p>Autorizou a abertura de licita\u00e7\u00f5es para o asfaltamento em 37 trechos, com um total de 1.248 quil\u00f4metros e R$ 2,04 bilh\u00f5es de investimentos.<\/p>\n<p>Para o Vale do Jequitinhonha foi autorizado apenas \u00e0s obras de asfaltamento de um trecho de 50 km ligando Capelinha a Setubinha, no valor de R$ 70 milh\u00f5es.<\/p>\n<p>Neste quesito foram inclu\u00eddos apenas os trechos, Capelinha a Itamarandiba com extens\u00e3o de 52 km e Itamarandiba a Senador Modestino, trecho de 47 km.<\/p>\n<p>Ficaram de fora os trechos de Coronel Murta ao entroncamento da LMG-677 e Chapada do Norte, via distrito de Santa Rita, ao entroncamento da LMG-677, que \u00e9 a mesma estrada que liga Virgem da Lapa a Ijicatu.<\/p>\n<p><em>(Fonte: Portal VDL)<\/em><\/p>\n","protected":false},"excerpt":{"rendered":"<p>Em of\u00edcio ao Governador de Minas Gerais, Ant\u00f4nio Anastasia, o prefeito de Virgem da Lapa Harley Lopes cobrou atitudes sobre o trecho que liga Ijicatu a Virgem da Lapa, o mesmo havia ficado por fora da publica\u00e7\u00e3o no Programa Caminhos de Minas. Na \u00faltima semana, o Prefeito recebeu o of\u00edcio em resposta a quest\u00e3o. Segundo [&hellip;]<\/p>\n","protected":false},"author":1,"featured_media":23735,"comment_status":"open","ping_status":"closed","sticky":false,"template":"","format":"standard","meta":{"amp_status":"","footnotes":""},"categories":[120,272578],"tags":[481,3172,917,5924,482],"class_list":["post-24558","post","type-post","status-publish","format-standard","has-post-thumbnail","hentry","category-jequi","category-virgem-da-lapa","tag-chapada-do-norte","tag-ijicatu","tag-jose-goncalves-de-minas","tag-resposta-do-governo-sobre-o-asfalto-entre-ijicatu-e-virgem-da-lapa","tag-virgem-da-lapa"],"yoast_head":"<!-- This site is optimized with the Yoast SEO plugin v28.3 - https:\/\/yoast.com\/product\/yoast-seo-wordpress\/ -->\n<title>Resposta do Governo sobre o asfalto entre Ijicatu e Virgem da Lapa - Aconteceu no Vale<\/title>\n<meta name=\"robots\" content=\"index, follow, max-snippet:-1, max-image-preview:large, max-video-preview:-1\" \/>\n<link rel=\"canonical\" href=\"https:\/\/aconteceunovale.com.br\/portal\/?p=24558\" \/>\n<meta property=\"og:locale\" content=\"pt_BR\" \/>\n<meta property=\"og:type\" content=\"article\" \/>\n<meta property=\"og:title\" content=\"Resposta do Governo sobre o asfalto entre Ijicatu e Virgem da Lapa - Aconteceu no Vale\" \/>\n<meta property=\"og:description\" content=\"Em of\u00edcio ao Governador de Minas Gerais, Ant\u00f4nio Anastasia, o prefeito de Virgem da Lapa Harley Lopes cobrou atitudes sobre o trecho que liga Ijicatu a Virgem da Lapa, o mesmo havia ficado por fora da publica\u00e7\u00e3o no Programa Caminhos de Minas. Na \u00faltima semana, o Prefeito recebeu o of\u00edcio em resposta a quest\u00e3o. Segundo [&hellip;]\" \/>\n<meta property=\"og:url\" content=\"https:\/\/aconteceunovale.com.br\/portal\/?p=24558\" \/>\n<meta property=\"og:site_name\" content=\"Aconteceu no Vale\" \/>\n<meta property=\"article:publisher\" content=\"https:\/\/www.facebook.com\/aconteceunovale\/\" \/>\n<meta property=\"article:published_time\" content=\"2014-03-25T14:02:23+00:00\" \/>\n<meta property=\"article:modified_time\" content=\"2026-09-02T16:58:07+00:00\" \/>\n<meta property=\"og:image\" content=\"https:\/\/aconteceunovale.com.br\/portal\/wp-content\/uploads\/2014\/03\/asfaltamento_ijicatu_leliveldia_fora_caminhos_de_minas.jpg\" \/>\n\t<meta property=\"og:image:width\" content=\"640\" \/>\n\t<meta property=\"og:image:height\" content=\"360\" \/>\n\t<meta property=\"og:image:type\" content=\"image\/jpeg\" \/>\n<meta name=\"author\" content=\"Aconteceu no Vale\" \/>\n<meta name=\"twitter:card\" content=\"summary_large_image\" \/>\n<meta name=\"twitter:creator\" content=\"@noticiadosvales\" \/>\n<meta name=\"twitter:site\" content=\"@noticiadosvales\" \/>\n<meta name=\"twitter:label1\" content=\"Escrito por\" \/>\n\t<meta name=\"twitter:data1\" content=\"Aconteceu no Vale\" \/>\n\t<meta name=\"twitter:label2\" content=\"Est. tempo de leitura\" \/>\n\t<meta name=\"twitter:data2\" content=\"1 minuto\" \/>\n<script type=\"application\/ld+json\" class=\"yoast-schema-graph\">{\"@context\":\"https:\\\/\\\/schema.org\",\"@graph\":[{\"@type\":\"Article\",\"@id\":\"https:\\\/\\\/aconteceunovale.com.br\\\/portal\\\/?p=24558#article\",\"isPartOf\":{\"@id\":\"https:\\\/\\\/aconteceunovale.com.br\\\/portal\\\/?p=24558\"},\"author\":{\"name\":\"Aconteceu no Vale\",\"@id\":\"https:\\\/\\\/aconteceunovale.com.br\\\/portal\\\/#\\\/schema\\\/person\\\/633529146f2c94272bef50ac2953d589\"},\"headline\":\"Resposta do Governo sobre o asfalto entre Ijicatu e Virgem da Lapa\",\"datePublished\":\"2014-03-25T14:02:23+00:00\",\"dateModified\":\"2026-09-02T16:58:07+00:00\",\"mainEntityOfPage\":{\"@id\":\"https:\\\/\\\/aconteceunovale.com.br\\\/portal\\\/?p=24558\"},\"wordCount\":280,\"commentCount\":0,\"image\":{\"@id\":\"https:\\\/\\\/aconteceunovale.com.br\\\/portal\\\/?p=24558#primaryimage\"},\"thumbnailUrl\":\"https:\\\/\\\/aconteceunovale.com.br\\\/portal\\\/wp-content\\\/uploads\\\/2014\\\/03\\\/asfaltamento_ijicatu_leliveldia_fora_caminhos_de_minas.jpg\",\"keywords\":[\"Chapada do Norte\",\"Ijicatu\",\"jos\u00e9 gon\u00e7alves de minas\",\"Resposta do Governo sobre o asfalto entre Ijicatu e Virgem da Lapa\",\"Virgem da Lapa\"],\"articleSection\":[\"Vale do Jequitinhonha\",\"Virgem da Lapa\"],\"inLanguage\":\"pt-BR\",\"potentialAction\":[{\"@type\":\"CommentAction\",\"name\":\"Comment\",\"target\":[\"https:\\\/\\\/aconteceunovale.com.br\\\/portal\\\/?p=24558#respond\"]}]},{\"@type\":\"WebPage\",\"@id\":\"https:\\\/\\\/aconteceunovale.com.br\\\/portal\\\/?p=24558\",\"url\":\"https:\\\/\\\/aconteceunovale.com.br\\\/portal\\\/?p=24558\",\"name\":\"Resposta do Governo sobre o asfalto entre Ijicatu e Virgem da Lapa - Aconteceu no Vale\",\"isPartOf\":{\"@id\":\"https:\\\/\\\/aconteceunovale.com.br\\\/portal\\\/#website\"},\"primaryImageOfPage\":{\"@id\":\"https:\\\/\\\/aconteceunovale.com.br\\\/portal\\\/?p=24558#primaryimage\"},\"image\":{\"@id\":\"https:\\\/\\\/aconteceunovale.com.br\\\/portal\\\/?p=24558#primaryimage\"},\"thumbnailUrl\":\"https:\\\/\\\/aconteceunovale.com.br\\\/portal\\\/wp-content\\\/uploads\\\/2014\\\/03\\\/asfaltamento_ijicatu_leliveldia_fora_caminhos_de_minas.jpg\",\"datePublished\":\"2014-03-25T14:02:23+00:00\",\"dateModified\":\"2026-09-02T16:58:07+00:00\",\"author\":{\"@id\":\"https:\\\/\\\/aconteceunovale.com.br\\\/portal\\\/#\\\/schema\\\/person\\\/633529146f2c94272bef50ac2953d589\"},\"breadcrumb\":{\"@id\":\"https:\\\/\\\/aconteceunovale.com.br\\\/portal\\\/?p=24558#breadcrumb\"},\"inLanguage\":\"pt-BR\",\"potentialAction\":[{\"@type\":\"ReadAction\",\"target\":[\"https:\\\/\\\/aconteceunovale.com.br\\\/portal\\\/?p=24558\"]}]},{\"@type\":\"ImageObject\",\"inLanguage\":\"pt-BR\",\"@id\":\"https:\\\/\\\/aconteceunovale.com.br\\\/portal\\\/?p=24558#primaryimage\",\"url\":\"https:\\\/\\\/aconteceunovale.com.br\\\/portal\\\/wp-content\\\/uploads\\\/2014\\\/03\\\/asfaltamento_ijicatu_leliveldia_fora_caminhos_de_minas.jpg\",\"contentUrl\":\"https:\\\/\\\/aconteceunovale.com.br\\\/portal\\\/wp-content\\\/uploads\\\/2014\\\/03\\\/asfaltamento_ijicatu_leliveldia_fora_caminhos_de_minas.jpg\",\"width\":640,\"height\":360},{\"@type\":\"BreadcrumbList\",\"@id\":\"https:\\\/\\\/aconteceunovale.com.br\\\/portal\\\/?p=24558#breadcrumb\",\"itemListElement\":[{\"@type\":\"ListItem\",\"position\":1,\"name\":\"In\u00edcio\",\"item\":\"https:\\\/\\\/aconteceunovale.com.br\\\/portal\\\/\"},{\"@type\":\"ListItem\",\"position\":2,\"name\":\"Resposta do Governo sobre o asfalto entre Ijicatu e Virgem da Lapa\"}]},{\"@type\":\"WebSite\",\"@id\":\"https:\\\/\\\/aconteceunovale.com.br\\\/portal\\\/#website\",\"url\":\"https:\\\/\\\/aconteceunovale.com.br\\\/portal\\\/\",\"name\":\"Aconteceu no Vale\",\"description\":\"Portal de Not\u00edcias\",\"potentialAction\":[{\"@type\":\"SearchAction\",\"target\":{\"@type\":\"EntryPoint\",\"urlTemplate\":\"https:\\\/\\\/aconteceunovale.com.br\\\/portal\\\/?s={search_term_string}\"},\"query-input\":{\"@type\":\"PropertyValueSpecification\",\"valueRequired\":true,\"valueName\":\"search_term_string\"}}],\"inLanguage\":\"pt-BR\"},{\"@type\":\"Person\",\"@id\":\"https:\\\/\\\/aconteceunovale.com.br\\\/portal\\\/#\\\/schema\\\/person\\\/633529146f2c94272bef50ac2953d589\",\"name\":\"Aconteceu no Vale\",\"description\":\"Equipe de reportagem do Aconteceu no Vale, portal de not\u00edcias do Vale do Jequitinhonha, em Minas Gerais. Cobrimos as 51 cidades do Vale desde 2013. Sugest\u00f5es de pauta e pedidos de corre\u00e7\u00e3o: contato@aconteceunovale.com.br\",\"sameAs\":[\"http:\\\/\\\/www.aconteceunovale.com.br\"],\"url\":\"https:\\\/\\\/aconteceunovale.com.br\\\/portal\\\/?author=1\"}]}<\/script>\n<!-- \/ Yoast SEO plugin. -->","yoast_head_json":{"title":"Resposta do Governo sobre o asfalto entre Ijicatu e Virgem da Lapa - Aconteceu no Vale","robots":{"index":"index","follow":"follow","max-snippet":"max-snippet:-1","max-image-preview":"max-image-preview:large","max-video-preview":"max-video-preview:-1"},"canonical":"https:\/\/aconteceunovale.com.br\/portal\/?p=24558","og_locale":"pt_BR","og_type":"article","og_title":"Resposta do Governo sobre o asfalto entre Ijicatu e Virgem da Lapa - Aconteceu no Vale","og_description":"Em of\u00edcio ao Governador de Minas Gerais, Ant\u00f4nio Anastasia, o prefeito de Virgem da Lapa Harley Lopes cobrou atitudes sobre o trecho que liga Ijicatu a Virgem da Lapa, o mesmo havia ficado por fora da publica\u00e7\u00e3o no Programa Caminhos de Minas. Na \u00faltima semana, o Prefeito recebeu o of\u00edcio em resposta a quest\u00e3o. Segundo [&hellip;]","og_url":"https:\/\/aconteceunovale.com.br\/portal\/?p=24558","og_site_name":"Aconteceu no Vale","article_publisher":"https:\/\/www.facebook.com\/aconteceunovale\/","article_published_time":"2014-03-25T14:02:23+00:00","article_modified_time":"2026-09-02T16:58:07+00:00","og_image":[{"width":640,"height":360,"url":"https:\/\/aconteceunovale.com.br\/portal\/wp-content\/uploads\/2014\/03\/asfaltamento_ijicatu_leliveldia_fora_caminhos_de_minas.jpg","type":"image\/jpeg"}],"author":"Aconteceu no Vale","twitter_card":"summary_large_image","twitter_creator":"@noticiadosvales","twitter_site":"@noticiadosvales","twitter_misc":{"Escrito por":"Aconteceu no Vale","Est. tempo de leitura":"1 minuto"},"schema":{"@context":"https:\/\/schema.org","@graph":[{"@type":"Article","@id":"https:\/\/aconteceunovale.com.br\/portal\/?p=24558#article","isPartOf":{"@id":"https:\/\/aconteceunovale.com.br\/portal\/?p=24558"},"author":{"name":"Aconteceu no Vale","@id":"https:\/\/aconteceunovale.com.br\/portal\/#\/schema\/person\/633529146f2c94272bef50ac2953d589"},"headline":"Resposta do Governo sobre o asfalto entre Ijicatu e Virgem da Lapa","datePublished":"2014-03-25T14:02:23+00:00","dateModified":"2026-09-02T16:58:07+00:00","mainEntityOfPage":{"@id":"https:\/\/aconteceunovale.com.br\/portal\/?p=24558"},"wordCount":280,"commentCount":0,"image":{"@id":"https:\/\/aconteceunovale.com.br\/portal\/?p=24558#primaryimage"},"thumbnailUrl":"https:\/\/aconteceunovale.com.br\/portal\/wp-content\/uploads\/2014\/03\/asfaltamento_ijicatu_leliveldia_fora_caminhos_de_minas.jpg","keywords":["Chapada do Norte","Ijicatu","jos\u00e9 gon\u00e7alves de minas","Resposta do Governo sobre o asfalto entre Ijicatu e Virgem da Lapa","Virgem da Lapa"],"articleSection":["Vale do Jequitinhonha","Virgem da Lapa"],"inLanguage":"pt-BR","potentialAction":[{"@type":"CommentAction","name":"Comment","target":["https:\/\/aconteceunovale.com.br\/portal\/?p=24558#respond"]}]},{"@type":"WebPage","@id":"https:\/\/aconteceunovale.com.br\/portal\/?p=24558","url":"https:\/\/aconteceunovale.com.br\/portal\/?p=24558","name":"Resposta do Governo sobre o asfalto entre Ijicatu e Virgem da Lapa - Aconteceu no Vale","isPartOf":{"@id":"https:\/\/aconteceunovale.com.br\/portal\/#website"},"primaryImageOfPage":{"@id":"https:\/\/aconteceunovale.com.br\/portal\/?p=24558#primaryimage"},"image":{"@id":"https:\/\/aconteceunovale.com.br\/portal\/?p=24558#primaryimage"},"thumbnailUrl":"https:\/\/aconteceunovale.com.br\/portal\/wp-content\/uploads\/2014\/03\/asfaltamento_ijicatu_leliveldia_fora_caminhos_de_minas.jpg","datePublished":"2014-03-25T14:02:23+00:00","dateModified":"2026-09-02T16:58:07+00:00","author":{"@id":"https:\/\/aconteceunovale.com.br\/portal\/#\/schema\/person\/633529146f2c94272bef50ac2953d589"},"breadcrumb":{"@id":"https:\/\/aconteceunovale.com.br\/portal\/?p=24558#breadcrumb"},"inLanguage":"pt-BR","potentialAction":[{"@type":"ReadAction","target":["https:\/\/aconteceunovale.com.br\/portal\/?p=24558"]}]},{"@type":"ImageObject","inLanguage":"pt-BR","@id":"https:\/\/aconteceunovale.com.br\/portal\/?p=24558#primaryimage","url":"https:\/\/aconteceunovale.com.br\/portal\/wp-content\/uploads\/2014\/03\/asfaltamento_ijicatu_leliveldia_fora_caminhos_de_minas.jpg","contentUrl":"https:\/\/aconteceunovale.com.br\/portal\/wp-content\/uploads\/2014\/03\/asfaltamento_ijicatu_leliveldia_fora_caminhos_de_minas.jpg","width":640,"height":360},{"@type":"BreadcrumbList","@id":"https:\/\/aconteceunovale.com.br\/portal\/?p=24558#breadcrumb","itemListElement":[{"@type":"ListItem","position":1,"name":"In\u00edcio","item":"https:\/\/aconteceunovale.com.br\/portal\/"},{"@type":"ListItem","position":2,"name":"Resposta do Governo sobre o asfalto entre Ijicatu e Virgem da Lapa"}]},{"@type":"WebSite","@id":"https:\/\/aconteceunovale.com.br\/portal\/#website","url":"https:\/\/aconteceunovale.com.br\/portal\/","name":"Aconteceu no Vale","description":"Portal de Not\u00edcias","potentialAction":[{"@type":"SearchAction","target":{"@type":"EntryPoint","urlTemplate":"https:\/\/aconteceunovale.com.br\/portal\/?s={search_term_string}"},"query-input":{"@type":"PropertyValueSpecification","valueRequired":true,"valueName":"search_term_string"}}],"inLanguage":"pt-BR"},{"@type":"Person","@id":"https:\/\/aconteceunovale.com.br\/portal\/#\/schema\/person\/633529146f2c94272bef50ac2953d589","name":"Aconteceu no Vale","description":"Equipe de reportagem do Aconteceu no Vale, portal de not\u00edcias do Vale do Jequitinhonha, em Minas Gerais. Cobrimos as 51 cidades do Vale desde 2013. Sugest\u00f5es de pauta e pedidos de corre\u00e7\u00e3o: contato@aconteceunovale.com.br","sameAs":["http:\/\/www.aconteceunovale.com.br"],"url":"https:\/\/aconteceunovale.com.br\/portal\/?author=1"}]}},"_links":{"self":[{"href":"https:\/\/aconteceunovale.com.br\/portal\/index.php?rest_route=\/wp\/v2\/posts\/24558","targetHints":{"allow":["GET"]}}],"collection":[{"href":"https:\/\/aconteceunovale.com.br\/portal\/index.php?rest_route=\/wp\/v2\/posts"}],"about":[{"href":"https:\/\/aconteceunovale.com.br\/portal\/index.php?rest_route=\/wp\/v2\/types\/post"}],"author":[{"embeddable":true,"href":"https:\/\/aconteceunovale.com.br\/portal\/index.php?rest_route=\/wp\/v2\/users\/1"}],"replies":[{"embeddable":true,"href":"https:\/\/aconteceunovale.com.br\/portal\/index.php?rest_route=%2Fwp%2Fv2%2Fcomments&post=24558"}],"version-history":[{"count":1,"href":"https:\/\/aconteceunovale.com.br\/portal\/index.php?rest_route=\/wp\/v2\/posts\/24558\/revisions"}],"predecessor-version":[{"id":202061,"href":"https:\/\/aconteceunovale.com.br\/portal\/index.php?rest_route=\/wp\/v2\/posts\/24558\/revisions\/202061"}],"wp:featuredmedia":[{"embeddable":true,"href":"https:\/\/aconteceunovale.com.br\/portal\/index.php?rest_route=\/wp\/v2\/media\/23735"}],"wp:attachment":[{"href":"https:\/\/aconteceunovale.com.br\/portal\/index.php?rest_route=%2Fwp%2Fv2%2Fmedia&parent=24558"}],"wp:term":[{"taxonomy":"category","embeddable":true,"href":"https:\/\/aconteceunovale.com.br\/portal\/index.php?rest_route=%2Fwp%2Fv2%2Fcategories&post=24558"},{"taxonomy":"post_tag","embeddable":true,"href":"https:\/\/aconteceunovale.com.br\/portal\/index.php?rest_route=%2Fwp%2Fv2%2Ftags&post=24558"}],"curies":[{"name":"wp","href":"https:\/\/api.w.org\/{rel}","templated":true}]}}