{"id":24550,"date":"2014-03-25T10:27:24","date_gmt":"2014-03-25T13:27:24","guid":{"rendered":"http:\/\/aconteceunovale.com.br\/portal\/?p=24550"},"modified":"2014-03-25T10:27:24","modified_gmt":"2014-03-25T13:27:24","slug":"acusado-de-matar-reporteres-e-novamente-ouvido-em-audiencia","status":"publish","type":"post","link":"https:\/\/aconteceunovale.com.br\/portal\/?p=24550","title":{"rendered":"Acusado de matar rep\u00f3rteres \u00e9 novamente ouvido em audi\u00eancia"},"content":{"rendered":"<p>Foi realizada na tarde dessa segunda-feira (24), no f\u00f3rum de Coronel Fabriciano, a primeira audi\u00eancia judicial do caso Walgney Carvalho, rep\u00f3rter fotogr\u00e1fico assassinado a tiros em abril de 2013. O acusado do crime, Alessandro Neves Augusto, o Pitote, prestou depoimento em ju\u00edzo e declarou, mais uma vez, ser inocente.<\/p>\n<p>Durante a audi\u00eancia de instru\u00e7\u00e3o foram ouvidas ainda testemunhas de acusa\u00e7\u00e3o e defesa, arroladas no processo.<\/p>\n<p>Pitote chegou ao F\u00f3rum de Coronel Fabriciano acompanhado de seu advogado, Rodrigo M\u00e1rcio do Carmo Silva. Seu depoimento durou cerca de uma hora e foi acompanhado pela promotora Carolina Pestana, representante do Minist\u00e9rio P\u00fablico no caso, e pelo juiz Vitor Lu\u00eds de Almeida, que presidiu os trabalhos.<\/p>\n<p><img decoding=\"async\" src=\"http:\/\/aconteceunovale.com.br\/portal\/wp-content\/uploads\/2014\/03\/acusado_de_matar_rodrigo_neto.jpg\" alt=\"\" \/><br \/>\n<em>(Foto: Patr\u00edcia Belo \/ G1)<\/em><\/p>\n<h3><strong>Defesa<\/strong><\/h3>\n<p>A tese da defesa usada durante a audi\u00eancia desta segunda foi a mesma apresentada no final do ano passado durante a audi\u00eancia do caso da morte do jornalista Rodrigo Neto, em que Pitote tamb\u00e9m \u00e9 apontado como principal acusado.<\/p>\n<p>Segundo o advogado de defesa, Alessandro seria inocente dos dois crimes. A morte de Rodrigo teria sido tramada e executada por Carvalho e uma terceira pessoa, conhecida como Serginho. Ainda segundo Rodrigo M\u00e1rcio, ap\u00f3s a morte de Rodrigo, esta terceira pessoa teria assassinado Carvalho por temer que ele revelasse a hist\u00f3ria.<\/p>\n<p>Ap\u00f3s a audi\u00eancia, Pitote retornou para a cidade de Contagem, na regi\u00e3o metropolitana de Belo Horizonte, onde se encontra detido desde junho de 2013, na penitenci\u00e1ria Nelson Hungria. O processo judicial entra, nos pr\u00f3ximos dias, em sua \u00faltima fase: a das alega\u00e7\u00f5es finais, onde ser\u00e1 decido se o r\u00e9u ir\u00e1 ou n\u00e3o a julgamento.<\/p>\n<h3><strong>Queima de arquivo<\/strong><\/h3>\n<p>De acordo com a den\u00fancia do MP, Carvalho teria sido morto por Pitote por queima de arquivo. Segundo o inqu\u00e9rito, o rep\u00f3rter fotogr\u00e1fico teria afirmado por diversas vezes que sabia quem havia matado Rodrigo Neto. A hist\u00f3ria foi revelada pela Pol\u00edcia Civil de Belo Horizonte, que investigou o caso.<\/p>\n<p>O mesmo Pitote teria, no dia 8 de mar\u00e7o de 2013, assassinado Rodrigo em companhia do detetive L\u00facio L\u00edrio Leal. Os dois crimes tiveram como semelhan\u00e7a o modus operandi \u2013 foram cometidos por motociclistas armados, que atiraram em pontos vitais das v\u00edtimas \u2013 e a arma. Pela an\u00e1lise bal\u00edstica dos proj\u00e9teis recuperados dos corpos de Rodrigo e Carvalho, ficou comprovado que as balas sa\u00edram da mesma arma de fogo, embora ela nunca tenha sido encontrada.<\/p>\n<p>O argumento de que Serginho seria o verdadeiro respons\u00e1vel pela morte de Carvalho foi recha\u00e7ado pela acusa\u00e7\u00e3o, assim como ocorreu em Ipatinga, onde corre o processo da morte de Rodrigo.<\/p>\n<p>Para a acusa\u00e7\u00e3o, Serginho seria fruto da imagina\u00e7\u00e3o de Pitote e um \u00e1libi \u201crepetido\u201d \u2013 o mesmo nome foi apontado por Alessandro como sendo o autor de uma dupla tentativa de homic\u00eddio ocorrida em Vargem Alegre em 2012, em que ele tamb\u00e9m seria o autor. (G1)<\/p>\n","protected":false},"excerpt":{"rendered":"<p>Foi realizada na tarde dessa segunda-feira (24), no f\u00f3rum de Coronel Fabriciano, a primeira audi\u00eancia judicial do caso Walgney Carvalho, rep\u00f3rter fotogr\u00e1fico assassinado a tiros em abril de 2013. O acusado do crime, Alessandro Neves Augusto, o Pitote, prestou depoimento em ju\u00edzo e declarou, mais uma vez, ser inocente. Durante a audi\u00eancia de instru\u00e7\u00e3o foram [&hellip;]<\/p>\n","protected":false},"author":1,"featured_media":24551,"comment_status":"open","ping_status":"closed","sticky":false,"template":"","format":"standard","meta":{"amp_status":"","footnotes":""},"categories":[121],"tags":[5918,5921,5919,4637,1524,1018,201,5920],"class_list":["post-24550","post","type-post","status-publish","format-standard","has-post-thumbnail","hentry","category-leste","tag-acusado-de-matar-reporteres-e-novamente-ouvido-em-audiencia","tag-acusado-de-matar-rodrigo-neto","tag-alessandro-neves-augusto","tag-caso-rodrigo-neto","tag-coronel-fabriciano","tag-destaque","tag-ipatinga","tag-pitote"],"yoast_head":"<!-- This site is optimized with the Yoast SEO plugin v28.3 - https:\/\/yoast.com\/product\/yoast-seo-wordpress\/ -->\n<title>Acusado de matar rep\u00f3rteres \u00e9 novamente ouvido em audi\u00eancia - Aconteceu no Vale<\/title>\n<meta name=\"robots\" content=\"index, follow, max-snippet:-1, max-image-preview:large, max-video-preview:-1\" \/>\n<link rel=\"canonical\" href=\"https:\/\/aconteceunovale.com.br\/portal\/?p=24550\" \/>\n<meta property=\"og:locale\" content=\"pt_BR\" \/>\n<meta property=\"og:type\" content=\"article\" \/>\n<meta property=\"og:title\" content=\"Acusado de matar rep\u00f3rteres \u00e9 novamente ouvido em audi\u00eancia - Aconteceu no Vale\" \/>\n<meta property=\"og:description\" content=\"Foi realizada na tarde dessa segunda-feira (24), no f\u00f3rum de Coronel Fabriciano, a primeira audi\u00eancia judicial do caso Walgney Carvalho, rep\u00f3rter fotogr\u00e1fico assassinado a tiros em abril de 2013. O acusado do crime, Alessandro Neves Augusto, o Pitote, prestou depoimento em ju\u00edzo e declarou, mais uma vez, ser inocente. Durante a audi\u00eancia de instru\u00e7\u00e3o foram [&hellip;]\" \/>\n<meta property=\"og:url\" content=\"https:\/\/aconteceunovale.com.br\/portal\/?p=24550\" \/>\n<meta property=\"og:site_name\" content=\"Aconteceu no Vale\" \/>\n<meta property=\"article:publisher\" content=\"https:\/\/www.facebook.com\/aconteceunovale\/\" \/>\n<meta property=\"article:published_time\" content=\"2014-03-25T13:27:24+00:00\" \/>\n<meta property=\"og:image\" content=\"https:\/\/aconteceunovale.com.br\/portal\/wp-content\/uploads\/2014\/03\/acusado_de_matar_rodrigo_neto.jpg\" \/>\n\t<meta property=\"og:image:width\" content=\"600\" \/>\n\t<meta property=\"og:image:height\" content=\"450\" \/>\n\t<meta property=\"og:image:type\" content=\"image\/jpeg\" \/>\n<meta name=\"author\" content=\"Aconteceu no Vale\" \/>\n<meta name=\"twitter:card\" content=\"summary_large_image\" \/>\n<meta name=\"twitter:creator\" content=\"@noticiadosvales\" \/>\n<meta name=\"twitter:site\" content=\"@noticiadosvales\" \/>\n<meta name=\"twitter:label1\" content=\"Escrito por\" \/>\n\t<meta name=\"twitter:data1\" content=\"Aconteceu no Vale\" \/>\n\t<meta name=\"twitter:label2\" content=\"Est. tempo de leitura\" \/>\n\t<meta name=\"twitter:data2\" content=\"3 minutos\" \/>\n<script type=\"application\/ld+json\" class=\"yoast-schema-graph\">{\"@context\":\"https:\\\/\\\/schema.org\",\"@graph\":[{\"@type\":\"Article\",\"@id\":\"https:\\\/\\\/aconteceunovale.com.br\\\/portal\\\/?p=24550#article\",\"isPartOf\":{\"@id\":\"https:\\\/\\\/aconteceunovale.com.br\\\/portal\\\/?p=24550\"},\"author\":{\"name\":\"Aconteceu no Vale\",\"@id\":\"https:\\\/\\\/aconteceunovale.com.br\\\/portal\\\/#\\\/schema\\\/person\\\/633529146f2c94272bef50ac2953d589\"},\"headline\":\"Acusado de matar rep\u00f3rteres \u00e9 novamente ouvido em audi\u00eancia\",\"datePublished\":\"2014-03-25T13:27:24+00:00\",\"mainEntityOfPage\":{\"@id\":\"https:\\\/\\\/aconteceunovale.com.br\\\/portal\\\/?p=24550\"},\"wordCount\":514,\"commentCount\":0,\"image\":{\"@id\":\"https:\\\/\\\/aconteceunovale.com.br\\\/portal\\\/?p=24550#primaryimage\"},\"thumbnailUrl\":\"https:\\\/\\\/aconteceunovale.com.br\\\/portal\\\/wp-content\\\/uploads\\\/2014\\\/03\\\/acusado_de_matar_rodrigo_neto.jpg\",\"keywords\":[\"Acusado de matar rep\u00f3rteres \u00e9 novamente ouvido em audi\u00eancia\",\"acusado de matar rodrigo neto\",\"Alessandro Neves Augusto\",\"Caso Rodrigo Neto\",\"Coronel Fabriciano\",\"destaque\",\"Ipatinga\",\"Pitote\"],\"articleSection\":[\"Leste de Minas\"],\"inLanguage\":\"pt-BR\",\"potentialAction\":[{\"@type\":\"CommentAction\",\"name\":\"Comment\",\"target\":[\"https:\\\/\\\/aconteceunovale.com.br\\\/portal\\\/?p=24550#respond\"]}]},{\"@type\":\"WebPage\",\"@id\":\"https:\\\/\\\/aconteceunovale.com.br\\\/portal\\\/?p=24550\",\"url\":\"https:\\\/\\\/aconteceunovale.com.br\\\/portal\\\/?p=24550\",\"name\":\"Acusado de matar rep\u00f3rteres \u00e9 novamente ouvido em audi\u00eancia - Aconteceu no Vale\",\"isPartOf\":{\"@id\":\"https:\\\/\\\/aconteceunovale.com.br\\\/portal\\\/#website\"},\"primaryImageOfPage\":{\"@id\":\"https:\\\/\\\/aconteceunovale.com.br\\\/portal\\\/?p=24550#primaryimage\"},\"image\":{\"@id\":\"https:\\\/\\\/aconteceunovale.com.br\\\/portal\\\/?p=24550#primaryimage\"},\"thumbnailUrl\":\"https:\\\/\\\/aconteceunovale.com.br\\\/portal\\\/wp-content\\\/uploads\\\/2014\\\/03\\\/acusado_de_matar_rodrigo_neto.jpg\",\"datePublished\":\"2014-03-25T13:27:24+00:00\",\"author\":{\"@id\":\"https:\\\/\\\/aconteceunovale.com.br\\\/portal\\\/#\\\/schema\\\/person\\\/633529146f2c94272bef50ac2953d589\"},\"breadcrumb\":{\"@id\":\"https:\\\/\\\/aconteceunovale.com.br\\\/portal\\\/?p=24550#breadcrumb\"},\"inLanguage\":\"pt-BR\",\"potentialAction\":[{\"@type\":\"ReadAction\",\"target\":[\"https:\\\/\\\/aconteceunovale.com.br\\\/portal\\\/?p=24550\"]}]},{\"@type\":\"ImageObject\",\"inLanguage\":\"pt-BR\",\"@id\":\"https:\\\/\\\/aconteceunovale.com.br\\\/portal\\\/?p=24550#primaryimage\",\"url\":\"https:\\\/\\\/aconteceunovale.com.br\\\/portal\\\/wp-content\\\/uploads\\\/2014\\\/03\\\/acusado_de_matar_rodrigo_neto.jpg\",\"contentUrl\":\"https:\\\/\\\/aconteceunovale.com.br\\\/portal\\\/wp-content\\\/uploads\\\/2014\\\/03\\\/acusado_de_matar_rodrigo_neto.jpg\",\"width\":600,\"height\":450},{\"@type\":\"BreadcrumbList\",\"@id\":\"https:\\\/\\\/aconteceunovale.com.br\\\/portal\\\/?p=24550#breadcrumb\",\"itemListElement\":[{\"@type\":\"ListItem\",\"position\":1,\"name\":\"In\u00edcio\",\"item\":\"https:\\\/\\\/aconteceunovale.com.br\\\/portal\\\/\"},{\"@type\":\"ListItem\",\"position\":2,\"name\":\"Acusado de matar rep\u00f3rteres \u00e9 novamente ouvido em audi\u00eancia\"}]},{\"@type\":\"WebSite\",\"@id\":\"https:\\\/\\\/aconteceunovale.com.br\\\/portal\\\/#website\",\"url\":\"https:\\\/\\\/aconteceunovale.com.br\\\/portal\\\/\",\"name\":\"Aconteceu no Vale\",\"description\":\"Portal de Not\u00edcias\",\"potentialAction\":[{\"@type\":\"SearchAction\",\"target\":{\"@type\":\"EntryPoint\",\"urlTemplate\":\"https:\\\/\\\/aconteceunovale.com.br\\\/portal\\\/?s={search_term_string}\"},\"query-input\":{\"@type\":\"PropertyValueSpecification\",\"valueRequired\":true,\"valueName\":\"search_term_string\"}}],\"inLanguage\":\"pt-BR\"},{\"@type\":\"Person\",\"@id\":\"https:\\\/\\\/aconteceunovale.com.br\\\/portal\\\/#\\\/schema\\\/person\\\/633529146f2c94272bef50ac2953d589\",\"name\":\"Aconteceu no Vale\",\"description\":\"Equipe de reportagem do Aconteceu no Vale, portal de not\u00edcias do Vale do Jequitinhonha, em Minas Gerais. Cobrimos as 51 cidades do Vale desde 2013. Sugest\u00f5es de pauta e pedidos de corre\u00e7\u00e3o: contato@aconteceunovale.com.br\",\"sameAs\":[\"http:\\\/\\\/www.aconteceunovale.com.br\"],\"url\":\"https:\\\/\\\/aconteceunovale.com.br\\\/portal\\\/?author=1\"}]}<\/script>\n<!-- \/ Yoast SEO plugin. -->","yoast_head_json":{"title":"Acusado de matar rep\u00f3rteres \u00e9 novamente ouvido em audi\u00eancia - Aconteceu no Vale","robots":{"index":"index","follow":"follow","max-snippet":"max-snippet:-1","max-image-preview":"max-image-preview:large","max-video-preview":"max-video-preview:-1"},"canonical":"https:\/\/aconteceunovale.com.br\/portal\/?p=24550","og_locale":"pt_BR","og_type":"article","og_title":"Acusado de matar rep\u00f3rteres \u00e9 novamente ouvido em audi\u00eancia - Aconteceu no Vale","og_description":"Foi realizada na tarde dessa segunda-feira (24), no f\u00f3rum de Coronel Fabriciano, a primeira audi\u00eancia judicial do caso Walgney Carvalho, rep\u00f3rter fotogr\u00e1fico assassinado a tiros em abril de 2013. O acusado do crime, Alessandro Neves Augusto, o Pitote, prestou depoimento em ju\u00edzo e declarou, mais uma vez, ser inocente. Durante a audi\u00eancia de instru\u00e7\u00e3o foram [&hellip;]","og_url":"https:\/\/aconteceunovale.com.br\/portal\/?p=24550","og_site_name":"Aconteceu no Vale","article_publisher":"https:\/\/www.facebook.com\/aconteceunovale\/","article_published_time":"2014-03-25T13:27:24+00:00","og_image":[{"width":600,"height":450,"url":"https:\/\/aconteceunovale.com.br\/portal\/wp-content\/uploads\/2014\/03\/acusado_de_matar_rodrigo_neto.jpg","type":"image\/jpeg"}],"author":"Aconteceu no Vale","twitter_card":"summary_large_image","twitter_creator":"@noticiadosvales","twitter_site":"@noticiadosvales","twitter_misc":{"Escrito por":"Aconteceu no Vale","Est. tempo de leitura":"3 minutos"},"schema":{"@context":"https:\/\/schema.org","@graph":[{"@type":"Article","@id":"https:\/\/aconteceunovale.com.br\/portal\/?p=24550#article","isPartOf":{"@id":"https:\/\/aconteceunovale.com.br\/portal\/?p=24550"},"author":{"name":"Aconteceu no Vale","@id":"https:\/\/aconteceunovale.com.br\/portal\/#\/schema\/person\/633529146f2c94272bef50ac2953d589"},"headline":"Acusado de matar rep\u00f3rteres \u00e9 novamente ouvido em audi\u00eancia","datePublished":"2014-03-25T13:27:24+00:00","mainEntityOfPage":{"@id":"https:\/\/aconteceunovale.com.br\/portal\/?p=24550"},"wordCount":514,"commentCount":0,"image":{"@id":"https:\/\/aconteceunovale.com.br\/portal\/?p=24550#primaryimage"},"thumbnailUrl":"https:\/\/aconteceunovale.com.br\/portal\/wp-content\/uploads\/2014\/03\/acusado_de_matar_rodrigo_neto.jpg","keywords":["Acusado de matar rep\u00f3rteres \u00e9 novamente ouvido em audi\u00eancia","acusado de matar rodrigo neto","Alessandro Neves Augusto","Caso Rodrigo Neto","Coronel Fabriciano","destaque","Ipatinga","Pitote"],"articleSection":["Leste de Minas"],"inLanguage":"pt-BR","potentialAction":[{"@type":"CommentAction","name":"Comment","target":["https:\/\/aconteceunovale.com.br\/portal\/?p=24550#respond"]}]},{"@type":"WebPage","@id":"https:\/\/aconteceunovale.com.br\/portal\/?p=24550","url":"https:\/\/aconteceunovale.com.br\/portal\/?p=24550","name":"Acusado de matar rep\u00f3rteres \u00e9 novamente ouvido em audi\u00eancia - Aconteceu no Vale","isPartOf":{"@id":"https:\/\/aconteceunovale.com.br\/portal\/#website"},"primaryImageOfPage":{"@id":"https:\/\/aconteceunovale.com.br\/portal\/?p=24550#primaryimage"},"image":{"@id":"https:\/\/aconteceunovale.com.br\/portal\/?p=24550#primaryimage"},"thumbnailUrl":"https:\/\/aconteceunovale.com.br\/portal\/wp-content\/uploads\/2014\/03\/acusado_de_matar_rodrigo_neto.jpg","datePublished":"2014-03-25T13:27:24+00:00","author":{"@id":"https:\/\/aconteceunovale.com.br\/portal\/#\/schema\/person\/633529146f2c94272bef50ac2953d589"},"breadcrumb":{"@id":"https:\/\/aconteceunovale.com.br\/portal\/?p=24550#breadcrumb"},"inLanguage":"pt-BR","potentialAction":[{"@type":"ReadAction","target":["https:\/\/aconteceunovale.com.br\/portal\/?p=24550"]}]},{"@type":"ImageObject","inLanguage":"pt-BR","@id":"https:\/\/aconteceunovale.com.br\/portal\/?p=24550#primaryimage","url":"https:\/\/aconteceunovale.com.br\/portal\/wp-content\/uploads\/2014\/03\/acusado_de_matar_rodrigo_neto.jpg","contentUrl":"https:\/\/aconteceunovale.com.br\/portal\/wp-content\/uploads\/2014\/03\/acusado_de_matar_rodrigo_neto.jpg","width":600,"height":450},{"@type":"BreadcrumbList","@id":"https:\/\/aconteceunovale.com.br\/portal\/?p=24550#breadcrumb","itemListElement":[{"@type":"ListItem","position":1,"name":"In\u00edcio","item":"https:\/\/aconteceunovale.com.br\/portal\/"},{"@type":"ListItem","position":2,"name":"Acusado de matar rep\u00f3rteres \u00e9 novamente ouvido em audi\u00eancia"}]},{"@type":"WebSite","@id":"https:\/\/aconteceunovale.com.br\/portal\/#website","url":"https:\/\/aconteceunovale.com.br\/portal\/","name":"Aconteceu no Vale","description":"Portal de Not\u00edcias","potentialAction":[{"@type":"SearchAction","target":{"@type":"EntryPoint","urlTemplate":"https:\/\/aconteceunovale.com.br\/portal\/?s={search_term_string}"},"query-input":{"@type":"PropertyValueSpecification","valueRequired":true,"valueName":"search_term_string"}}],"inLanguage":"pt-BR"},{"@type":"Person","@id":"https:\/\/aconteceunovale.com.br\/portal\/#\/schema\/person\/633529146f2c94272bef50ac2953d589","name":"Aconteceu no Vale","description":"Equipe de reportagem do Aconteceu no Vale, portal de not\u00edcias do Vale do Jequitinhonha, em Minas Gerais. Cobrimos as 51 cidades do Vale desde 2013. Sugest\u00f5es de pauta e pedidos de corre\u00e7\u00e3o: contato@aconteceunovale.com.br","sameAs":["http:\/\/www.aconteceunovale.com.br"],"url":"https:\/\/aconteceunovale.com.br\/portal\/?author=1"}]}},"_links":{"self":[{"href":"https:\/\/aconteceunovale.com.br\/portal\/index.php?rest_route=\/wp\/v2\/posts\/24550","targetHints":{"allow":["GET"]}}],"collection":[{"href":"https:\/\/aconteceunovale.com.br\/portal\/index.php?rest_route=\/wp\/v2\/posts"}],"about":[{"href":"https:\/\/aconteceunovale.com.br\/portal\/index.php?rest_route=\/wp\/v2\/types\/post"}],"author":[{"embeddable":true,"href":"https:\/\/aconteceunovale.com.br\/portal\/index.php?rest_route=\/wp\/v2\/users\/1"}],"replies":[{"embeddable":true,"href":"https:\/\/aconteceunovale.com.br\/portal\/index.php?rest_route=%2Fwp%2Fv2%2Fcomments&post=24550"}],"version-history":[{"count":0,"href":"https:\/\/aconteceunovale.com.br\/portal\/index.php?rest_route=\/wp\/v2\/posts\/24550\/revisions"}],"wp:featuredmedia":[{"embeddable":true,"href":"https:\/\/aconteceunovale.com.br\/portal\/index.php?rest_route=\/wp\/v2\/media\/24551"}],"wp:attachment":[{"href":"https:\/\/aconteceunovale.com.br\/portal\/index.php?rest_route=%2Fwp%2Fv2%2Fmedia&parent=24550"}],"wp:term":[{"taxonomy":"category","embeddable":true,"href":"https:\/\/aconteceunovale.com.br\/portal\/index.php?rest_route=%2Fwp%2Fv2%2Fcategories&post=24550"},{"taxonomy":"post_tag","embeddable":true,"href":"https:\/\/aconteceunovale.com.br\/portal\/index.php?rest_route=%2Fwp%2Fv2%2Ftags&post=24550"}],"curies":[{"name":"wp","href":"https:\/\/api.w.org\/{rel}","templated":true}]}}