{"id":24544,"date":"2014-03-25T09:55:26","date_gmt":"2014-03-25T12:55:26","guid":{"rendered":"http:\/\/aconteceunovale.com.br\/portal\/?p=24544"},"modified":"2014-03-25T09:56:33","modified_gmt":"2014-03-25T12:56:33","slug":"unimontes-abre-inscricoes-com-745-vagas-para-o-vestibular-do-meio-de-ano","status":"publish","type":"post","link":"https:\/\/aconteceunovale.com.br\/portal\/?p=24544","title":{"rendered":"Unimontes abre inscri\u00e7\u00f5es com 745 vagas para o vestibular do meio de ano"},"content":{"rendered":"<p>A Universidade Estadual de Montes Claros (Unimontes) abriu as inscri\u00e7\u00f5es para o 3\u00ba Processo Seletivo 2014. Conforme o edital publicado pela Comiss\u00e3o T\u00e9cnica de Concursos (Cotec), a oferta neste vestibular \u00e9 de 745 vagas para o ingresso em 30 cursos de gradua\u00e7\u00e3o. As provas ser\u00e3o aplicadas em dois per\u00edodos no dia 8 de junho (Grupos I e II). Candidatos interessados devem se inscrever pelo portal eletr\u00f4nico <a href=\"http:\/\/www.cotec.unimontes.br\/\" target=\"_blank\">www.cotec.unimontes.br<\/a>. A taxa de inscri\u00e7\u00e3o \u00e9 de R$ 100,00 para um curso e R$ 190 se o candidato optar em concorrer em dois cursos.<\/p>\n<p>As inscri\u00e7\u00f5es pelo sistema universal devem ser feitas at\u00e9 o dia 23 de abril. J\u00e1 os candidatos ao sistema de reserva de vagas (ind\u00edgena\/portador de defici\u00eancia, afrodescendente e egresso da escola p\u00fablica carente) podem solicitar an\u00e1lise dos crit\u00e9rios socioecon\u00f4micos diante da possibilidade de isen\u00e7\u00e3o e ou desconto na taxa. O prazo para avalia\u00e7\u00e3o vai at\u00e9 o dia 4 de abril. Ap\u00f3s, esse per\u00edodo, as inscri\u00e7\u00f5es para estes candidatos se estender\u00e3o at\u00e9 21 de maio.<\/p>\n<p>Para o Grupo 1, com provas das 8h \u00e0s 13h, s\u00e3o oferecidas 409 vagas em 16 cursos: BOCAI\u00daVA: Qu\u00edmica; ESPINOSA: Letras\/Portugu\u00eas; JANA\u00daBA: Agronomia; JANU\u00c1RIA: Pedagogia; MONTES CLAROS: Ci\u00eancias Biol\u00f3gicas, Ci\u00eancias Cont\u00e1beis, Ci\u00eancias Econ\u00f4micas, Direito Diurno, Educa\u00e7\u00e3o F\u00edsica, Medicina, Geografia, Letras\/Espanhol, Matem\u00e1tica e Odontologia; PIRAPORA: Pedagogia; e UNA\u00cd: Ci\u00eancias Biol\u00f3gicas.<\/p>\n<p>No Grupo 2, a oferta \u00e9 de 336 vagas em 14 cursos: BOCAI\u00daVA: F\u00edsica; JANA\u00daBA: Agronomia; JANU\u00c1RIA: Pedagogia; MONTES CLAROS: Administra\u00e7\u00e3o, Ci\u00eancias Sociais, Direito Noturno, Educa\u00e7\u00e3o F\u00edsica (Licenciatura), Engenharia Civil, Hist\u00f3ria, Letras\/Portugu\u00eas, Enfermagem, Pedagogia e Sistemas de Informa\u00e7\u00e3o; PIRAPORA: Geografia. As provas acontecem das 15h \u00e0s 20h.<\/p>\n<h3><strong>Provas<\/strong><\/h3>\n<p>No ato da inscri\u00e7\u00e3o, o candidato pode optar pelos seguintes locais de prova: Bocaiuva, Espinosa, Jana\u00faba, Janu\u00e1ria, Montes Claros, Pirapora, Una\u00ed e Belo Horizonte. Mais informa\u00e7\u00f5es sobre o vestibular de meio de ano da Unimontes pelo telefone (38) 3229-8080, das 8h \u00e0s 18h, na Comiss\u00e3o T\u00e9cnica de Concursos (Pr\u00e9dio 4 \u2013 Campus-sede) e pelo ou pelo e-mail cotec@unimontes.br.<\/p>\n<h3><strong>Servi\u00e7o:<\/strong><\/h3>\n<p>Inscri\u00e7\u00f5es para o 3\u00ba Processo Seletivo 2014<\/p>\n<p><strong>Vagas:<\/strong> 745<\/p>\n<p><strong>Prazos:<\/strong><\/p>\n<p> \u2013 4 de abril (an\u00e1lise socioecon\u00f4mica para isen\u00e7\u00e3o\/desconto)<\/p>\n<p>&#8211; 23 de abril (sistema universal)<\/p>\n<p>&#8211; 21 de maio (sistema de reserva de vagas)<\/p>\n<p><strong>Mais informa\u00e7\u00f5es:<\/strong> (38) 3229-8080<\/p>\n","protected":false},"excerpt":{"rendered":"<p>A Universidade Estadual de Montes Claros (Unimontes) abriu as inscri\u00e7\u00f5es para o 3\u00ba Processo Seletivo 2014. Conforme o edital publicado pela Comiss\u00e3o T\u00e9cnica de Concursos (Cotec), a oferta neste vestibular \u00e9 de 745 vagas para o ingresso em 30 cursos de gradua\u00e7\u00e3o. As provas ser\u00e3o aplicadas em dois per\u00edodos no dia 8 de junho (Grupos [&hellip;]<\/p>\n","protected":false},"author":1,"featured_media":19591,"comment_status":"open","ping_status":"closed","sticky":false,"template":"","format":"standard","meta":{"amp_status":"","footnotes":""},"categories":[123],"tags":[763,5913,5914],"class_list":["post-24544","post","type-post","status-publish","format-standard","has-post-thumbnail","hentry","category-gerais","tag-unimontes","tag-unimontes-abre-inscricoes-com-745-vagas-para-o-vestibular-do-meio-de-ano","tag-vestibular-da-unimontes"],"yoast_head":"<!-- This site is optimized with the Yoast SEO plugin v28.3 - https:\/\/yoast.com\/product\/yoast-seo-wordpress\/ -->\n<title>Unimontes abre inscri\u00e7\u00f5es com 745 vagas para o vestibular do meio de ano - Aconteceu no Vale<\/title>\n<meta name=\"robots\" content=\"index, follow, max-snippet:-1, max-image-preview:large, max-video-preview:-1\" \/>\n<link rel=\"canonical\" href=\"https:\/\/aconteceunovale.com.br\/portal\/?p=24544\" \/>\n<meta property=\"og:locale\" content=\"pt_BR\" \/>\n<meta property=\"og:type\" content=\"article\" \/>\n<meta property=\"og:title\" content=\"Unimontes abre inscri\u00e7\u00f5es com 745 vagas para o vestibular do meio de ano - Aconteceu no Vale\" \/>\n<meta property=\"og:description\" content=\"A Universidade Estadual de Montes Claros (Unimontes) abriu as inscri\u00e7\u00f5es para o 3\u00ba Processo Seletivo 2014. Conforme o edital publicado pela Comiss\u00e3o T\u00e9cnica de Concursos (Cotec), a oferta neste vestibular \u00e9 de 745 vagas para o ingresso em 30 cursos de gradua\u00e7\u00e3o. As provas ser\u00e3o aplicadas em dois per\u00edodos no dia 8 de junho (Grupos [&hellip;]\" \/>\n<meta property=\"og:url\" content=\"https:\/\/aconteceunovale.com.br\/portal\/?p=24544\" \/>\n<meta property=\"og:site_name\" content=\"Aconteceu no Vale\" \/>\n<meta property=\"article:publisher\" content=\"https:\/\/www.facebook.com\/aconteceunovale\/\" \/>\n<meta property=\"article:published_time\" content=\"2014-03-25T12:55:26+00:00\" \/>\n<meta property=\"article:modified_time\" content=\"2014-03-25T12:56:33+00:00\" \/>\n<meta property=\"og:image\" content=\"https:\/\/aconteceunovale.com.br\/portal\/wp-content\/uploads\/2014\/01\/unimontes.jpg\" \/>\n\t<meta property=\"og:image:width\" content=\"630\" \/>\n\t<meta property=\"og:image:height\" content=\"340\" \/>\n\t<meta property=\"og:image:type\" content=\"image\/jpeg\" \/>\n<meta name=\"author\" content=\"Aconteceu no Vale\" \/>\n<meta name=\"twitter:card\" content=\"summary_large_image\" \/>\n<meta name=\"twitter:creator\" content=\"@noticiadosvales\" \/>\n<meta name=\"twitter:site\" content=\"@noticiadosvales\" \/>\n<meta name=\"twitter:label1\" content=\"Escrito por\" \/>\n\t<meta name=\"twitter:data1\" content=\"Aconteceu no Vale\" \/>\n\t<meta name=\"twitter:label2\" content=\"Est. tempo de leitura\" \/>\n\t<meta name=\"twitter:data2\" content=\"2 minutos\" \/>\n<script type=\"application\/ld+json\" class=\"yoast-schema-graph\">{\"@context\":\"https:\\\/\\\/schema.org\",\"@graph\":[{\"@type\":\"Article\",\"@id\":\"https:\\\/\\\/aconteceunovale.com.br\\\/portal\\\/?p=24544#article\",\"isPartOf\":{\"@id\":\"https:\\\/\\\/aconteceunovale.com.br\\\/portal\\\/?p=24544\"},\"author\":{\"name\":\"Aconteceu no Vale\",\"@id\":\"https:\\\/\\\/aconteceunovale.com.br\\\/portal\\\/#\\\/schema\\\/person\\\/633529146f2c94272bef50ac2953d589\"},\"headline\":\"Unimontes abre inscri\u00e7\u00f5es com 745 vagas para o vestibular do meio de ano\",\"datePublished\":\"2014-03-25T12:55:26+00:00\",\"dateModified\":\"2014-03-25T12:56:33+00:00\",\"mainEntityOfPage\":{\"@id\":\"https:\\\/\\\/aconteceunovale.com.br\\\/portal\\\/?p=24544\"},\"wordCount\":412,\"commentCount\":0,\"image\":{\"@id\":\"https:\\\/\\\/aconteceunovale.com.br\\\/portal\\\/?p=24544#primaryimage\"},\"thumbnailUrl\":\"https:\\\/\\\/aconteceunovale.com.br\\\/portal\\\/wp-content\\\/uploads\\\/2014\\\/01\\\/unimontes.jpg\",\"keywords\":[\"Unimontes\",\"Unimontes abre inscri\u00e7\u00f5es com 745 vagas para o vestibular do meio de ano\",\"Vestibular da Unimontes\"],\"articleSection\":[\"Minas Gerais\"],\"inLanguage\":\"pt-BR\",\"potentialAction\":[{\"@type\":\"CommentAction\",\"name\":\"Comment\",\"target\":[\"https:\\\/\\\/aconteceunovale.com.br\\\/portal\\\/?p=24544#respond\"]}]},{\"@type\":\"WebPage\",\"@id\":\"https:\\\/\\\/aconteceunovale.com.br\\\/portal\\\/?p=24544\",\"url\":\"https:\\\/\\\/aconteceunovale.com.br\\\/portal\\\/?p=24544\",\"name\":\"Unimontes abre inscri\u00e7\u00f5es com 745 vagas para o vestibular do meio de ano - Aconteceu no Vale\",\"isPartOf\":{\"@id\":\"https:\\\/\\\/aconteceunovale.com.br\\\/portal\\\/#website\"},\"primaryImageOfPage\":{\"@id\":\"https:\\\/\\\/aconteceunovale.com.br\\\/portal\\\/?p=24544#primaryimage\"},\"image\":{\"@id\":\"https:\\\/\\\/aconteceunovale.com.br\\\/portal\\\/?p=24544#primaryimage\"},\"thumbnailUrl\":\"https:\\\/\\\/aconteceunovale.com.br\\\/portal\\\/wp-content\\\/uploads\\\/2014\\\/01\\\/unimontes.jpg\",\"datePublished\":\"2014-03-25T12:55:26+00:00\",\"dateModified\":\"2014-03-25T12:56:33+00:00\",\"author\":{\"@id\":\"https:\\\/\\\/aconteceunovale.com.br\\\/portal\\\/#\\\/schema\\\/person\\\/633529146f2c94272bef50ac2953d589\"},\"breadcrumb\":{\"@id\":\"https:\\\/\\\/aconteceunovale.com.br\\\/portal\\\/?p=24544#breadcrumb\"},\"inLanguage\":\"pt-BR\",\"potentialAction\":[{\"@type\":\"ReadAction\",\"target\":[\"https:\\\/\\\/aconteceunovale.com.br\\\/portal\\\/?p=24544\"]}]},{\"@type\":\"ImageObject\",\"inLanguage\":\"pt-BR\",\"@id\":\"https:\\\/\\\/aconteceunovale.com.br\\\/portal\\\/?p=24544#primaryimage\",\"url\":\"https:\\\/\\\/aconteceunovale.com.br\\\/portal\\\/wp-content\\\/uploads\\\/2014\\\/01\\\/unimontes.jpg\",\"contentUrl\":\"https:\\\/\\\/aconteceunovale.com.br\\\/portal\\\/wp-content\\\/uploads\\\/2014\\\/01\\\/unimontes.jpg\",\"width\":630,\"height\":340},{\"@type\":\"BreadcrumbList\",\"@id\":\"https:\\\/\\\/aconteceunovale.com.br\\\/portal\\\/?p=24544#breadcrumb\",\"itemListElement\":[{\"@type\":\"ListItem\",\"position\":1,\"name\":\"In\u00edcio\",\"item\":\"https:\\\/\\\/aconteceunovale.com.br\\\/portal\\\/\"},{\"@type\":\"ListItem\",\"position\":2,\"name\":\"Unimontes abre inscri\u00e7\u00f5es com 745 vagas para o vestibular do meio de ano\"}]},{\"@type\":\"WebSite\",\"@id\":\"https:\\\/\\\/aconteceunovale.com.br\\\/portal\\\/#website\",\"url\":\"https:\\\/\\\/aconteceunovale.com.br\\\/portal\\\/\",\"name\":\"Aconteceu no Vale\",\"description\":\"Portal de Not\u00edcias\",\"potentialAction\":[{\"@type\":\"SearchAction\",\"target\":{\"@type\":\"EntryPoint\",\"urlTemplate\":\"https:\\\/\\\/aconteceunovale.com.br\\\/portal\\\/?s={search_term_string}\"},\"query-input\":{\"@type\":\"PropertyValueSpecification\",\"valueRequired\":true,\"valueName\":\"search_term_string\"}}],\"inLanguage\":\"pt-BR\"},{\"@type\":\"Person\",\"@id\":\"https:\\\/\\\/aconteceunovale.com.br\\\/portal\\\/#\\\/schema\\\/person\\\/633529146f2c94272bef50ac2953d589\",\"name\":\"Aconteceu no Vale\",\"description\":\"Equipe de reportagem do Aconteceu no Vale, portal de not\u00edcias do Vale do Jequitinhonha, em Minas Gerais. Cobrimos as 51 cidades do Vale desde 2013. Sugest\u00f5es de pauta e pedidos de corre\u00e7\u00e3o: contato@aconteceunovale.com.br\",\"sameAs\":[\"http:\\\/\\\/www.aconteceunovale.com.br\"],\"url\":\"https:\\\/\\\/aconteceunovale.com.br\\\/portal\\\/?author=1\"}]}<\/script>\n<!-- \/ Yoast SEO plugin. -->","yoast_head_json":{"title":"Unimontes abre inscri\u00e7\u00f5es com 745 vagas para o vestibular do meio de ano - Aconteceu no Vale","robots":{"index":"index","follow":"follow","max-snippet":"max-snippet:-1","max-image-preview":"max-image-preview:large","max-video-preview":"max-video-preview:-1"},"canonical":"https:\/\/aconteceunovale.com.br\/portal\/?p=24544","og_locale":"pt_BR","og_type":"article","og_title":"Unimontes abre inscri\u00e7\u00f5es com 745 vagas para o vestibular do meio de ano - Aconteceu no Vale","og_description":"A Universidade Estadual de Montes Claros (Unimontes) abriu as inscri\u00e7\u00f5es para o 3\u00ba Processo Seletivo 2014. Conforme o edital publicado pela Comiss\u00e3o T\u00e9cnica de Concursos (Cotec), a oferta neste vestibular \u00e9 de 745 vagas para o ingresso em 30 cursos de gradua\u00e7\u00e3o. As provas ser\u00e3o aplicadas em dois per\u00edodos no dia 8 de junho (Grupos [&hellip;]","og_url":"https:\/\/aconteceunovale.com.br\/portal\/?p=24544","og_site_name":"Aconteceu no Vale","article_publisher":"https:\/\/www.facebook.com\/aconteceunovale\/","article_published_time":"2014-03-25T12:55:26+00:00","article_modified_time":"2014-03-25T12:56:33+00:00","og_image":[{"width":630,"height":340,"url":"https:\/\/aconteceunovale.com.br\/portal\/wp-content\/uploads\/2014\/01\/unimontes.jpg","type":"image\/jpeg"}],"author":"Aconteceu no Vale","twitter_card":"summary_large_image","twitter_creator":"@noticiadosvales","twitter_site":"@noticiadosvales","twitter_misc":{"Escrito por":"Aconteceu no Vale","Est. tempo de leitura":"2 minutos"},"schema":{"@context":"https:\/\/schema.org","@graph":[{"@type":"Article","@id":"https:\/\/aconteceunovale.com.br\/portal\/?p=24544#article","isPartOf":{"@id":"https:\/\/aconteceunovale.com.br\/portal\/?p=24544"},"author":{"name":"Aconteceu no Vale","@id":"https:\/\/aconteceunovale.com.br\/portal\/#\/schema\/person\/633529146f2c94272bef50ac2953d589"},"headline":"Unimontes abre inscri\u00e7\u00f5es com 745 vagas para o vestibular do meio de ano","datePublished":"2014-03-25T12:55:26+00:00","dateModified":"2014-03-25T12:56:33+00:00","mainEntityOfPage":{"@id":"https:\/\/aconteceunovale.com.br\/portal\/?p=24544"},"wordCount":412,"commentCount":0,"image":{"@id":"https:\/\/aconteceunovale.com.br\/portal\/?p=24544#primaryimage"},"thumbnailUrl":"https:\/\/aconteceunovale.com.br\/portal\/wp-content\/uploads\/2014\/01\/unimontes.jpg","keywords":["Unimontes","Unimontes abre inscri\u00e7\u00f5es com 745 vagas para o vestibular do meio de ano","Vestibular da Unimontes"],"articleSection":["Minas Gerais"],"inLanguage":"pt-BR","potentialAction":[{"@type":"CommentAction","name":"Comment","target":["https:\/\/aconteceunovale.com.br\/portal\/?p=24544#respond"]}]},{"@type":"WebPage","@id":"https:\/\/aconteceunovale.com.br\/portal\/?p=24544","url":"https:\/\/aconteceunovale.com.br\/portal\/?p=24544","name":"Unimontes abre inscri\u00e7\u00f5es com 745 vagas para o vestibular do meio de ano - Aconteceu no Vale","isPartOf":{"@id":"https:\/\/aconteceunovale.com.br\/portal\/#website"},"primaryImageOfPage":{"@id":"https:\/\/aconteceunovale.com.br\/portal\/?p=24544#primaryimage"},"image":{"@id":"https:\/\/aconteceunovale.com.br\/portal\/?p=24544#primaryimage"},"thumbnailUrl":"https:\/\/aconteceunovale.com.br\/portal\/wp-content\/uploads\/2014\/01\/unimontes.jpg","datePublished":"2014-03-25T12:55:26+00:00","dateModified":"2014-03-25T12:56:33+00:00","author":{"@id":"https:\/\/aconteceunovale.com.br\/portal\/#\/schema\/person\/633529146f2c94272bef50ac2953d589"},"breadcrumb":{"@id":"https:\/\/aconteceunovale.com.br\/portal\/?p=24544#breadcrumb"},"inLanguage":"pt-BR","potentialAction":[{"@type":"ReadAction","target":["https:\/\/aconteceunovale.com.br\/portal\/?p=24544"]}]},{"@type":"ImageObject","inLanguage":"pt-BR","@id":"https:\/\/aconteceunovale.com.br\/portal\/?p=24544#primaryimage","url":"https:\/\/aconteceunovale.com.br\/portal\/wp-content\/uploads\/2014\/01\/unimontes.jpg","contentUrl":"https:\/\/aconteceunovale.com.br\/portal\/wp-content\/uploads\/2014\/01\/unimontes.jpg","width":630,"height":340},{"@type":"BreadcrumbList","@id":"https:\/\/aconteceunovale.com.br\/portal\/?p=24544#breadcrumb","itemListElement":[{"@type":"ListItem","position":1,"name":"In\u00edcio","item":"https:\/\/aconteceunovale.com.br\/portal\/"},{"@type":"ListItem","position":2,"name":"Unimontes abre inscri\u00e7\u00f5es com 745 vagas para o vestibular do meio de ano"}]},{"@type":"WebSite","@id":"https:\/\/aconteceunovale.com.br\/portal\/#website","url":"https:\/\/aconteceunovale.com.br\/portal\/","name":"Aconteceu no Vale","description":"Portal de Not\u00edcias","potentialAction":[{"@type":"SearchAction","target":{"@type":"EntryPoint","urlTemplate":"https:\/\/aconteceunovale.com.br\/portal\/?s={search_term_string}"},"query-input":{"@type":"PropertyValueSpecification","valueRequired":true,"valueName":"search_term_string"}}],"inLanguage":"pt-BR"},{"@type":"Person","@id":"https:\/\/aconteceunovale.com.br\/portal\/#\/schema\/person\/633529146f2c94272bef50ac2953d589","name":"Aconteceu no Vale","description":"Equipe de reportagem do Aconteceu no Vale, portal de not\u00edcias do Vale do Jequitinhonha, em Minas Gerais. Cobrimos as 51 cidades do Vale desde 2013. Sugest\u00f5es de pauta e pedidos de corre\u00e7\u00e3o: contato@aconteceunovale.com.br","sameAs":["http:\/\/www.aconteceunovale.com.br"],"url":"https:\/\/aconteceunovale.com.br\/portal\/?author=1"}]}},"_links":{"self":[{"href":"https:\/\/aconteceunovale.com.br\/portal\/index.php?rest_route=\/wp\/v2\/posts\/24544","targetHints":{"allow":["GET"]}}],"collection":[{"href":"https:\/\/aconteceunovale.com.br\/portal\/index.php?rest_route=\/wp\/v2\/posts"}],"about":[{"href":"https:\/\/aconteceunovale.com.br\/portal\/index.php?rest_route=\/wp\/v2\/types\/post"}],"author":[{"embeddable":true,"href":"https:\/\/aconteceunovale.com.br\/portal\/index.php?rest_route=\/wp\/v2\/users\/1"}],"replies":[{"embeddable":true,"href":"https:\/\/aconteceunovale.com.br\/portal\/index.php?rest_route=%2Fwp%2Fv2%2Fcomments&post=24544"}],"version-history":[{"count":0,"href":"https:\/\/aconteceunovale.com.br\/portal\/index.php?rest_route=\/wp\/v2\/posts\/24544\/revisions"}],"wp:featuredmedia":[{"embeddable":true,"href":"https:\/\/aconteceunovale.com.br\/portal\/index.php?rest_route=\/wp\/v2\/media\/19591"}],"wp:attachment":[{"href":"https:\/\/aconteceunovale.com.br\/portal\/index.php?rest_route=%2Fwp%2Fv2%2Fmedia&parent=24544"}],"wp:term":[{"taxonomy":"category","embeddable":true,"href":"https:\/\/aconteceunovale.com.br\/portal\/index.php?rest_route=%2Fwp%2Fv2%2Fcategories&post=24544"},{"taxonomy":"post_tag","embeddable":true,"href":"https:\/\/aconteceunovale.com.br\/portal\/index.php?rest_route=%2Fwp%2Fv2%2Ftags&post=24544"}],"curies":[{"name":"wp","href":"https:\/\/api.w.org\/{rel}","templated":true}]}}