{"id":24501,"date":"2014-03-24T20:44:39","date_gmt":"2014-03-24T23:44:39","guid":{"rendered":"http:\/\/aconteceunovale.com.br\/portal\/?p=24501"},"modified":"2014-03-24T21:20:38","modified_gmt":"2014-03-25T00:20:38","slug":"moto-taxista-morre-em-grave-acidente-no-perimetro-urbano-de-montes-claros","status":"publish","type":"post","link":"https:\/\/aconteceunovale.com.br\/portal\/?p=24501","title":{"rendered":"Moto taxista morre em grave acidente no per\u00edmetro urbano de Montes Claros"},"content":{"rendered":"<p>Um homem de 44 anos, identificado como Geraldo Ferreira da Silva, morreu em um acidente envolvendo duas motocicletas na tarde desta segunda-feira (24) na Avenida Jo\u00e3o XXIII, em Montes Claros (MG). Outras duas pessoas ficaram feridas.<\/p>\n<p>O mototaxista foi socorrido pelo Corpo de Bombeiros e por uma equipe do Servi\u00e7o de Atendimento M\u00f3vel de Urg\u00eancia, que interceptou a ambul\u00e2ncia dos bombeiros, ainda na Avenida Jo\u00e3o XXIII.<\/p>\n<p>Segundo o Samu, o homem sofreu um traumatismo craniencef\u00e1lico grave, fraturou o f\u00eamur da perna direita e teve escoria\u00e7\u00f5es generalizadas.<\/p>\n<p><img decoding=\"async\" src=\"http:\/\/aconteceunovale.com.br\/portal\/wp-content\/uploads\/2014\/03\/acidente_moto_taxista_moc_24.jpg\" alt=\"\" \/><br \/>\n<em>(Foto: Valdivan Veloso \/ G1)<\/em><\/p>\n<p>De acordo com os socorrista, foram realizadas manobras avan\u00e7adas e o paciente foi encaminhado \u00e0 Santa Casa. \u201cAssim que deu entrada no hospital, o estado do paciente se agravou, evoluindo para parada cardiorrespirat\u00f3ria. Foram realizadas manobras de ressuscita\u00e7\u00e3o dentro do Pronto Socorro da Santa Casa, mas o paciente n\u00e3o resistiu aos ferimentos e foi a \u00f3bito\u201d, informa o Samu em nota.<\/p>\n<p>O condutor da outra motocicleta, um homem de 30 anos, sofreu trauma na face e, ap\u00f3s receber os primeiros atendimentos, foi conduzido pelo SAMU para o Hospital Universit\u00e1rio Clemente de Faria.<\/p>\n<p>O mototaxista que morreu conduzia uma passageira, que tamb\u00e9m foi socorrida pelo Corpo de Bombeiros. Ela teve foi encaminhada para a Santa Casa e seu estado de sa\u00fade \u00e9 est\u00e1vel.<\/p>\n","protected":false},"excerpt":{"rendered":"<p>Um homem de 44 anos, identificado como Geraldo Ferreira da Silva, morreu em um acidente envolvendo duas motocicletas na tarde desta segunda-feira (24) na Avenida Jo\u00e3o XXIII, em Montes Claros (MG). Outras duas pessoas ficaram feridas. O mototaxista foi socorrido pelo Corpo de Bombeiros e por uma equipe do Servi\u00e7o de Atendimento M\u00f3vel de Urg\u00eancia, [&hellip;]<\/p>\n","protected":false},"author":1,"featured_media":24502,"comment_status":"open","ping_status":"closed","sticky":false,"template":"","format":"standard","meta":{"amp_status":"","footnotes":""},"categories":[1236],"tags":[1018,210,5886],"class_list":["post-24501","post","type-post","status-publish","format-standard","has-post-thumbnail","hentry","category-norte_de_minas","tag-destaque","tag-montes-claros","tag-moto-taxista-morre-em-grave-acidente-no-perimetro-urbano-de-montes-claros"],"_links":{"self":[{"href":"https:\/\/aconteceunovale.com.br\/portal\/index.php?rest_route=\/wp\/v2\/posts\/24501","targetHints":{"allow":["GET"]}}],"collection":[{"href":"https:\/\/aconteceunovale.com.br\/portal\/index.php?rest_route=\/wp\/v2\/posts"}],"about":[{"href":"https:\/\/aconteceunovale.com.br\/portal\/index.php?rest_route=\/wp\/v2\/types\/post"}],"author":[{"embeddable":true,"href":"https:\/\/aconteceunovale.com.br\/portal\/index.php?rest_route=\/wp\/v2\/users\/1"}],"replies":[{"embeddable":true,"href":"https:\/\/aconteceunovale.com.br\/portal\/index.php?rest_route=%2Fwp%2Fv2%2Fcomments&post=24501"}],"version-history":[{"count":0,"href":"https:\/\/aconteceunovale.com.br\/portal\/index.php?rest_route=\/wp\/v2\/posts\/24501\/revisions"}],"wp:featuredmedia":[{"embeddable":true,"href":"https:\/\/aconteceunovale.com.br\/portal\/index.php?rest_route=\/wp\/v2\/media\/24502"}],"wp:attachment":[{"href":"https:\/\/aconteceunovale.com.br\/portal\/index.php?rest_route=%2Fwp%2Fv2%2Fmedia&parent=24501"}],"wp:term":[{"taxonomy":"category","embeddable":true,"href":"https:\/\/aconteceunovale.com.br\/portal\/index.php?rest_route=%2Fwp%2Fv2%2Fcategories&post=24501"},{"taxonomy":"post_tag","embeddable":true,"href":"https:\/\/aconteceunovale.com.br\/portal\/index.php?rest_route=%2Fwp%2Fv2%2Ftags&post=24501"}],"curies":[{"name":"wp","href":"https:\/\/api.w.org\/{rel}","templated":true}]}}