{"id":24403,"date":"2014-03-24T11:21:50","date_gmt":"2014-03-24T14:21:50","guid":{"rendered":"http:\/\/aconteceunovale.com.br\/portal\/?p=24403"},"modified":"2014-03-25T12:05:40","modified_gmt":"2014-03-25T15:05:40","slug":"12-pessoas-sao-presas-em-operacao-da-policia-civil-em-valadares","status":"publish","type":"post","link":"https:\/\/aconteceunovale.com.br\/portal\/?p=24403","title":{"rendered":"12 pessoas s\u00e3o presas em opera\u00e7\u00e3o da Pol\u00edcia Civil em Valadares"},"content":{"rendered":"<p>Foram encaminhados para o pres\u00eddio de Governador Valadares, no Leste de Minas Gerais, 12 pessoas que foram presas na manh\u00e3 desta segunda-feira (24), durante uma opera\u00e7\u00e3o da Pol\u00edcia Civil.<\/p>\n<p>Dez dos doze presos na opera\u00e7\u00e3o foram apresentados na Delegacia Regional, entre eles, quatro mulheres. O delegado Cl\u00e9riston Lopes Amorim disse que as investiga\u00e7\u00f5es da pol\u00edcia tiveram in\u00edcio h\u00e1 cerca de um ano.<\/p>\n<p>\u201cAs investiga\u00e7\u00f5es tiveram in\u00edcio h\u00e1 um ano quando tivemos informa\u00e7\u00f5es de um grupo que praticava o tr\u00e1fico de drogas em cinco bairros da cidade: Santa Terezinha, Lourdes, S\u00e3o Geraldo, Palmeiras e M\u00e3e de Deus. Nesta segunda-feira executamos os mandados de pris\u00e3o e busca e apreens\u00e3o nestes locais. Um dos suspeitos \u00e9 da cidade de Mantena\u201d, afirma o delegado.<\/p>\n<p>A Pol\u00edcia acredita ter desarticulado uma das quadrilhas de traficantes de Valadares. Um suspeito de ser o l\u00edder do grupo, de 38 anos, tamb\u00e9m foi preso.<\/p>\n<p>&#8220;Ficamos surpresos por prender o l\u00edder desse grupo conhecido como &#8216;Coquinho&#8217;. Havia um mandado de pris\u00e3o contra ele, mas n\u00e3o imagin\u00e1vamos que seria poss\u00edvel prende-lo nesta a\u00e7\u00e3o. O nome da opera\u00e7\u00e3o, Litoral, \u00e9 justamente devido ao apelido dele que teria rela\u00e7\u00e3o com o litoral&#8221;, explica o delegado.<\/p>\n<p>Dos 12 presos durante a Opera\u00e7\u00e3o Litoral, nove tinham mandados de pris\u00e3o. Outros tr\u00eas foram presos em flagrante. Eles foram autuados por posse ilegal de armas. Ainda durante a a\u00e7\u00e3o, a Pol\u00edcia apreendeu uma arma calibre 38, 37 muni\u00e7\u00f5es e uma pequena por\u00e7\u00e3o de droga. (G1)<\/p>\n<p><img decoding=\"async\" src=\"http:\/\/aconteceunovale.com.br\/portal\/wp-content\/uploads\/2014\/01\/policia_civil_cap.jpg\" alt=\"\" \/><\/p>\n","protected":false},"excerpt":{"rendered":"<p>Foram encaminhados para o pres\u00eddio de Governador Valadares, no Leste de Minas Gerais, 12 pessoas que foram presas na manh\u00e3 desta segunda-feira (24), durante uma opera\u00e7\u00e3o da Pol\u00edcia Civil. Dez dos doze presos na opera\u00e7\u00e3o foram apresentados na Delegacia Regional, entre eles, quatro mulheres. O delegado Cl\u00e9riston Lopes Amorim disse que as investiga\u00e7\u00f5es da pol\u00edcia [&hellip;]<\/p>\n","protected":false},"author":1,"featured_media":24484,"comment_status":"open","ping_status":"closed","sticky":false,"template":"","format":"standard","meta":{"amp_status":"","footnotes":""},"categories":[121],"tags":[5848,247],"class_list":["post-24403","post","type-post","status-publish","format-standard","has-post-thumbnail","hentry","category-leste","tag-12-pessoas-sao-presas-em-operacao-da-policia-civil-em-valadares","tag-governador-valadares"],"_links":{"self":[{"href":"https:\/\/aconteceunovale.com.br\/portal\/index.php?rest_route=\/wp\/v2\/posts\/24403","targetHints":{"allow":["GET"]}}],"collection":[{"href":"https:\/\/aconteceunovale.com.br\/portal\/index.php?rest_route=\/wp\/v2\/posts"}],"about":[{"href":"https:\/\/aconteceunovale.com.br\/portal\/index.php?rest_route=\/wp\/v2\/types\/post"}],"author":[{"embeddable":true,"href":"https:\/\/aconteceunovale.com.br\/portal\/index.php?rest_route=\/wp\/v2\/users\/1"}],"replies":[{"embeddable":true,"href":"https:\/\/aconteceunovale.com.br\/portal\/index.php?rest_route=%2Fwp%2Fv2%2Fcomments&post=24403"}],"version-history":[{"count":0,"href":"https:\/\/aconteceunovale.com.br\/portal\/index.php?rest_route=\/wp\/v2\/posts\/24403\/revisions"}],"wp:featuredmedia":[{"embeddable":true,"href":"https:\/\/aconteceunovale.com.br\/portal\/index.php?rest_route=\/wp\/v2\/media\/24484"}],"wp:attachment":[{"href":"https:\/\/aconteceunovale.com.br\/portal\/index.php?rest_route=%2Fwp%2Fv2%2Fmedia&parent=24403"}],"wp:term":[{"taxonomy":"category","embeddable":true,"href":"https:\/\/aconteceunovale.com.br\/portal\/index.php?rest_route=%2Fwp%2Fv2%2Fcategories&post=24403"},{"taxonomy":"post_tag","embeddable":true,"href":"https:\/\/aconteceunovale.com.br\/portal\/index.php?rest_route=%2Fwp%2Fv2%2Ftags&post=24403"}],"curies":[{"name":"wp","href":"https:\/\/api.w.org\/{rel}","templated":true}]}}