{"id":24397,"date":"2014-03-24T11:10:13","date_gmt":"2014-03-24T14:10:13","guid":{"rendered":"http:\/\/aconteceunovale.com.br\/portal\/?p=24397"},"modified":"2014-03-24T11:10:13","modified_gmt":"2014-03-24T14:10:13","slug":"obras-do-projeto-minas-rio-deixam-rastro-de-destruicao-em-525-km","status":"publish","type":"post","link":"https:\/\/aconteceunovale.com.br\/portal\/?p=24397","title":{"rendered":"Obras do projeto Minas-Rio deixam rastro de destrui\u00e7\u00e3o em 525 km"},"content":{"rendered":"<h3><strong>Em Concei\u00e7\u00e3o do Mato Dentro, a instala\u00e7\u00e3o do projeto da Anglo American est\u00e1 virando a vida dos moradores de cabe\u00e7a para baixo<\/strong><\/h3>\n<p><img decoding=\"async\" src=\"http:\/\/aconteceunovale.com.br\/portal\/wp-content\/uploads\/2014\/03\/rastro_destruicao_anglo_cmd_24.jpg\" alt=\"\" \/><br \/>\n<em><strong>Fazenda Santa Cruz Areas, no distrito de Alvorada, sofre com a falta de \u00e1gua e com a obra que passa pela regi\u00e3o. Foto: Mariela Guimar\u00e3es<\/strong><\/em><\/p>\n<p>Se Concei\u00e7\u00e3o do Mato Dentro, na regi\u00e3o Central de Minas Gerais, tivesse sa\u00eddo da imagina\u00e7\u00e3o do colombiano Gabriel Garc\u00eda M\u00e1rquez, talvez a cidade se chamasse Macondo e sua riqueza fosse banana em vez de min\u00e9rio. Tal como o povoado fict\u00edcio da obra \u201cCem Anos de Solid\u00e3o\u201d, do autor, a cidade mineira tamb\u00e9m viu sua vida alterada repentinamente pela chegada de uma empresa estrangeira. No livro, \u00e9 a Companhia Bananeira quem faz \u201cuma invas\u00e3o t\u00e3o tumultuada e intempestiva que nos primeiros tempos era imposs\u00edvel andar na rua\u201d. Em Concei\u00e7\u00e3o, \u00e9 a instala\u00e7\u00e3o do projeto Minas-Rio, pela Anglo American, que est\u00e1 virando a vida dos moradores de cabe\u00e7a para baixo.<\/p>\n<p>A cidade \u00e9 apenas a ponta do projeto e dos problemas causados por ele. O empreendimento come\u00e7a com a mina e a barragem de rejeitos em Concei\u00e7\u00e3o do Mato Dentro e termina no porto do A\u00e7u, em S\u00e3o Jo\u00e3o da Barra, no Norte do Rio de Janeiro. Um mineroduto que ter\u00e1 525 km, que ser\u00e1 o maior do mundo, vai unir as duas pontas. O projeto corta 32 munic\u00edpios, sendo 25 em Minas Gerais e sete no Rio de Janeiro. Outras quatro cidades s\u00e3o afetadas indiretamente, totalizando 36.<\/p>\n<p>Assim como a Companhia Bananeira criada pelo escritor que venceu o Nobel de Literatura, a atua\u00e7\u00e3o da Anglo American vai deixando um rastro de hist\u00f3rias quase invis\u00edveis, escondidas em pequenos povoados e comunidades rurais onde os moradores relatam uma cole\u00e7\u00e3o de problemas que v\u00e3o desde a invas\u00e3o de terrenos at\u00e9 o soterramento de nascentes, falta de \u00e1gua, passando pela destrui\u00e7\u00e3o de s\u00edtios arqueol\u00f3gicos e preju\u00edzos a aldeias ind\u00edgenas.<\/p>\n<p>O Minas-Rio est\u00e1 em fase de Licen\u00e7a de Opera\u00e7\u00e3o, a \u00faltima antes de iniciar seu funcionamento. A expectativa \u00e9 que a autoriza\u00e7\u00e3o para funcionar saia ainda neste ano. A obra que a empresa considera praticamente acabada, deixou cicatrizes profundas em gente simples que habita seu caminho.<\/p>\n<p>Durante duas semanas, rodou 3.400 km de uma ponta a outra do empreendimento para descobrir essas hist\u00f3rias, que ser\u00e3o apresentadas na s\u00e9rie de reportagens \u201cUm Mineroduto que Passou em Minha Vida\u201d, que come\u00e7a hoje. (O Tempo)<\/p>\n","protected":false},"excerpt":{"rendered":"<p>Em Concei\u00e7\u00e3o do Mato Dentro, a instala\u00e7\u00e3o do projeto da Anglo American est\u00e1 virando a vida dos moradores de cabe\u00e7a para baixo Fazenda Santa Cruz Areas, no distrito de Alvorada, sofre com a falta de \u00e1gua e com a obra que passa pela regi\u00e3o. Foto: Mariela Guimar\u00e3es Se Concei\u00e7\u00e3o do Mato Dentro, na regi\u00e3o Central [&hellip;]<\/p>\n","protected":false},"author":1,"featured_media":24398,"comment_status":"open","ping_status":"closed","sticky":false,"template":"","format":"standard","meta":{"amp_status":"","footnotes":""},"categories":[123],"tags":[628,1018,5846],"class_list":["post-24397","post","type-post","status-publish","format-standard","has-post-thumbnail","hentry","category-gerais","tag-conceicao-do-mato-dentro","tag-destaque","tag-obras-do-projeto-minas-rio-deixam-rastro-de-destruicao-em-525-km"],"_links":{"self":[{"href":"https:\/\/aconteceunovale.com.br\/portal\/index.php?rest_route=\/wp\/v2\/posts\/24397","targetHints":{"allow":["GET"]}}],"collection":[{"href":"https:\/\/aconteceunovale.com.br\/portal\/index.php?rest_route=\/wp\/v2\/posts"}],"about":[{"href":"https:\/\/aconteceunovale.com.br\/portal\/index.php?rest_route=\/wp\/v2\/types\/post"}],"author":[{"embeddable":true,"href":"https:\/\/aconteceunovale.com.br\/portal\/index.php?rest_route=\/wp\/v2\/users\/1"}],"replies":[{"embeddable":true,"href":"https:\/\/aconteceunovale.com.br\/portal\/index.php?rest_route=%2Fwp%2Fv2%2Fcomments&post=24397"}],"version-history":[{"count":0,"href":"https:\/\/aconteceunovale.com.br\/portal\/index.php?rest_route=\/wp\/v2\/posts\/24397\/revisions"}],"wp:featuredmedia":[{"embeddable":true,"href":"https:\/\/aconteceunovale.com.br\/portal\/index.php?rest_route=\/wp\/v2\/media\/24398"}],"wp:attachment":[{"href":"https:\/\/aconteceunovale.com.br\/portal\/index.php?rest_route=%2Fwp%2Fv2%2Fmedia&parent=24397"}],"wp:term":[{"taxonomy":"category","embeddable":true,"href":"https:\/\/aconteceunovale.com.br\/portal\/index.php?rest_route=%2Fwp%2Fv2%2Fcategories&post=24397"},{"taxonomy":"post_tag","embeddable":true,"href":"https:\/\/aconteceunovale.com.br\/portal\/index.php?rest_route=%2Fwp%2Fv2%2Ftags&post=24397"}],"curies":[{"name":"wp","href":"https:\/\/api.w.org\/{rel}","templated":true}]}}