{"id":24291,"date":"2014-03-22T13:19:57","date_gmt":"2014-03-22T16:19:57","guid":{"rendered":"http:\/\/aconteceunovale.com.br\/portal\/?p=24291"},"modified":"2014-03-22T13:19:57","modified_gmt":"2014-03-22T16:19:57","slug":"pm-recupera-mais-uma-motocicleta-no-centro-comercial-de-turmalina","status":"publish","type":"post","link":"https:\/\/aconteceunovale.com.br\/portal\/?p=24291","title":{"rendered":"PM recupera mais uma motocicleta no Centro Comercial de Turmalina"},"content":{"rendered":"<p>Nesta sexta-feira, 21 de mar\u00e7o, a Pol\u00edcia Militar de Turmalina, com a guarni\u00e7\u00e3o formada pelo Sd Meira e Sd Leandro, apreendeu mais uma motocicleta produto de crime, no Centro Comercial da cidade.<\/p>\n<p>Toda a\u00e7\u00e3o se deu devido uma den\u00fancia an\u00f4nima, via 190, de que um cidad\u00e3o estranho estaria trafegando pelas ruas do centro comercial na contram\u00e3o. De posse das informa\u00e7\u00f5es da motocicleta e do condutor, fornecidas pelo denunciante, a guarni\u00e7\u00e3o da PM deslocou para o centro comercial e localizou a motocicleta nas proximidades do Banco do Brasil, onde foi realizada a pris\u00e3o do condutor e a apreens\u00e3o da motocicleta envolvida. <\/p>\n<p>O senhor C.A.M. conduzia uma motocicleta HONDA CG 125 TITAN, na cor vinho, com a placa &#8221;HAP-6564&#8221;, ap\u00f3s consulta informatizada, foi constatado que a placa fixada na motocicleta pertence \u00e0 outra motocicleta e que o Chassi se encontrava raspado. <\/p>\n<p>Diante dos fatos, a motocicleta foi removida para o p\u00e1tio do Detran de Turmalina e o autor conduzido para a Delegacia Civil para provid\u00eancias. <\/p>\n<p>A Pol\u00edcia Militar de Turmalina enfatiza a import\u00e2ncia da den\u00fancia para o \u00eaxito do trabalho policial. Denuncie. \u00c9 imprescind\u00edvel que a sociedade ordeira contribua para que a PM possa tornar TURMALINA, &#8220;um melhor lugar para se viver&#8221;.<\/p>\n<p><img decoding=\"async\" src=\"http:\/\/aconteceunovale.com.br\/portal\/wp-content\/uploads\/2014\/03\/apreensao_moto_roubada_turm_21_2.jpg\" alt=\"\" \/><br \/>\n<em>(Foto: Divulga\u00e7\u00e3o \/ Pol\u00edcia Militar)<\/em><\/p>\n<p><img decoding=\"async\" src=\"http:\/\/aconteceunovale.com.br\/portal\/wp-content\/uploads\/2014\/03\/apreensao_moto_roubada_turm_21_1.jpg\" alt=\"\" \/><br \/>\n<em>(Foto: Divulga\u00e7\u00e3o \/ Pol\u00edcia Militar)<\/em><\/p>\n","protected":false},"excerpt":{"rendered":"<p>Nesta sexta-feira, 21 de mar\u00e7o, a Pol\u00edcia Militar de Turmalina, com a guarni\u00e7\u00e3o formada pelo Sd Meira e Sd Leandro, apreendeu mais uma motocicleta produto de crime, no Centro Comercial da cidade. Toda a\u00e7\u00e3o se deu devido uma den\u00fancia an\u00f4nima, via 190, de que um cidad\u00e3o estranho estaria trafegando pelas ruas do centro comercial na [&hellip;]<\/p>\n","protected":false},"author":1,"featured_media":24293,"comment_status":"open","ping_status":"closed","sticky":false,"template":"","format":"standard","meta":{"amp_status":"","footnotes":""},"categories":[120],"tags":[1018,5804,178],"class_list":["post-24291","post","type-post","status-publish","format-standard","has-post-thumbnail","hentry","category-jequi","tag-destaque","tag-pm-recupera-mais-uma-motocicleta-no-centro-comercial-de-turmalina","tag-turmalina"],"_links":{"self":[{"href":"https:\/\/aconteceunovale.com.br\/portal\/index.php?rest_route=\/wp\/v2\/posts\/24291","targetHints":{"allow":["GET"]}}],"collection":[{"href":"https:\/\/aconteceunovale.com.br\/portal\/index.php?rest_route=\/wp\/v2\/posts"}],"about":[{"href":"https:\/\/aconteceunovale.com.br\/portal\/index.php?rest_route=\/wp\/v2\/types\/post"}],"author":[{"embeddable":true,"href":"https:\/\/aconteceunovale.com.br\/portal\/index.php?rest_route=\/wp\/v2\/users\/1"}],"replies":[{"embeddable":true,"href":"https:\/\/aconteceunovale.com.br\/portal\/index.php?rest_route=%2Fwp%2Fv2%2Fcomments&post=24291"}],"version-history":[{"count":0,"href":"https:\/\/aconteceunovale.com.br\/portal\/index.php?rest_route=\/wp\/v2\/posts\/24291\/revisions"}],"wp:featuredmedia":[{"embeddable":true,"href":"https:\/\/aconteceunovale.com.br\/portal\/index.php?rest_route=\/wp\/v2\/media\/24293"}],"wp:attachment":[{"href":"https:\/\/aconteceunovale.com.br\/portal\/index.php?rest_route=%2Fwp%2Fv2%2Fmedia&parent=24291"}],"wp:term":[{"taxonomy":"category","embeddable":true,"href":"https:\/\/aconteceunovale.com.br\/portal\/index.php?rest_route=%2Fwp%2Fv2%2Fcategories&post=24291"},{"taxonomy":"post_tag","embeddable":true,"href":"https:\/\/aconteceunovale.com.br\/portal\/index.php?rest_route=%2Fwp%2Fv2%2Ftags&post=24291"}],"curies":[{"name":"wp","href":"https:\/\/api.w.org\/{rel}","templated":true}]}}