{"id":24276,"date":"2014-03-22T10:59:18","date_gmt":"2014-03-22T13:59:18","guid":{"rendered":"http:\/\/aconteceunovale.com.br\/portal\/?p=24276"},"modified":"2014-03-22T10:59:18","modified_gmt":"2014-03-22T13:59:18","slug":"anac-reprova-voo-da-azul-de-governador-valadares-para-o-aeroporto-de-confins","status":"publish","type":"post","link":"https:\/\/aconteceunovale.com.br\/portal\/?p=24276","title":{"rendered":"Anac reprova voo da Azul de Governador Valadares para o aeroporto de Confins"},"content":{"rendered":"<p>A Ag\u00eancia Nacional de Avia\u00e7\u00e3o Civil (Anac) reprovou o voo direto que a Azul pretendia lan\u00e7ar de Confins para Governador Valadares,  previsto para dia 7 de abril. A reprova\u00e7\u00e3o foi baseada em um parecer da equipe t\u00e9cnica de Confins, que alegou falta de espa\u00e7o no p\u00e1tio de aeronaves do terminal no hor\u00e1rio que a Azul pretendia operar.<\/p>\n<p>Al\u00e9m disso, ainda n\u00e3o foi feito treinamento dos funcion\u00e1rios do aeroporto que n\u00e3o operar o aparelho de raio x. Esse treinamento j\u00e1 est\u00e1 sendo organizado pela Prefeitura de Governador Valadares, que \u00e9 respons\u00e1vel pelo aeroporto.<\/p>\n<p>A companhia Azul poder\u00e1 apresentar um novo pedido \u00e0 Anac com outros hor\u00e1rios de pousos e decolagens, o que ocorrer\u00e1 nos pr\u00f3ximos dias. Nesta frequ\u00eancia a Azul pretende usar o ATR-72, avi\u00e3o com 70 lugares. Essa mesma aeronave far\u00e1 a liga\u00e7\u00e3o da cidade do Leste do Estado com a Pampulha, em Belo Horizonte.<\/p>\n<p>Atualmente a companhia usa entre as duas cidades o ATR-42 configurado com 45 lugares. A data da troca da aeronave n\u00e3o foi informada. O Aeroporto de Governador Valadares tem condi\u00e7\u00f5es de receber jatos, com o da Presid\u00eancia da Rep\u00fablica.<\/p>\n<p><img decoding=\"async\" src=\"http:\/\/aconteceunovale.com.br\/portal\/wp-content\/uploads\/2014\/03\/aeroporto_gv_voo_reprovado_22.jpg\" alt=\"\" \/><br \/>\n<em>Atualmente a companhia usa entre as duas cidades o ATR-42 configurado com 45 lugares &#8211; Foto: Alex Ferreira<\/em><\/p>\n<h3><strong>Montes Claros<\/strong><\/h3>\n<p>A partir de 7 de abril, os voos da Azul para Azul de Montes Claros para Confins ser\u00e3o nos jatos da Embraer 190\/195. Atualmente em um dos dois hor\u00e1rios a companhia usa o ATR-72, com 70 assentos, nas viagens para o Aeroporto Internacional Tancredo Neves.<\/p>\n<p>O Embraer 195 tem 118 assentos e possui TV ao vivo. O  voo que partia de Confins \u00e0s 12h48 passa para 13h30. A partida do Norte de Minas que antes era \u00e0s 14h27 passar\u00e1 para 17 horas a partir de abril.<\/p>\n<p>As passagens para viagem nos jatos da Embraer j\u00e1 est\u00e3o sendo vendidas. Se a viagem for num s\u00e1bado, nos meses de abril e maio, cada trecho custa R$ 159. Esse \u00e9 o mesmo valor que a Gol cobra nos voos de Confins para Montes Claros. <em>(Via Di\u00e1rio do A\u00e7o)<\/em><\/p>\n","protected":false},"excerpt":{"rendered":"<p>A Ag\u00eancia Nacional de Avia\u00e7\u00e3o Civil (Anac) reprovou o voo direto que a Azul pretendia lan\u00e7ar de Confins para Governador Valadares, previsto para dia 7 de abril. A reprova\u00e7\u00e3o foi baseada em um parecer da equipe t\u00e9cnica de Confins, que alegou falta de espa\u00e7o no p\u00e1tio de aeronaves do terminal no hor\u00e1rio que a Azul [&hellip;]<\/p>\n","protected":false},"author":1,"featured_media":24277,"comment_status":"open","ping_status":"closed","sticky":false,"template":"","format":"standard","meta":{"amp_status":"","footnotes":""},"categories":[121],"tags":[5796,1077,1018,247,210,5797],"class_list":["post-24276","post","type-post","status-publish","format-standard","has-post-thumbnail","hentry","category-leste","tag-anac-reprova-voo-da-azul-de-governador-valadares-para-o-aeroporto-de-confins","tag-azul-linhas-aereas","tag-destaque","tag-governador-valadares","tag-montes-claros","tag-voo-da-azul-de-governador-valadares-para-o-aeroporto-de-confins"],"_links":{"self":[{"href":"https:\/\/aconteceunovale.com.br\/portal\/index.php?rest_route=\/wp\/v2\/posts\/24276","targetHints":{"allow":["GET"]}}],"collection":[{"href":"https:\/\/aconteceunovale.com.br\/portal\/index.php?rest_route=\/wp\/v2\/posts"}],"about":[{"href":"https:\/\/aconteceunovale.com.br\/portal\/index.php?rest_route=\/wp\/v2\/types\/post"}],"author":[{"embeddable":true,"href":"https:\/\/aconteceunovale.com.br\/portal\/index.php?rest_route=\/wp\/v2\/users\/1"}],"replies":[{"embeddable":true,"href":"https:\/\/aconteceunovale.com.br\/portal\/index.php?rest_route=%2Fwp%2Fv2%2Fcomments&post=24276"}],"version-history":[{"count":0,"href":"https:\/\/aconteceunovale.com.br\/portal\/index.php?rest_route=\/wp\/v2\/posts\/24276\/revisions"}],"wp:featuredmedia":[{"embeddable":true,"href":"https:\/\/aconteceunovale.com.br\/portal\/index.php?rest_route=\/wp\/v2\/media\/24277"}],"wp:attachment":[{"href":"https:\/\/aconteceunovale.com.br\/portal\/index.php?rest_route=%2Fwp%2Fv2%2Fmedia&parent=24276"}],"wp:term":[{"taxonomy":"category","embeddable":true,"href":"https:\/\/aconteceunovale.com.br\/portal\/index.php?rest_route=%2Fwp%2Fv2%2Fcategories&post=24276"},{"taxonomy":"post_tag","embeddable":true,"href":"https:\/\/aconteceunovale.com.br\/portal\/index.php?rest_route=%2Fwp%2Fv2%2Ftags&post=24276"}],"curies":[{"name":"wp","href":"https:\/\/api.w.org\/{rel}","templated":true}]}}