{"id":24270,"date":"2014-03-22T10:51:38","date_gmt":"2014-03-22T13:51:38","guid":{"rendered":"http:\/\/aconteceunovale.com.br\/portal\/?p=24270"},"modified":"2014-03-22T10:51:38","modified_gmt":"2014-03-22T13:51:38","slug":"usina-de-triagem-e-compostagem-e-inaugurada-em-conceicao-do-mato-dentro","status":"publish","type":"post","link":"https:\/\/aconteceunovale.com.br\/portal\/?p=24270","title":{"rendered":"Usina de Triagem e Compostagem \u00e9 inaugurada em Concei\u00e7\u00e3o do Mato Dentro"},"content":{"rendered":"<p>Na \u00faltima quinta-feira, 20 de mar\u00e7o, foi inagurada a Usina de Triagem e Compostagem (UTC) de Concei\u00e7\u00e3o do Mato Dentro. No mesmo dia foi lan\u00e7ada oficialmente a coleta seletiva de lixo, assumindo-se o compromisso de trabalhar pela diminui\u00e7\u00e3o da produ\u00e7\u00e3o de res\u00edduos s\u00f3lidos e fazer desse projeto refer\u00eancia para todo o Brasil.<\/p>\n<p>Tal processo alcan\u00e7ar\u00e1 \u00eaxito somente com a contribui\u00e7\u00e3o do cidad\u00e3o, e foi isso que estimulou ainda mais os realizadores do projeto. \u00c9 essa mobiliza\u00e7\u00e3o social que respalda todo o trabalho idealizado h\u00e1 anos. Sobre isso, disse Reinaldinho em seu discurso: \u201cressalto o legado do trabalho incans\u00e1vel e do comprometimento com o planeta e com cada indiv\u00edduo que ele (Juv\u00eancio Guimar\u00e3es, seu pai e ex-prefeito de Concei\u00e7\u00e3o) nos deixou, para que estejamos sempre juntos e imbu\u00eddos da responsabilidade de tornarmos este projeto uma refer\u00eancia exitosa de planejamento, educa\u00e7\u00e3o ambiental e avalia\u00e7\u00e3o continuada.\u201d <\/p>\n<p>A ativa\u00e7\u00e3o da UTC s\u00f3 foi poss\u00edvel a partir da cria\u00e7\u00e3o da ASCAMATO \u2013 Associa\u00e7\u00e3o de Catadores de Materiais de Recicl\u00e1veis de Concei\u00e7\u00e3o do Mato Dentro. Importantes agentes ambientais, esses profissionais v\u00eam agora provar que a correta gest\u00e3o do lixo urbano n\u00e3o gera apenas benef\u00edcios ao meio ambiente, mas \u00e9 uma grande possibilidade de gera\u00e7\u00e3o de trabalho e d\u00e1 condi\u00e7\u00f5es dignas \u00e0s fam\u00edlias que se encontram na linha da vulnerabilidade. Desta forma, um novo quadro no munic\u00edpio troca a exclus\u00e3o e a polui\u00e7\u00e3o pela inclus\u00e3o e preserva\u00e7\u00e3o.<\/p>\n<h3><strong>Gest\u00e3o compartilhada<\/strong><\/h3>\n<p>A UTC e a coleta seletiva s\u00e3o diretrizes adotadas para aprimorar o cons\u00f3rcio intermunicipal entre Concei\u00e7\u00e3o do Mato Dentro, Dom Joaquim e Alvorada de Minas. Esses tr\u00eas munic\u00edpios comungam de aspectos geogr\u00e1ficos e hidrogr\u00e1ficos que refor\u00e7am a necessidades de trabalharem unidos pela sa\u00fade ambiental em \u00e2mbito regional.<\/p>\n<h3><strong>GALERIA DE FOTOS<\/strong><\/h3>\n<p><em>(Fotos: Jos\u00e9 Perillo)<\/em><\/p>\n<p><img decoding=\"async\" src=\"http:\/\/aconteceunovale.com.br\/portal\/wp-content\/uploads\/2014\/03\/inauguracao_utc_cmd_01.jpg\" alt=\"\" \/><br \/>\n<div id='gallery-1' class='gallery galleryid-24270 gallery-columns-4 gallery-size-thumbnail'><figure class='gallery-item'>\n\t\t\t<div class='gallery-icon landscape'>\n\t\t\t\t<a href='https:\/\/aconteceunovale.com.br\/portal\/wp-content\/uploads\/2014\/03\/inauguracao_utc_cmd_02.jpg'><img loading=\"lazy\" decoding=\"async\" width=\"150\" height=\"150\" src=\"https:\/\/aconteceunovale.com.br\/portal\/wp-content\/uploads\/2014\/03\/inauguracao_utc_cmd_02-150x150.jpg\" class=\"attachment-thumbnail size-thumbnail\" alt=\"\" \/><\/a>\n\t\t\t<\/div><\/figure><figure class='gallery-item'>\n\t\t\t<div class='gallery-icon landscape'>\n\t\t\t\t<a href='https:\/\/aconteceunovale.com.br\/portal\/wp-content\/uploads\/2014\/03\/inauguracao_utc_cmd_01.jpg'><img loading=\"lazy\" decoding=\"async\" width=\"150\" height=\"150\" src=\"https:\/\/aconteceunovale.com.br\/portal\/wp-content\/uploads\/2014\/03\/inauguracao_utc_cmd_01-150x150.jpg\" class=\"attachment-thumbnail size-thumbnail\" alt=\"\" \/><\/a>\n\t\t\t<\/div><\/figure><figure class='gallery-item'>\n\t\t\t<div class='gallery-icon landscape'>\n\t\t\t\t<a href='https:\/\/aconteceunovale.com.br\/portal\/wp-content\/uploads\/2014\/03\/inauguracao_utc_cmd_03.jpg'><img loading=\"lazy\" decoding=\"async\" width=\"150\" height=\"150\" src=\"https:\/\/aconteceunovale.com.br\/portal\/wp-content\/uploads\/2014\/03\/inauguracao_utc_cmd_03-150x150.jpg\" class=\"attachment-thumbnail size-thumbnail\" alt=\"\" \/><\/a>\n\t\t\t<\/div><\/figure><figure class='gallery-item'>\n\t\t\t<div class='gallery-icon landscape'>\n\t\t\t\t<a href='https:\/\/aconteceunovale.com.br\/portal\/wp-content\/uploads\/2014\/03\/inauguracao_utc_cmd_04.jpg'><img loading=\"lazy\" decoding=\"async\" width=\"150\" height=\"150\" src=\"https:\/\/aconteceunovale.com.br\/portal\/wp-content\/uploads\/2014\/03\/inauguracao_utc_cmd_04-150x150.jpg\" class=\"attachment-thumbnail size-thumbnail\" alt=\"\" \/><\/a>\n\t\t\t<\/div><\/figure>\n\t\t<\/div>\n<\/p>\n<p><strong>(DeFato Online)<\/strong><\/p>\n","protected":false},"excerpt":{"rendered":"<p>Na \u00faltima quinta-feira, 20 de mar\u00e7o, foi inagurada a Usina de Triagem e Compostagem (UTC) de Concei\u00e7\u00e3o do Mato Dentro. No mesmo dia foi lan\u00e7ada oficialmente a coleta seletiva de lixo, assumindo-se o compromisso de trabalhar pela diminui\u00e7\u00e3o da produ\u00e7\u00e3o de res\u00edduos s\u00f3lidos e fazer desse projeto refer\u00eancia para todo o Brasil. Tal processo alcan\u00e7ar\u00e1 [&hellip;]<\/p>\n","protected":false},"author":1,"featured_media":24272,"comment_status":"open","ping_status":"closed","sticky":false,"template":"","format":"standard","meta":{"amp_status":"","footnotes":""},"categories":[123],"tags":[972,628,1018,775,5795,5794],"class_list":["post-24270","post","type-post","status-publish","format-standard","has-post-thumbnail","hentry","category-gerais","tag-alvorada-de-minas","tag-conceicao-do-mato-dentro","tag-destaque","tag-dom-joaquim","tag-usina-de-triagem-e-compostagem-de-conceicao-do-mato-dentro","tag-usina-de-triagem-e-compostagem-e-inaugurada-em-conceicao-do-mato-dentro"],"_links":{"self":[{"href":"https:\/\/aconteceunovale.com.br\/portal\/index.php?rest_route=\/wp\/v2\/posts\/24270","targetHints":{"allow":["GET"]}}],"collection":[{"href":"https:\/\/aconteceunovale.com.br\/portal\/index.php?rest_route=\/wp\/v2\/posts"}],"about":[{"href":"https:\/\/aconteceunovale.com.br\/portal\/index.php?rest_route=\/wp\/v2\/types\/post"}],"author":[{"embeddable":true,"href":"https:\/\/aconteceunovale.com.br\/portal\/index.php?rest_route=\/wp\/v2\/users\/1"}],"replies":[{"embeddable":true,"href":"https:\/\/aconteceunovale.com.br\/portal\/index.php?rest_route=%2Fwp%2Fv2%2Fcomments&post=24270"}],"version-history":[{"count":0,"href":"https:\/\/aconteceunovale.com.br\/portal\/index.php?rest_route=\/wp\/v2\/posts\/24270\/revisions"}],"wp:featuredmedia":[{"embeddable":true,"href":"https:\/\/aconteceunovale.com.br\/portal\/index.php?rest_route=\/wp\/v2\/media\/24272"}],"wp:attachment":[{"href":"https:\/\/aconteceunovale.com.br\/portal\/index.php?rest_route=%2Fwp%2Fv2%2Fmedia&parent=24270"}],"wp:term":[{"taxonomy":"category","embeddable":true,"href":"https:\/\/aconteceunovale.com.br\/portal\/index.php?rest_route=%2Fwp%2Fv2%2Fcategories&post=24270"},{"taxonomy":"post_tag","embeddable":true,"href":"https:\/\/aconteceunovale.com.br\/portal\/index.php?rest_route=%2Fwp%2Fv2%2Ftags&post=24270"}],"curies":[{"name":"wp","href":"https:\/\/api.w.org\/{rel}","templated":true}]}}