{"id":24266,"date":"2014-03-22T10:39:19","date_gmt":"2014-03-22T13:39:19","guid":{"rendered":"http:\/\/aconteceunovale.com.br\/portal\/?p=24266"},"modified":"2014-03-22T10:40:09","modified_gmt":"2014-03-22T13:40:09","slug":"iniciativas-anonimas-servem-de-exemplo-para-ajudar-a-preservar-a-agua","status":"publish","type":"post","link":"https:\/\/aconteceunovale.com.br\/portal\/?p=24266","title":{"rendered":"Iniciativas an\u00f4nimas servem de exemplo para ajudar a preservar a \u00e1gua"},"content":{"rendered":"<p>No Dia da \u00c1gua, comemorado neste s\u00e1bado em todo o planeta, \u00e9 sempre bom lembrar que apenas 0,5% da \u00e1gua doce est\u00e1 dispon\u00edvel para o consumo humano, que um bilh\u00e3o de pessoas n\u00e3o t\u00eam acesso ao bem natural pot\u00e1vel e que 40% do recurso h\u00eddrico captado nos mananciais \u00e9 desperdi\u00e7ado antes de chegar \u00e0s torneiras, de acordo a Ag\u00eancia Nacional das \u00c1guas (ANA). Neste dia, vale destacar tamb\u00e9m a previs\u00e3o da Organiza\u00e7\u00e3o das Na\u00e7\u00f5es Unidas de que daqui a 16 anos, em 2030, o consumo da popula\u00e7\u00e3o vai aumentar em 40%. Em um contexto no qual a escassez contrasta com uma demanda cada vez maior, pequenas a\u00e7\u00f5es t\u00eam feito a diferen\u00e7a. Atitudes de pessoas como a aposentada Maria Ver\u00f4nica Edler, respons\u00e1vel pela recupera\u00e7\u00e3o de nascente em Ibirit\u00e9, na Regi\u00e3o Metropolitana de Belo Horizonte, ou da gerente Renata Melo, que regula cada gota consumida em casa. E qual ser\u00e1 a sua contribui\u00e7\u00e3o?<\/p>\n<p style=\"text-align: center;\"><img decoding=\"async\" class=\"aligncenter\" alt=\"\" src=\"http:\/\/aconteceunovale.com.br\/portal\/wp-content\/uploads\/2014\/03\/dia_da_agua_21_03_14_1.jpg\" \/><br \/>\n<em><strong>Maria Edler sonhou com manacial abundante e trabalhou para concretizar a imagem. Hoje, mina abastece tr\u00eas lagos &#8211; Foto: Gladyston Rodrigues\/EM<\/strong><\/em><\/p>\n<p>Para Maria Ver\u00f4nica, de 72 anos, a inspira\u00e7\u00e3o para salvar a nascente no lote nos fundos de sua propriedade veio de um sonho. \u201cSonhei que estava sentada nas pedras, com uma \u00e1gua com bastante volume correndo\u201d, conta. Naquela \u00e9poca, em 1983, o que se via era apenas uma mina, que secava em boa parte do ano, em um terreno \u00edngreme e descampado. Passados 30 anos, o sonho se transformou em uma realidade bem verde, frondosa e com \u00e1gua em abund\u00e2ncia.<\/p>\n<p>O descampado se converteu em uma pequena mata cheia de \u00e1rvores. A nascente hoje abastece tr\u00eas lagos e ainda corre para receber afluentes at\u00e9 chegar \u00e0 Lagoa da Petrobras. \u201cComecei a plantar mudas e a deixar as \u00e1rvores nativas crescerem. J\u00e1 chamei muito a aten\u00e7\u00e3o de quem arrancava \u00e1rvore de l\u00e1. Ficava brava, falava que ia chamar a pol\u00edcia. Desde crian\u00e7a aprendi que quem protege as nascentes s\u00e3o as \u00e1rvores\u201d, lembra Maria Ver\u00f4nica, triste com a falta de educa\u00e7\u00e3o de parte da popula\u00e7\u00e3o e com uma obra do poder p\u00fablico bem ao lado da mina. \u201cMinha vida foi catar lixo na nascente. Hoje, \u00e9 uma alegria ver a \u00e1gua correndo muito pura\u201d, diz.<\/p>\n<p>A dificuldade de encontrar \u00e1gua como a que hoje brota nos fundos da casa de Maria Ver\u00f4nica \u00e9 um dos principais problemas enfrentados atualmente no pa\u00eds, segundo o especialista em recursos h\u00eddricos da ANA Marco Neves. \u201cA primeira raz\u00e3o da indisponibilidade \u00e9 a falta de qualidade. O esgoto \u00e9 uma grande amea\u00e7a\u201d, afirma. A diretora-geral do Instituto Mineiro de Gest\u00e3o das \u00c1guas (Igam), Mar\u00edlia Carvalho de Melo, ressalta que os dois grandes desafios da gest\u00e3o de recursos h\u00eddricos s\u00e3o qualidade e quantidade. \u201cPor Minas ser considerada caixa d\u2019\u00e1gua do Brasil, h\u00e1 um problema de conscientiza\u00e7\u00e3o, uma cultura da abund\u00e2ncia. Isso, no entanto, aumenta nossa responsabilidade em conservar\u201d, ressalta Mar\u00edlia.<\/p>\n<h3><strong>Consci\u00eancia gota a gota<\/strong><\/h3>\n<p><img decoding=\"async\" alt=\"\" src=\"http:\/\/aconteceunovale.com.br\/portal\/wp-content\/uploads\/2014\/03\/dia_da_agua_21_03_14_2.jpg\" \/><br \/>\n<em><strong>Renata Melo: \u00e1gua de chuva para abastecer a piscina, timer no chuveiro e conscientiza\u00e7\u00e3o das crian\u00e7as &#8211; Foto: Beto Magalh\u00e3es\/EM<\/strong><\/em><\/p>\n<p>Com a\u00e7\u00f5es simples incorporadas ao cotidiano, a gerente comercial Renata Melo tem feito sua parte na tarefa destacada pelas autoridades ambientais. Na casa dela, no Bairro Bandeirantes, na Regi\u00e3o da Pampulha, n\u00e3o h\u00e1 espa\u00e7o para desperd\u00edcio. \u201cA \u00e1gua \u00e9 o bem mais precioso que temos\u201d, refor\u00e7a. De maneira artesanal, o marido dela at\u00e9 improvisou um sistema que enche a piscina com a \u00e1gua de chuva. \u201cEle fez um tubo que liga a calha \u00e0 piscina por meio de uma mangueira. Nossa inten\u00e7\u00e3o, futuramente, \u00e9 recolher mais \u00e1gua da chuva, para a horta e a limpeza da casa\u201d, ressalta.<\/p>\n<p>Al\u00e9m da engenhoca, equipamentos como a m\u00e1quina de lavar roupas usam tecnologia com menor uso de sab\u00e3o e de \u00e1gua. O quintal \u00e9 varrido, em vez de lavado. At\u00e9 o banho \u00e9 cronometrado. \u201cColocamos um timer no box e, quando o tempo passa de um minuto e meio, ele apita\u201d, conta Renata, que ainda d\u00e1 dicas: \u201cNa hora de lavar a cabe\u00e7a, \u00e9 melhor usar o tanque, pois d\u00e1 para fechar ao passar xampu. A \u00e1gua fria ainda faz bem para o cabelo\u201d.<\/p>\n<p>M\u00e3e de dois filhos, de 15 anos e 2 anos e 9 meses, Renata v\u00ea as li\u00e7\u00f5es que aprendeu com a m\u00e3e agora serem incorporadas pelos filhos. \u201cJ\u00e1 at\u00e9 aprendi com o mais novo que a \u00e1gua \u2018vai dormir\u2019 e que s\u00f3 \u00e9 para acord\u00e1-la quando precisar usar realmente. Com uma linguagem infantil, ele nos mostra que tem consci\u00eancia em rela\u00e7\u00e3o ao uso\u201d, refor\u00e7a. <em>(Estado de Minas)<\/em><\/p>\n","protected":false},"excerpt":{"rendered":"<p>No Dia da \u00c1gua, comemorado neste s\u00e1bado em todo o planeta, \u00e9 sempre bom lembrar que apenas 0,5% da \u00e1gua doce est\u00e1 dispon\u00edvel para o consumo humano, que um bilh\u00e3o de pessoas n\u00e3o t\u00eam acesso ao bem natural pot\u00e1vel e que 40% do recurso h\u00eddrico captado nos mananciais \u00e9 desperdi\u00e7ado antes de chegar \u00e0s torneiras, [&hellip;]<\/p>\n","protected":false},"author":1,"featured_media":24268,"comment_status":"open","ping_status":"closed","sticky":false,"template":"","format":"standard","meta":{"amp_status":"","footnotes":""},"categories":[6],"tags":[5793],"class_list":["post-24266","post","type-post","status-publish","format-standard","has-post-thumbnail","hentry","category-br","tag-iniciativas-anonimas-servem-de-exemplo-para-ajudar-a-preservar-a-agua"],"_links":{"self":[{"href":"https:\/\/aconteceunovale.com.br\/portal\/index.php?rest_route=\/wp\/v2\/posts\/24266","targetHints":{"allow":["GET"]}}],"collection":[{"href":"https:\/\/aconteceunovale.com.br\/portal\/index.php?rest_route=\/wp\/v2\/posts"}],"about":[{"href":"https:\/\/aconteceunovale.com.br\/portal\/index.php?rest_route=\/wp\/v2\/types\/post"}],"author":[{"embeddable":true,"href":"https:\/\/aconteceunovale.com.br\/portal\/index.php?rest_route=\/wp\/v2\/users\/1"}],"replies":[{"embeddable":true,"href":"https:\/\/aconteceunovale.com.br\/portal\/index.php?rest_route=%2Fwp%2Fv2%2Fcomments&post=24266"}],"version-history":[{"count":0,"href":"https:\/\/aconteceunovale.com.br\/portal\/index.php?rest_route=\/wp\/v2\/posts\/24266\/revisions"}],"wp:featuredmedia":[{"embeddable":true,"href":"https:\/\/aconteceunovale.com.br\/portal\/index.php?rest_route=\/wp\/v2\/media\/24268"}],"wp:attachment":[{"href":"https:\/\/aconteceunovale.com.br\/portal\/index.php?rest_route=%2Fwp%2Fv2%2Fmedia&parent=24266"}],"wp:term":[{"taxonomy":"category","embeddable":true,"href":"https:\/\/aconteceunovale.com.br\/portal\/index.php?rest_route=%2Fwp%2Fv2%2Fcategories&post=24266"},{"taxonomy":"post_tag","embeddable":true,"href":"https:\/\/aconteceunovale.com.br\/portal\/index.php?rest_route=%2Fwp%2Fv2%2Ftags&post=24266"}],"curies":[{"name":"wp","href":"https:\/\/api.w.org\/{rel}","templated":true}]}}