{"id":24256,"date":"2014-03-22T00:14:34","date_gmt":"2014-03-22T03:14:34","guid":{"rendered":"http:\/\/aconteceunovale.com.br\/portal\/?p=24256"},"modified":"2014-03-22T00:48:03","modified_gmt":"2014-03-22T03:48:03","slug":"motociclista-morre-em-acidente-na-zona-rural-de-itamarandiba","status":"publish","type":"post","link":"https:\/\/aconteceunovale.com.br\/portal\/?p=24256","title":{"rendered":"Motociclista morre em acidente na zona rural de Itamarandiba"},"content":{"rendered":"<p>Um homem morreu na tarde desta sexta-feira, 21 de mar\u00e7o, em um grave acidente envolvendo uma motocicleta e um autom\u00f3vel na estrada que liga Itamarandiba ao povoado de Carneiros, na zona rural do munic\u00edpio.<\/p>\n<p>De acordo com a Pol\u00edcia Militar, atendendo a um chamado via 190, uma guarni\u00e7\u00e3o foi deslocada at\u00e9 o local da colis\u00e3o, onde foi constatada a morte do empres\u00e1rio Edvaldo Marques da Silva, conhecido como \u201cVado\u201d. <\/p>\n<p>O SAMU foi acionado, mas quando a unidade m\u00f3vel chegou ao local \u00e0 v\u00edtima j\u00e1 estava sem vida, em decorr\u00eancia de poli traumatismo craniano.<\/p>\n<p>O corpo est\u00e1 sendo velado na Rua Esp\u00edrito Santo, bairro S\u00e3o Geraldo, em Itamarandiba.<\/p>\n<p><img decoding=\"async\" src=\"http:\/\/aconteceunovale.com.br\/portal\/wp-content\/uploads\/2014\/03\/acidente_zona_rural_itamarandiba_21_03.jpg\" alt=\"\" \/><\/p>\n<p><strong><em>(Reda\u00e7\u00e3o do Aconteceu no Vale, com foto e informa\u00e7\u00f5es do Jornal Itamarandiba Hoje)<\/em><\/strong><\/p>\n","protected":false},"excerpt":{"rendered":"<p>Um homem morreu na tarde desta sexta-feira, 21 de mar\u00e7o, em um grave acidente envolvendo uma motocicleta e um autom\u00f3vel na estrada que liga Itamarandiba ao povoado de Carneiros, na zona rural do munic\u00edpio. De acordo com a Pol\u00edcia Militar, atendendo a um chamado via 190, uma guarni\u00e7\u00e3o foi deslocada at\u00e9 o local da colis\u00e3o, [&hellip;]<\/p>\n","protected":false},"author":1,"featured_media":24257,"comment_status":"open","ping_status":"closed","sticky":false,"template":"","format":"standard","meta":{"amp_status":"","footnotes":""},"categories":[120],"tags":[1018,5790,149,5789],"class_list":["post-24256","post","type-post","status-publish","format-standard","has-post-thumbnail","hentry","category-jequi","tag-destaque","tag-edvaldo-marques-da-silva","tag-itamarandiba","tag-motociclista-morre-em-acidente-na-zona-rural-de-itamarandiba"],"_links":{"self":[{"href":"https:\/\/aconteceunovale.com.br\/portal\/index.php?rest_route=\/wp\/v2\/posts\/24256","targetHints":{"allow":["GET"]}}],"collection":[{"href":"https:\/\/aconteceunovale.com.br\/portal\/index.php?rest_route=\/wp\/v2\/posts"}],"about":[{"href":"https:\/\/aconteceunovale.com.br\/portal\/index.php?rest_route=\/wp\/v2\/types\/post"}],"author":[{"embeddable":true,"href":"https:\/\/aconteceunovale.com.br\/portal\/index.php?rest_route=\/wp\/v2\/users\/1"}],"replies":[{"embeddable":true,"href":"https:\/\/aconteceunovale.com.br\/portal\/index.php?rest_route=%2Fwp%2Fv2%2Fcomments&post=24256"}],"version-history":[{"count":0,"href":"https:\/\/aconteceunovale.com.br\/portal\/index.php?rest_route=\/wp\/v2\/posts\/24256\/revisions"}],"wp:featuredmedia":[{"embeddable":true,"href":"https:\/\/aconteceunovale.com.br\/portal\/index.php?rest_route=\/wp\/v2\/media\/24257"}],"wp:attachment":[{"href":"https:\/\/aconteceunovale.com.br\/portal\/index.php?rest_route=%2Fwp%2Fv2%2Fmedia&parent=24256"}],"wp:term":[{"taxonomy":"category","embeddable":true,"href":"https:\/\/aconteceunovale.com.br\/portal\/index.php?rest_route=%2Fwp%2Fv2%2Fcategories&post=24256"},{"taxonomy":"post_tag","embeddable":true,"href":"https:\/\/aconteceunovale.com.br\/portal\/index.php?rest_route=%2Fwp%2Fv2%2Ftags&post=24256"}],"curies":[{"name":"wp","href":"https:\/\/api.w.org\/{rel}","templated":true}]}}