{"id":24252,"date":"2014-03-21T23:54:07","date_gmt":"2014-03-22T02:54:07","guid":{"rendered":"http:\/\/aconteceunovale.com.br\/portal\/?p=24252"},"modified":"2014-03-21T23:54:07","modified_gmt":"2014-03-22T02:54:07","slug":"ciclista-de-15-anos-morre-atropelado-na-br-116","status":"publish","type":"post","link":"https:\/\/aconteceunovale.com.br\/portal\/?p=24252","title":{"rendered":"Ciclista de 15 anos morre atropelado na BR-116"},"content":{"rendered":"<p>Um adolescente de 15 anos morreu no fim da tarde desta sexta-feira (21\/03), na BR-116, pr\u00f3ximo a entrada do munic\u00edpio de Alpercata, no Vale do Rio Doce. O menor morreu ap\u00f3s ser atingido por um carro de passeio. A v\u00edtima transitava pelo acostamento quando teria entrado repentinamente na frente do autom\u00f3vel.<\/p>\n<p>A Pol\u00edcia Rodovi\u00e1ria Federal (PRF) foi acionada para atender a ocorr\u00eancia. Com o impacto, a parte da frente do ve\u00edculo de passeio com placas de Governador Valadares ficou destru\u00edda. A v\u00edtima era moradora da zona rural de Alpercata. De acordo com testemunhas, ve\u00edculo e ciclista, seguiam no mesmo sentido.<\/p>\n<p>O condutor do ve\u00edculo de 44 anos disse \u00e0 pol\u00edcia ter tentado evitar o atropelamento freando o carro. Ele teve ferimentos e estava bastante abalado. Sem condi\u00e7\u00f5es, preferiu n\u00e3o gravar entrevista.<\/p>\n<p>O pai que estava inconsol\u00e1vel e uma tia estiveram no local para fazerem o reconhecimento. No ponto do acidente tamb\u00e9m havia outra bicicleta. De acordo com testemunhas, seria de uma amiga da v\u00edtima, que assustada, saiu do local. O trecho, segundo a pol\u00edcia, tem sinaliza\u00e7\u00e3o adequada, mas a PRF alerta.<\/p>\n<p>\u201cUm minuto de desaten\u00e7\u00e3o em uma rodovia movimentada como essa pode ser fatal. As pessoas que trafegam de bicicleta ou fazem caminhadas pela pista devem evitar ou ter aten\u00e7\u00e3o redobrada\u201d, diz o policial rodovi\u00e1rio federal, Ant\u00f4nio Alessandro da Silva.<\/p>\n<p><img decoding=\"async\" src=\"http:\/\/aconteceunovale.com.br\/portal\/wp-content\/uploads\/2014\/03\/acidente_jovem_br_116_alpecarta_21_1.jpg\" alt=\"\" \/><br \/>\n<em>(Foto: Tico Correria\/Caso de Pol\u00edcia)<\/em><\/p>\n<p><img decoding=\"async\" src=\"http:\/\/aconteceunovale.com.br\/portal\/wp-content\/uploads\/2014\/03\/acidente_jovem_br_116_alpecarta_21_2.jpg\" alt=\"\" \/><br \/>\n<em>(Foto: Tico Correria\/Caso de Pol\u00edcia)<\/em><\/p>\n<p><em>(Inter TV dos Vales)<\/em><\/p>\n","protected":false},"excerpt":{"rendered":"<p>Um adolescente de 15 anos morreu no fim da tarde desta sexta-feira (21\/03), na BR-116, pr\u00f3ximo a entrada do munic\u00edpio de Alpercata, no Vale do Rio Doce. O menor morreu ap\u00f3s ser atingido por um carro de passeio. A v\u00edtima transitava pelo acostamento quando teria entrado repentinamente na frente do autom\u00f3vel. A Pol\u00edcia Rodovi\u00e1ria Federal [&hellip;]<\/p>\n","protected":false},"author":1,"featured_media":24254,"comment_status":"open","ping_status":"closed","sticky":false,"template":"","format":"standard","meta":{"amp_status":"","footnotes":""},"categories":[121],"tags":[274,5788,1018],"class_list":["post-24252","post","type-post","status-publish","format-standard","has-post-thumbnail","hentry","category-leste","tag-alpercata","tag-ciclista-de-15-anos-morre-atropelado-na-br-116","tag-destaque"],"_links":{"self":[{"href":"https:\/\/aconteceunovale.com.br\/portal\/index.php?rest_route=\/wp\/v2\/posts\/24252","targetHints":{"allow":["GET"]}}],"collection":[{"href":"https:\/\/aconteceunovale.com.br\/portal\/index.php?rest_route=\/wp\/v2\/posts"}],"about":[{"href":"https:\/\/aconteceunovale.com.br\/portal\/index.php?rest_route=\/wp\/v2\/types\/post"}],"author":[{"embeddable":true,"href":"https:\/\/aconteceunovale.com.br\/portal\/index.php?rest_route=\/wp\/v2\/users\/1"}],"replies":[{"embeddable":true,"href":"https:\/\/aconteceunovale.com.br\/portal\/index.php?rest_route=%2Fwp%2Fv2%2Fcomments&post=24252"}],"version-history":[{"count":0,"href":"https:\/\/aconteceunovale.com.br\/portal\/index.php?rest_route=\/wp\/v2\/posts\/24252\/revisions"}],"wp:featuredmedia":[{"embeddable":true,"href":"https:\/\/aconteceunovale.com.br\/portal\/index.php?rest_route=\/wp\/v2\/media\/24254"}],"wp:attachment":[{"href":"https:\/\/aconteceunovale.com.br\/portal\/index.php?rest_route=%2Fwp%2Fv2%2Fmedia&parent=24252"}],"wp:term":[{"taxonomy":"category","embeddable":true,"href":"https:\/\/aconteceunovale.com.br\/portal\/index.php?rest_route=%2Fwp%2Fv2%2Fcategories&post=24252"},{"taxonomy":"post_tag","embeddable":true,"href":"https:\/\/aconteceunovale.com.br\/portal\/index.php?rest_route=%2Fwp%2Fv2%2Ftags&post=24252"}],"curies":[{"name":"wp","href":"https:\/\/api.w.org\/{rel}","templated":true}]}}