{"id":24249,"date":"2014-03-21T23:40:37","date_gmt":"2014-03-22T02:40:37","guid":{"rendered":"http:\/\/aconteceunovale.com.br\/portal\/?p=24249"},"modified":"2014-03-21T23:40:37","modified_gmt":"2014-03-22T02:40:37","slug":"cadeia-do-municipio-de-novo-cruzeiro-e-elevada-a-condicao-de-presidio","status":"publish","type":"post","link":"https:\/\/aconteceunovale.com.br\/portal\/?p=24249","title":{"rendered":"Cadeia do munic\u00edpio de Novo Cruzeiro \u00e9 elevada \u00e0 condi\u00e7\u00e3o de pres\u00eddio"},"content":{"rendered":"<p>O sistema prisional mineiro chegar\u00e1 \u00e0 marca de 144 unidades na manh\u00e3 da pr\u00f3xima segunda-feira (24\/03). A cadeia p\u00fablica da cidade de Novo Cruzeiro, localizada na regi\u00e3o do Jequitinhonha, ser\u00e1 assumida pela Secretaria de Estado de Defesa Social (Seds).<\/p>\n<p>A cerim\u00f4nia de assun\u00e7\u00e3o acontecer\u00e1 na C\u00e2mara Municipal de Novo Cruzeiro e contar\u00e1 com a presen\u00e7a do secret\u00e1rio de Estado de Defesa Social, R\u00f4mulo de Carvalho Ferraz, do presidente da Assembleia Legislativa de Minas Gerais, deputado estadual Diniz Pinheiro, do procurador de Justi\u00e7a Nedens Ulisses e do superintendente de Investiga\u00e7\u00e3o e Pol\u00edcia Judici\u00e1ria, delegado geral Jefferson Botelho. Durante o evento, ainda haver\u00e1 o an\u00fancio de entrega de uma viatura para a Pol\u00edcia Civil.<\/p>\n<p>Com a assun\u00e7\u00e3o, os 78 detentos custodiados na unidade receber\u00e3o atendimentos jur\u00eddico, social e de sa\u00fade. Al\u00e9m disso, o card\u00e1pio de todas as refei\u00e7\u00f5es di\u00e1rias oferecidas a eles ser\u00e1 supervisionado por um nutricionista. O uso de uniforme tamb\u00e9m passar\u00e1 a ser obrigat\u00f3rio. Ser\u00e3o contratados um auxiliar de enfermagem, um psic\u00f3logo e mais agentes penitenci\u00e1rios, al\u00e9m dos profissionais que j\u00e1 trabalham no local. Todos eles s\u00e3o especialmente treinados para exercer a fun\u00e7\u00e3o de guarda e escolta de presos.<\/p>\n<p><strong>Servi\u00e7o:<\/strong> Assun\u00e7\u00e3o da Cadeia P\u00fablica de Novo Cruzeiro<\/p>\n<p><strong>Data:<\/strong> 24 de mar\u00e7o de 2014 \u2013 Segunda-feira<\/p>\n<p><strong>Hor\u00e1rio:<\/strong> 11h30<\/p>\n<p><strong>Local:<\/strong> C\u00e2mara Municipal de Novo Cruzeiro &#8211; Rua Coronel Davi Mussi<\/p>\n","protected":false},"excerpt":{"rendered":"<p>O sistema prisional mineiro chegar\u00e1 \u00e0 marca de 144 unidades na manh\u00e3 da pr\u00f3xima segunda-feira (24\/03). A cadeia p\u00fablica da cidade de Novo Cruzeiro, localizada na regi\u00e3o do Jequitinhonha, ser\u00e1 assumida pela Secretaria de Estado de Defesa Social (Seds). A cerim\u00f4nia de assun\u00e7\u00e3o acontecer\u00e1 na C\u00e2mara Municipal de Novo Cruzeiro e contar\u00e1 com a presen\u00e7a [&hellip;]<\/p>\n","protected":false},"author":1,"featured_media":24250,"comment_status":"open","ping_status":"closed","sticky":false,"template":"","format":"standard","meta":{"amp_status":"","footnotes":""},"categories":[120],"tags":[5787,175],"class_list":["post-24249","post","type-post","status-publish","format-standard","has-post-thumbnail","hentry","category-jequi","tag-cadeia-do-municipio-de-novo-cruzeiro-e-elevada-a-condicao-de-presidio","tag-novo-cruzeiro"],"_links":{"self":[{"href":"https:\/\/aconteceunovale.com.br\/portal\/index.php?rest_route=\/wp\/v2\/posts\/24249","targetHints":{"allow":["GET"]}}],"collection":[{"href":"https:\/\/aconteceunovale.com.br\/portal\/index.php?rest_route=\/wp\/v2\/posts"}],"about":[{"href":"https:\/\/aconteceunovale.com.br\/portal\/index.php?rest_route=\/wp\/v2\/types\/post"}],"author":[{"embeddable":true,"href":"https:\/\/aconteceunovale.com.br\/portal\/index.php?rest_route=\/wp\/v2\/users\/1"}],"replies":[{"embeddable":true,"href":"https:\/\/aconteceunovale.com.br\/portal\/index.php?rest_route=%2Fwp%2Fv2%2Fcomments&post=24249"}],"version-history":[{"count":0,"href":"https:\/\/aconteceunovale.com.br\/portal\/index.php?rest_route=\/wp\/v2\/posts\/24249\/revisions"}],"wp:featuredmedia":[{"embeddable":true,"href":"https:\/\/aconteceunovale.com.br\/portal\/index.php?rest_route=\/wp\/v2\/media\/24250"}],"wp:attachment":[{"href":"https:\/\/aconteceunovale.com.br\/portal\/index.php?rest_route=%2Fwp%2Fv2%2Fmedia&parent=24249"}],"wp:term":[{"taxonomy":"category","embeddable":true,"href":"https:\/\/aconteceunovale.com.br\/portal\/index.php?rest_route=%2Fwp%2Fv2%2Fcategories&post=24249"},{"taxonomy":"post_tag","embeddable":true,"href":"https:\/\/aconteceunovale.com.br\/portal\/index.php?rest_route=%2Fwp%2Fv2%2Ftags&post=24249"}],"curies":[{"name":"wp","href":"https:\/\/api.w.org\/{rel}","templated":true}]}}