{"id":24243,"date":"2014-03-21T19:15:27","date_gmt":"2014-03-21T22:15:27","guid":{"rendered":"http:\/\/aconteceunovale.com.br\/portal\/?p=24243"},"modified":"2014-03-21T19:15:27","modified_gmt":"2014-03-21T22:15:27","slug":"gasolina-vendida-e-armazenada-de-forma-irregular-e-apreendida-em-alvorada-de-minas","status":"publish","type":"post","link":"https:\/\/aconteceunovale.com.br\/portal\/?p=24243","title":{"rendered":"Gasolina vendida e armazenada de forma irregular \u00e9 apreendida em Alvorada de Minas"},"content":{"rendered":"<p>Trezentos e cinquenta litros de gasolina vendidos e armazenados de forma irregular foram apreendidos na regi\u00e3o Central de Minas Gerais, nessa quinta-feira (20). A carga de combust\u00edvel foi achada em uma casa do distrito de Itapanhoacanga, em Alvorada de Minas.<\/p>\n<p>A resid\u00eancia foi vistoriada por bombeiros do 3\u00ba Pelot\u00e3o de Diamantina e policiais militares do Serro, ap\u00f3s registro de den\u00fancia an\u00f4nima.<\/p>\n<p>Conforme os oficiais, o combust\u00edvel estava guardado irregularmente em um dos quartos do im\u00f3vel, onde tamb\u00e9m foram recolhidos v\u00e1rios litros de \u00f3leo de motor, flu\u00eddo de freio, lubrificantes, um caderno de anota\u00e7\u00f5es e caixas de cigarros. Sendo v\u00e1lido lembrar que havia risco iminente de explos\u00e3o e inc\u00eandio no c\u00f4modo devido \u00e0 aglomera\u00e7\u00e3o de produtos altamente inflam\u00e1veis.<\/p>\n<p>O dono da casa vistoriada foi localizado e assumiu que realizava as vendas clandestinas, mas alegou que todo o material recolhido pertencia \u00e0 outra pessoa. Ele foi conduzido \u00e0 Delegacia de Serro para prestar mais esclarecimentos.<\/p>\n<p><img decoding=\"async\" src=\"http:\/\/aconteceunovale.com.br\/portal\/wp-content\/uploads\/2014\/03\/gasolina_irregular_alvorada_de_minas_20.jpg\" alt=\"\" \/><br \/>\n<em>(Foto: Corpo de Bombeiros\/Divulga\u00e7\u00e3o)<\/em><\/p>\n","protected":false},"excerpt":{"rendered":"<p>Trezentos e cinquenta litros de gasolina vendidos e armazenados de forma irregular foram apreendidos na regi\u00e3o Central de Minas Gerais, nessa quinta-feira (20). A carga de combust\u00edvel foi achada em uma casa do distrito de Itapanhoacanga, em Alvorada de Minas. A resid\u00eancia foi vistoriada por bombeiros do 3\u00ba Pelot\u00e3o de Diamantina e policiais militares do [&hellip;]<\/p>\n","protected":false},"author":1,"featured_media":24244,"comment_status":"open","ping_status":"closed","sticky":false,"template":"","format":"standard","meta":{"amp_status":"","footnotes":""},"categories":[6],"tags":[972,1018,5781],"class_list":["post-24243","post","type-post","status-publish","format-standard","has-post-thumbnail","hentry","category-br","tag-alvorada-de-minas","tag-destaque","tag-gasolina-vendida-e-armazenada-de-forma-irregular-e-apreendida-em-alvorada-de-minas"],"_links":{"self":[{"href":"https:\/\/aconteceunovale.com.br\/portal\/index.php?rest_route=\/wp\/v2\/posts\/24243","targetHints":{"allow":["GET"]}}],"collection":[{"href":"https:\/\/aconteceunovale.com.br\/portal\/index.php?rest_route=\/wp\/v2\/posts"}],"about":[{"href":"https:\/\/aconteceunovale.com.br\/portal\/index.php?rest_route=\/wp\/v2\/types\/post"}],"author":[{"embeddable":true,"href":"https:\/\/aconteceunovale.com.br\/portal\/index.php?rest_route=\/wp\/v2\/users\/1"}],"replies":[{"embeddable":true,"href":"https:\/\/aconteceunovale.com.br\/portal\/index.php?rest_route=%2Fwp%2Fv2%2Fcomments&post=24243"}],"version-history":[{"count":0,"href":"https:\/\/aconteceunovale.com.br\/portal\/index.php?rest_route=\/wp\/v2\/posts\/24243\/revisions"}],"wp:featuredmedia":[{"embeddable":true,"href":"https:\/\/aconteceunovale.com.br\/portal\/index.php?rest_route=\/wp\/v2\/media\/24244"}],"wp:attachment":[{"href":"https:\/\/aconteceunovale.com.br\/portal\/index.php?rest_route=%2Fwp%2Fv2%2Fmedia&parent=24243"}],"wp:term":[{"taxonomy":"category","embeddable":true,"href":"https:\/\/aconteceunovale.com.br\/portal\/index.php?rest_route=%2Fwp%2Fv2%2Fcategories&post=24243"},{"taxonomy":"post_tag","embeddable":true,"href":"https:\/\/aconteceunovale.com.br\/portal\/index.php?rest_route=%2Fwp%2Fv2%2Ftags&post=24243"}],"curies":[{"name":"wp","href":"https:\/\/api.w.org\/{rel}","templated":true}]}}