{"id":24240,"date":"2014-03-21T19:12:22","date_gmt":"2014-03-21T22:12:22","guid":{"rendered":"http:\/\/aconteceunovale.com.br\/portal\/?p=24240"},"modified":"2014-03-21T19:12:22","modified_gmt":"2014-03-21T22:12:22","slug":"caminhao-carregado-de-pneus-tomba-e-deixa-tres-feridos-na-mgc-367","status":"publish","type":"post","link":"https:\/\/aconteceunovale.com.br\/portal\/?p=24240","title":{"rendered":"Caminh\u00e3o carregado de pneus tomba e deixa tr\u00eas feridos na MGC-367"},"content":{"rendered":"<p>Tr\u00eas pessoas ficaram feridas nessa quinta-feira (20) em um acidente na MGC-367, no km 569, entre os munic\u00edpios de Diamantina e Couto de Magalh\u00e3es de Minas, regi\u00e3o do Vale do Jequitinhonha.<\/p>\n<p>O motorista do caminh\u00e3o carregado de pneus perdeu o controle da dire\u00e7\u00e3o ap\u00f3s sair de v\u00e1rias curvas sinuosas na via. Ao ganhar velocidade, o ve\u00edculo, que estava sem freios, saiu da pista e tombou \u00e0s margens da rodovia. <\/p>\n<p>Conforme informa\u00e7\u00f5es do Corpo de Bombeiros, o motorista e os dois passageiros ficaram feridos. Eles foram socorridos e encaminhados para o Hospital de Pronto Socorro Santa Isabel, em Diamantina. Os militares n\u00e3o divulgaram a identifica\u00e7\u00e3o das v\u00edtimas. <\/p>\n","protected":false},"excerpt":{"rendered":"<p>Tr\u00eas pessoas ficaram feridas nessa quinta-feira (20) em um acidente na MGC-367, no km 569, entre os munic\u00edpios de Diamantina e Couto de Magalh\u00e3es de Minas, regi\u00e3o do Vale do Jequitinhonha. O motorista do caminh\u00e3o carregado de pneus perdeu o controle da dire\u00e7\u00e3o ap\u00f3s sair de v\u00e1rias curvas sinuosas na via. Ao ganhar velocidade, o [&hellip;]<\/p>\n","protected":false},"author":1,"featured_media":24241,"comment_status":"open","ping_status":"closed","sticky":false,"template":"","format":"standard","meta":{"amp_status":"","footnotes":""},"categories":[120],"tags":[5780,4115,198],"class_list":["post-24240","post","type-post","status-publish","format-standard","has-post-thumbnail","hentry","category-jequi","tag-caminhao-carregado-de-pneus-tomba-e-deixa-tres-feridos-na-mgc-367","tag-couto-de-magalhaes-de-minas","tag-diamantina"],"_links":{"self":[{"href":"https:\/\/aconteceunovale.com.br\/portal\/index.php?rest_route=\/wp\/v2\/posts\/24240","targetHints":{"allow":["GET"]}}],"collection":[{"href":"https:\/\/aconteceunovale.com.br\/portal\/index.php?rest_route=\/wp\/v2\/posts"}],"about":[{"href":"https:\/\/aconteceunovale.com.br\/portal\/index.php?rest_route=\/wp\/v2\/types\/post"}],"author":[{"embeddable":true,"href":"https:\/\/aconteceunovale.com.br\/portal\/index.php?rest_route=\/wp\/v2\/users\/1"}],"replies":[{"embeddable":true,"href":"https:\/\/aconteceunovale.com.br\/portal\/index.php?rest_route=%2Fwp%2Fv2%2Fcomments&post=24240"}],"version-history":[{"count":0,"href":"https:\/\/aconteceunovale.com.br\/portal\/index.php?rest_route=\/wp\/v2\/posts\/24240\/revisions"}],"wp:featuredmedia":[{"embeddable":true,"href":"https:\/\/aconteceunovale.com.br\/portal\/index.php?rest_route=\/wp\/v2\/media\/24241"}],"wp:attachment":[{"href":"https:\/\/aconteceunovale.com.br\/portal\/index.php?rest_route=%2Fwp%2Fv2%2Fmedia&parent=24240"}],"wp:term":[{"taxonomy":"category","embeddable":true,"href":"https:\/\/aconteceunovale.com.br\/portal\/index.php?rest_route=%2Fwp%2Fv2%2Fcategories&post=24240"},{"taxonomy":"post_tag","embeddable":true,"href":"https:\/\/aconteceunovale.com.br\/portal\/index.php?rest_route=%2Fwp%2Fv2%2Ftags&post=24240"}],"curies":[{"name":"wp","href":"https:\/\/api.w.org\/{rel}","templated":true}]}}