{"id":24225,"date":"2014-03-21T17:58:25","date_gmt":"2014-03-21T20:58:25","guid":{"rendered":"http:\/\/aconteceunovale.com.br\/portal\/?p=24225"},"modified":"2014-03-21T17:58:25","modified_gmt":"2014-03-21T20:58:25","slug":"aluno-de-13-anos-levava-arma-para-dentro-da-sala-de-aula-em-carai","status":"publish","type":"post","link":"https:\/\/aconteceunovale.com.br\/portal\/?p=24225","title":{"rendered":"Aluno de 13 anos levava arma para dentro da sala de aula em Cara\u00ed"},"content":{"rendered":"<p>A Pol\u00edcia Militar de Cara\u00ed, no Vale do Jequitinhonha (MG), apreendeu uma pistola Taurus, preta, calibre 6.35, no in\u00edcio da noite de quinta-feira (20). A arma estava com um aluno de apenas 13 anos, de uma escola p\u00fablica estadual da cidade.<\/p>\n<p>A apreens\u00e3o s\u00f3 foi poss\u00edvel, porque o pai de um colega do adolescente, avisou aos militares que o garoto estava levando a arma para dentro da sala de aula.<\/p>\n<p>De acordo com o homem, seu filho chegou assustado em casa e contou que viu a arma dentro da mochila do menino, junto com os materiais escolares.<\/p>\n<p>Diante da informa\u00e7\u00e3o, os militares foram at\u00e9 \u00e0 casa dos pais do menor e  informaram a m\u00e3e dele, sobre a gravidade da situa\u00e7\u00e3o.<\/p>\n<p>Ap\u00f3s receberem autoriza\u00e7\u00e3o para entrar na casa, os militares localizaram a arma dentro da mochila do garoto. Ela estava sem muni\u00e7\u00e3o e sem o carregador.<\/p>\n<p>O menino contou aos policiais que  ela foi  encontrada na rua pr\u00f3xima  \u00e0 casa onde ele mora, na localidade conhecida por \u201ccasas populares.\u201d<\/p>\n<p>A m\u00e3e do menor se comprometeu a levar o filho \u00e0 delegacia de Pol\u00edcia para esclarecimentos.<\/p>\n<p>A arma foi apreendida. <em>(Gazeta de Ara\u00e7ua\u00ed)<\/em><\/p>\n","protected":false},"excerpt":{"rendered":"<p>A Pol\u00edcia Militar de Cara\u00ed, no Vale do Jequitinhonha (MG), apreendeu uma pistola Taurus, preta, calibre 6.35, no in\u00edcio da noite de quinta-feira (20). A arma estava com um aluno de apenas 13 anos, de uma escola p\u00fablica estadual da cidade. A apreens\u00e3o s\u00f3 foi poss\u00edvel, porque o pai de um colega do adolescente, avisou [&hellip;]<\/p>\n","protected":false},"author":1,"featured_media":24226,"comment_status":"open","ping_status":"closed","sticky":false,"template":"","format":"standard","meta":{"amp_status":"","footnotes":""},"categories":[120],"tags":[5775,490],"class_list":["post-24225","post","type-post","status-publish","format-standard","has-post-thumbnail","hentry","category-jequi","tag-aluno-de-13-anos-levava-arma-para-dentro-da-sala-de-aula-em-carai","tag-carai"],"_links":{"self":[{"href":"https:\/\/aconteceunovale.com.br\/portal\/index.php?rest_route=\/wp\/v2\/posts\/24225","targetHints":{"allow":["GET"]}}],"collection":[{"href":"https:\/\/aconteceunovale.com.br\/portal\/index.php?rest_route=\/wp\/v2\/posts"}],"about":[{"href":"https:\/\/aconteceunovale.com.br\/portal\/index.php?rest_route=\/wp\/v2\/types\/post"}],"author":[{"embeddable":true,"href":"https:\/\/aconteceunovale.com.br\/portal\/index.php?rest_route=\/wp\/v2\/users\/1"}],"replies":[{"embeddable":true,"href":"https:\/\/aconteceunovale.com.br\/portal\/index.php?rest_route=%2Fwp%2Fv2%2Fcomments&post=24225"}],"version-history":[{"count":0,"href":"https:\/\/aconteceunovale.com.br\/portal\/index.php?rest_route=\/wp\/v2\/posts\/24225\/revisions"}],"wp:featuredmedia":[{"embeddable":true,"href":"https:\/\/aconteceunovale.com.br\/portal\/index.php?rest_route=\/wp\/v2\/media\/24226"}],"wp:attachment":[{"href":"https:\/\/aconteceunovale.com.br\/portal\/index.php?rest_route=%2Fwp%2Fv2%2Fmedia&parent=24225"}],"wp:term":[{"taxonomy":"category","embeddable":true,"href":"https:\/\/aconteceunovale.com.br\/portal\/index.php?rest_route=%2Fwp%2Fv2%2Fcategories&post=24225"},{"taxonomy":"post_tag","embeddable":true,"href":"https:\/\/aconteceunovale.com.br\/portal\/index.php?rest_route=%2Fwp%2Fv2%2Ftags&post=24225"}],"curies":[{"name":"wp","href":"https:\/\/api.w.org\/{rel}","templated":true}]}}