{"id":24207,"date":"2014-03-21T10:43:17","date_gmt":"2014-03-21T13:43:17","guid":{"rendered":"http:\/\/aconteceunovale.com.br\/portal\/?p=24207"},"modified":"2014-03-21T10:43:17","modified_gmt":"2014-03-21T13:43:17","slug":"1a-conferencia-livre-de-protecao-e-defesa-civil-do-alto-e-medio-jequitinhonha","status":"publish","type":"post","link":"https:\/\/aconteceunovale.com.br\/portal\/?p=24207","title":{"rendered":"1\u00aa Confer\u00eancia Livre de Prote\u00e7\u00e3o e Defesa Civil do Alto e M\u00e9dio Jequitinhonha"},"content":{"rendered":"<p>Ser\u00e1 realizada no pr\u00f3ximo dia 28 de mar\u00e7o, no Audit\u00f3rio do Centro Administrativo da Prefeitura Municipal de Diamantina, a 1\u00aa Confer\u00eancia Livre de Prote\u00e7\u00e3o e Defesa Civil do Alto e M\u00e9dio Jequitinhonha.<\/p>\n<p>Confira a programa\u00e7\u00e3o abaixo:<\/p>\n<p><img decoding=\"async\" src=\"http:\/\/aconteceunovale.com.br\/portal\/wp-content\/uploads\/2014\/03\/conferencia_defesa_civil_alto_jequi.jpg\" alt=\"\" \/><\/p>\n","protected":false},"excerpt":{"rendered":"<p>Ser\u00e1 realizada no pr\u00f3ximo dia 28 de mar\u00e7o, no Audit\u00f3rio do Centro Administrativo da Prefeitura Municipal de Diamantina, a 1\u00aa Confer\u00eancia Livre de Prote\u00e7\u00e3o e Defesa Civil do Alto e M\u00e9dio Jequitinhonha. Confira a programa\u00e7\u00e3o abaixo:<\/p>\n","protected":false},"author":1,"featured_media":24208,"comment_status":"open","ping_status":"closed","sticky":false,"template":"","format":"standard","meta":{"amp_status":"","footnotes":""},"categories":[120],"tags":[5770,5769,1018],"class_list":["post-24207","post","type-post","status-publish","format-standard","has-post-thumbnail","hentry","category-jequi","tag-1a-conferencia-livre-de-protecao-e-defesa-civil-do-alto-e-medio-jequitinhonha","tag-conferencia-de-protecao-e-defesa-civil-do-vale-do-jequitinhonha","tag-destaque"],"_links":{"self":[{"href":"https:\/\/aconteceunovale.com.br\/portal\/index.php?rest_route=\/wp\/v2\/posts\/24207","targetHints":{"allow":["GET"]}}],"collection":[{"href":"https:\/\/aconteceunovale.com.br\/portal\/index.php?rest_route=\/wp\/v2\/posts"}],"about":[{"href":"https:\/\/aconteceunovale.com.br\/portal\/index.php?rest_route=\/wp\/v2\/types\/post"}],"author":[{"embeddable":true,"href":"https:\/\/aconteceunovale.com.br\/portal\/index.php?rest_route=\/wp\/v2\/users\/1"}],"replies":[{"embeddable":true,"href":"https:\/\/aconteceunovale.com.br\/portal\/index.php?rest_route=%2Fwp%2Fv2%2Fcomments&post=24207"}],"version-history":[{"count":0,"href":"https:\/\/aconteceunovale.com.br\/portal\/index.php?rest_route=\/wp\/v2\/posts\/24207\/revisions"}],"wp:featuredmedia":[{"embeddable":true,"href":"https:\/\/aconteceunovale.com.br\/portal\/index.php?rest_route=\/wp\/v2\/media\/24208"}],"wp:attachment":[{"href":"https:\/\/aconteceunovale.com.br\/portal\/index.php?rest_route=%2Fwp%2Fv2%2Fmedia&parent=24207"}],"wp:term":[{"taxonomy":"category","embeddable":true,"href":"https:\/\/aconteceunovale.com.br\/portal\/index.php?rest_route=%2Fwp%2Fv2%2Fcategories&post=24207"},{"taxonomy":"post_tag","embeddable":true,"href":"https:\/\/aconteceunovale.com.br\/portal\/index.php?rest_route=%2Fwp%2Fv2%2Ftags&post=24207"}],"curies":[{"name":"wp","href":"https:\/\/api.w.org\/{rel}","templated":true}]}}