{"id":24184,"date":"2014-03-21T10:01:13","date_gmt":"2014-03-21T13:01:13","guid":{"rendered":"http:\/\/aconteceunovale.com.br\/portal\/?p=24184"},"modified":"2014-03-21T10:01:13","modified_gmt":"2014-03-21T13:01:13","slug":"motorista-fica-ferido-apos-carreta-com-carvao-vegetal-tombar-na-mgc-120","status":"publish","type":"post","link":"https:\/\/aconteceunovale.com.br\/portal\/?p=24184","title":{"rendered":"Motorista fica ferido ap\u00f3s carreta com carv\u00e3o vegetal tombar na MGC-120"},"content":{"rendered":"<p>O motorista de uma carreta carregada com carv\u00e3o vegetal ficou preso \u00e0s ferragens ap\u00f3s perder a dire\u00e7\u00e3o do ve\u00edculo e tombar, batendo em um barranco. O condutor ficou com as pernas presas entre o volante e o banco. O acidente ocorreu na noite dessa quinta-feira, 20 de mar\u00e7o, no Km 460 da MGC-120, na localidade rural de Ribeir\u00e3o S\u00e3o Jos\u00e9.<\/p>\n<p>A v\u00edtima, Carlos Aparecido Xavier de 45 anos, sentia muitas dores. O Servi\u00e7o de Atendimento M\u00f3vel de Urg\u00eancia (Samu) foi at\u00e9 o local juntamente do Corpo de Bombeiros para socorrer e retirar o motorista do interior da carreta.<\/p>\n<p>Os militares tiveram muito trabalho para retirar a v\u00edtima da cabine. Ap\u00f3s ser retirado, Carlos foi imobilizado pelos agentes do Samu e levado ao Pronto Socorro de Itabira. A Pol\u00edcia Rodovi\u00e1ria Estadual (PRV) esteve tamb\u00e9m no local do acidente para registrar o boletim de ocorr\u00eancias. A carreta seria destombada e rebocada para o p\u00e1tio de uma empresa contratada.<\/p>\n<p><strong>GALERIA DE FOTOS:<\/strong><br \/>\n<em>(Fotos: Silvio Andrade\/Defato)<\/em><\/p>\n<p><img decoding=\"async\" src=\"http:\/\/aconteceunovale.com.br\/portal\/wp-content\/uploads\/2014\/03\/acidente_carreta_carvao_120_21_2.jpg\" alt=\"\" \/><br \/>\n<div id='gallery-1' class='gallery galleryid-24184 gallery-columns-4 gallery-size-thumbnail'><figure class='gallery-item'>\n\t\t\t<div class='gallery-icon portrait'>\n\t\t\t\t<a href='https:\/\/aconteceunovale.com.br\/portal\/wp-content\/uploads\/2014\/03\/acidente_carreta_carvao_120_21_4.jpg'><img loading=\"lazy\" decoding=\"async\" width=\"150\" height=\"150\" src=\"https:\/\/aconteceunovale.com.br\/portal\/wp-content\/uploads\/2014\/03\/acidente_carreta_carvao_120_21_4-150x150.jpg\" class=\"attachment-thumbnail size-thumbnail\" alt=\"\" srcset=\"https:\/\/aconteceunovale.com.br\/portal\/wp-content\/uploads\/2014\/03\/acidente_carreta_carvao_120_21_4-150x150.jpg 150w, https:\/\/aconteceunovale.com.br\/portal\/wp-content\/uploads\/2014\/03\/acidente_carreta_carvao_120_21_4-55x55.jpg 55w\" sizes=\"auto, (max-width: 150px) 100vw, 150px\" \/><\/a>\n\t\t\t<\/div><\/figure><figure class='gallery-item'>\n\t\t\t<div class='gallery-icon landscape'>\n\t\t\t\t<a href='https:\/\/aconteceunovale.com.br\/portal\/wp-content\/uploads\/2014\/03\/acidente_carreta_carvao_120_21_3.jpg'><img loading=\"lazy\" decoding=\"async\" width=\"150\" height=\"150\" src=\"https:\/\/aconteceunovale.com.br\/portal\/wp-content\/uploads\/2014\/03\/acidente_carreta_carvao_120_21_3-150x150.jpg\" class=\"attachment-thumbnail size-thumbnail\" alt=\"\" srcset=\"https:\/\/aconteceunovale.com.br\/portal\/wp-content\/uploads\/2014\/03\/acidente_carreta_carvao_120_21_3-150x150.jpg 150w, https:\/\/aconteceunovale.com.br\/portal\/wp-content\/uploads\/2014\/03\/acidente_carreta_carvao_120_21_3-55x55.jpg 55w\" sizes=\"auto, (max-width: 150px) 100vw, 150px\" \/><\/a>\n\t\t\t<\/div><\/figure><figure class='gallery-item'>\n\t\t\t<div class='gallery-icon landscape'>\n\t\t\t\t<a href='https:\/\/aconteceunovale.com.br\/portal\/wp-content\/uploads\/2014\/03\/acidente_carreta_carvao_120_21_1.jpg'><img loading=\"lazy\" decoding=\"async\" width=\"150\" height=\"150\" src=\"https:\/\/aconteceunovale.com.br\/portal\/wp-content\/uploads\/2014\/03\/acidente_carreta_carvao_120_21_1-150x150.jpg\" class=\"attachment-thumbnail size-thumbnail\" alt=\"\" srcset=\"https:\/\/aconteceunovale.com.br\/portal\/wp-content\/uploads\/2014\/03\/acidente_carreta_carvao_120_21_1-150x150.jpg 150w, https:\/\/aconteceunovale.com.br\/portal\/wp-content\/uploads\/2014\/03\/acidente_carreta_carvao_120_21_1-55x55.jpg 55w\" sizes=\"auto, (max-width: 150px) 100vw, 150px\" \/><\/a>\n\t\t\t<\/div><\/figure><figure class='gallery-item'>\n\t\t\t<div class='gallery-icon landscape'>\n\t\t\t\t<a href='https:\/\/aconteceunovale.com.br\/portal\/wp-content\/uploads\/2014\/03\/acidente_carreta_carvao_120_21_2.jpg'><img loading=\"lazy\" decoding=\"async\" width=\"150\" height=\"150\" src=\"https:\/\/aconteceunovale.com.br\/portal\/wp-content\/uploads\/2014\/03\/acidente_carreta_carvao_120_21_2-150x150.jpg\" class=\"attachment-thumbnail size-thumbnail\" alt=\"\" srcset=\"https:\/\/aconteceunovale.com.br\/portal\/wp-content\/uploads\/2014\/03\/acidente_carreta_carvao_120_21_2-150x150.jpg 150w, https:\/\/aconteceunovale.com.br\/portal\/wp-content\/uploads\/2014\/03\/acidente_carreta_carvao_120_21_2-55x55.jpg 55w\" sizes=\"auto, (max-width: 150px) 100vw, 150px\" \/><\/a>\n\t\t\t<\/div><\/figure>\n\t\t<\/div>\n<\/p>\n<p>(DeFato Online)<\/p>\n","protected":false},"excerpt":{"rendered":"<p>O motorista de uma carreta carregada com carv\u00e3o vegetal ficou preso \u00e0s ferragens ap\u00f3s perder a dire\u00e7\u00e3o do ve\u00edculo e tombar, batendo em um barranco. O condutor ficou com as pernas presas entre o volante e o banco. O acidente ocorreu na noite dessa quinta-feira, 20 de mar\u00e7o, no Km 460 da MGC-120, na localidade [&hellip;]<\/p>\n","protected":false},"author":1,"featured_media":24188,"comment_status":"open","ping_status":"closed","sticky":false,"template":"","format":"standard","meta":{"amp_status":"","footnotes":""},"categories":[123],"tags":[5755,5756,1018,202,5754],"class_list":["post-24184","post","type-post","status-publish","format-standard","has-post-thumbnail","hentry","category-gerais","tag-acidente-com-carreta-de-carvao-ma-mgc-120","tag-carlos-aparecido-xavier","tag-destaque","tag-itabira","tag-motorista-fica-ferido-apos-carreta-com-carvao-vegetal-tombar-na-mgc-120"],"_links":{"self":[{"href":"https:\/\/aconteceunovale.com.br\/portal\/index.php?rest_route=\/wp\/v2\/posts\/24184","targetHints":{"allow":["GET"]}}],"collection":[{"href":"https:\/\/aconteceunovale.com.br\/portal\/index.php?rest_route=\/wp\/v2\/posts"}],"about":[{"href":"https:\/\/aconteceunovale.com.br\/portal\/index.php?rest_route=\/wp\/v2\/types\/post"}],"author":[{"embeddable":true,"href":"https:\/\/aconteceunovale.com.br\/portal\/index.php?rest_route=\/wp\/v2\/users\/1"}],"replies":[{"embeddable":true,"href":"https:\/\/aconteceunovale.com.br\/portal\/index.php?rest_route=%2Fwp%2Fv2%2Fcomments&post=24184"}],"version-history":[{"count":0,"href":"https:\/\/aconteceunovale.com.br\/portal\/index.php?rest_route=\/wp\/v2\/posts\/24184\/revisions"}],"wp:featuredmedia":[{"embeddable":true,"href":"https:\/\/aconteceunovale.com.br\/portal\/index.php?rest_route=\/wp\/v2\/media\/24188"}],"wp:attachment":[{"href":"https:\/\/aconteceunovale.com.br\/portal\/index.php?rest_route=%2Fwp%2Fv2%2Fmedia&parent=24184"}],"wp:term":[{"taxonomy":"category","embeddable":true,"href":"https:\/\/aconteceunovale.com.br\/portal\/index.php?rest_route=%2Fwp%2Fv2%2Fcategories&post=24184"},{"taxonomy":"post_tag","embeddable":true,"href":"https:\/\/aconteceunovale.com.br\/portal\/index.php?rest_route=%2Fwp%2Fv2%2Ftags&post=24184"}],"curies":[{"name":"wp","href":"https:\/\/api.w.org\/{rel}","templated":true}]}}