{"id":24176,"date":"2014-03-20T23:49:48","date_gmt":"2014-03-21T02:49:48","guid":{"rendered":"http:\/\/aconteceunovale.com.br\/portal\/?p=24176"},"modified":"2014-03-20T23:53:05","modified_gmt":"2014-03-21T02:53:05","slug":"quase-60-dos-idosos-mineiros-sao-analfabetos-funcionais","status":"publish","type":"post","link":"https:\/\/aconteceunovale.com.br\/portal\/?p=24176","title":{"rendered":"Mais de 75% dos idosos dos Vales do Jequitinhonha e Mucuri e do Norte de Minas s\u00e3o analfabetos funcionais"},"content":{"rendered":"<p>Em Minas Gerais, o \u00edndice de analfabetismo tem diminu\u00eddo com o passar dos anos, de acordo com dados do Instituto Brasileiro de Geografia e Estat\u00edstica (IBGE). Enquanto, em 2011, 7,9% da popula\u00e7\u00e3o era analfabeta, em 2012, este n\u00famero caiu para 7,4%. No entanto, a heran\u00e7a prec\u00e1ria do passado na educa\u00e7\u00e3o fica clara na popula\u00e7\u00e3o idosa. Em contraste com estes dados, 29,9% dos mineiros com 60 anos ou mais s\u00e3o completamente analfabetos, enquanto 57,7% deles s\u00e3o analfabetos funcionais, ou seja, t\u00eam menos de tr\u00eas anos de estudo, sabem escrever o pr\u00f3prio nome e at\u00e9 ler ou escrever algumas frases simples, mas n\u00e3o sabem interpret\u00e1-las.<\/p>\n<p>J\u00e1 na popula\u00e7\u00e3o idosa acima de 80 anos, o n\u00famero de analfabetos completos \u00e9 ainda maior: 40,2%. Os dados s\u00e3o da Funda\u00e7\u00e3o Jo\u00e3o Pinheiro, que apresentou, na manh\u00e3 desta quinta-feira (20), os resultados da pesquisa sobre a popula\u00e7\u00e3o idosa do Estado desenvolvida pelo Centro de Estat\u00edstica e Informa\u00e7\u00e3o da Funda\u00e7\u00e3o, com dados colhidos em 2011. Para isso, foram estudados 18 mil domic\u00edlios e 428 munic\u00edpios das 12 mesorregi\u00f5es mineiras.<\/p>\n<p>Na pesquisa, fica clara a dificuldade das pessoas que n\u00e3o tiveram oportunidade de estudar quando jovens em se alfabetizar depois de velhas. De todas as mesorregi\u00f5es, as que encabe\u00e7am o ranking \u00e9 s\u00e3o o Norte do Estado e os vales do Jequitinhonha e Mucuri, que empataram com 75,6% das respectivas popula\u00e7\u00f5es de idosos sendo de analfabetos funcionais. J\u00e1 o n\u00famero de completamente analfabetos no Jequitinhonha e Mucuri \u00e9 de 56,6% entre os idosos, enquanto no Norte, \u00e9 de 51,1%. Na regi\u00e3o metropolitana de Belo Horizonte, 20,5% dos idosos s\u00e3o analfabetos.<\/p>\n<p><strong>Dados gerais<\/strong><\/p>\n<p>Ainda de acordo com a pesquisa, em 2011, 11,8% dos mineiros eram idosos com 60 anos ou mais, totalizando 2,3 milh\u00f5es de pessoas. O n\u00famero aumentou em rela\u00e7\u00e3o ao censo do IBGE de 2000, quando 7,6% da popula\u00e7\u00e3o era idosa, ou seja, 1.188.992 pessoas. Proporcionalmente, n\u00e3o se pode dizer que a popula\u00e7\u00e3o idosa quase dobrou, porque, em 2000, Minas contava com 15.743.152 habitantes. J\u00e1 a popula\u00e7\u00e3o estimada em 2013 foi de 20.593.356.<\/p>\n<p>As regi\u00f5es mineiras que apresentaram as estruturas et\u00e1rias mais velhas foram a Zona da Mata, com 13,3% da popula\u00e7\u00e3o de idosos, e Jequitinhonha e Mucuri, com 13,2% de idosos. A regi\u00e3o metropolitana de Belo Horizonte tem 11% da popula\u00e7\u00e3o idosa. Em todo o Estado, para cada cem jovens entre 0 e 14 anos, h\u00e1 52,4 idosos.<\/p>\n<p><strong>As mulheres vivem mais<\/strong><\/p>\n<p>As mulheres continuam figurando como maioria entre a popula\u00e7\u00e3o idosa, j\u00e1 que, para cada cem mulheres entre 60 e 79 anos, s\u00e3o 81,8 homens na mesma faixa et\u00e1ria. J\u00e1 na popula\u00e7\u00e3o com mais de 80 anos, essa diferen\u00e7a \u00e9 ainda maior. S\u00e3o 71,1 homens para cada cem mulheres. (O Tempo)<\/p>\n","protected":false},"excerpt":{"rendered":"<p>Em Minas Gerais, o \u00edndice de analfabetismo tem diminu\u00eddo com o passar dos anos, de acordo com dados do Instituto Brasileiro de Geografia e Estat\u00edstica (IBGE). Enquanto, em 2011, 7,9% da popula\u00e7\u00e3o era analfabeta, em 2012, este n\u00famero caiu para 7,4%. No entanto, a heran\u00e7a prec\u00e1ria do passado na educa\u00e7\u00e3o fica clara na popula\u00e7\u00e3o idosa. [&hellip;]<\/p>\n","protected":false},"author":1,"featured_media":24177,"comment_status":"open","ping_status":"closed","sticky":false,"template":"","format":"standard","meta":{"amp_status":"","footnotes":""},"categories":[123],"tags":[1018,5750,5749],"class_list":["post-24176","post","type-post","status-publish","format-standard","has-post-thumbnail","hentry","category-gerais","tag-destaque","tag-mais-de-75-dos-idosos-dos-vales-do-jequitinhonha-e-mucuri-e-do-norte-de-minas-sao-analfabetos-funcionais","tag-quase-60-dos-idosos-mineiros-sao-analfabetos-funcionais"],"_links":{"self":[{"href":"https:\/\/aconteceunovale.com.br\/portal\/index.php?rest_route=\/wp\/v2\/posts\/24176","targetHints":{"allow":["GET"]}}],"collection":[{"href":"https:\/\/aconteceunovale.com.br\/portal\/index.php?rest_route=\/wp\/v2\/posts"}],"about":[{"href":"https:\/\/aconteceunovale.com.br\/portal\/index.php?rest_route=\/wp\/v2\/types\/post"}],"author":[{"embeddable":true,"href":"https:\/\/aconteceunovale.com.br\/portal\/index.php?rest_route=\/wp\/v2\/users\/1"}],"replies":[{"embeddable":true,"href":"https:\/\/aconteceunovale.com.br\/portal\/index.php?rest_route=%2Fwp%2Fv2%2Fcomments&post=24176"}],"version-history":[{"count":0,"href":"https:\/\/aconteceunovale.com.br\/portal\/index.php?rest_route=\/wp\/v2\/posts\/24176\/revisions"}],"wp:featuredmedia":[{"embeddable":true,"href":"https:\/\/aconteceunovale.com.br\/portal\/index.php?rest_route=\/wp\/v2\/media\/24177"}],"wp:attachment":[{"href":"https:\/\/aconteceunovale.com.br\/portal\/index.php?rest_route=%2Fwp%2Fv2%2Fmedia&parent=24176"}],"wp:term":[{"taxonomy":"category","embeddable":true,"href":"https:\/\/aconteceunovale.com.br\/portal\/index.php?rest_route=%2Fwp%2Fv2%2Fcategories&post=24176"},{"taxonomy":"post_tag","embeddable":true,"href":"https:\/\/aconteceunovale.com.br\/portal\/index.php?rest_route=%2Fwp%2Fv2%2Ftags&post=24176"}],"curies":[{"name":"wp","href":"https:\/\/api.w.org\/{rel}","templated":true}]}}