{"id":24171,"date":"2014-03-20T23:28:56","date_gmt":"2014-03-21T02:28:56","guid":{"rendered":"http:\/\/aconteceunovale.com.br\/portal\/?p=24171"},"modified":"2014-03-20T23:30:03","modified_gmt":"2014-03-21T02:30:03","slug":"carlos-farias-e-coral-das-lavadeiras-lancam-o-album-devocao-com-shows-em-bh-e-regiao","status":"publish","type":"post","link":"https:\/\/aconteceunovale.com.br\/portal\/?p=24171","title":{"rendered":"Carlos Farias e Coral das Lavadeiras lan\u00e7am o \u00e1lbum &#8216;Devo\u00e7\u00e3o&#8217; com shows em BH e regi\u00e3o"},"content":{"rendered":"<p>&#8216;Devo\u00e7\u00e3o&#8217;, o novo CD do cantor e compositor Carlos Farias em parceria com o Coral das Lavadeiras, n\u00e3o \u00e9 apenas um disco. Suas 13 faixas funcionam como abre-alas do projeto Caravana musical \u2013 Cultura e cidadania, que leva show, palestras e oficinas a v\u00e1rias cidades de Minas Gerais.<\/p>\n<p>Na noite desta quinta-feira, 20, Farias e as cantoras se apresentam no Sesc Palladium. Na sexta-feira, \u00e0s 18h30, eles batem papo com moradores de Brumadinho, na Casa de Cultura local.<\/p>\n<p>S\u00e1bado, \u00e0s 21h, a cantoria invade as ruas: o show ser\u00e1 realizado na Pra\u00e7a Dr. Belford, naquela cidade. A agenda inclui os munic\u00edpios de Berilo, Machacalis e Pav\u00e3o.<\/p>\n<p>Saberes e sons do Vale do Jequitinhonha norteiam a prosa e o repert\u00f3rio de Carlos e suas parceiras. H\u00e1 23 anos eles ensinam que o poder da arte para superar adversidades \u00e9 inesgot\u00e1vel.<\/p>\n<p>A cantoria de Ad\u00e9lia Silva, Ana Isabel da Concei\u00e7\u00e3o, Em\u00edlia de Jesus, Juracy da Silva, Mariana Gon\u00e7alves, Mayra de Oliveira, Mirian Pessoa, Santa Pereira, Sebastiana Silva, Teresa Novais e Valdenice Santos celebra o sincretismo afrocat\u00f3lico.<\/p>\n<p>\u00c9 como se elas vertessem em m\u00fasica as bonecas de cer\u00e2mica de dona Isabel, as esculturas de Ulisses Mendes, o fascinante universo da artes\u00e3 Lira Marques.<\/p>\n<p>&#8216;Devo\u00e7\u00e3o&#8217; sa\u00fada riquezas do Vale do Jequitinhonha como ful\u00f4s, alecrins, guar\u00e1s, pequis e o rio, testemunha do fado triste das lavadeiras. S\u00e1bias, elas avisam: \u201cN\u00e3o deixe que os homens destruam\/ A buniteza que h\u00e1\/ N\u00e3o deixe que a \u00e1gua do mundo\/ Possa um dia acabar\u201d.<\/p>\n<p><strong>Ou\u00e7a a faixa &#8216;Lavadeiras do Jequitinhonha&#8217;, de Carlos Farias com o Coral das Lavadeiras:<\/strong><\/p>\n<p><iframe loading=\"lazy\" width=\"640\" height=\"480\" src=\"\/\/www.youtube.com\/embed\/TOnTEoF5ym0\" frameborder=\"0\" allowfullscreen><\/iframe><\/p>\n<p><strong>(UAI)<\/strong><\/p>\n","protected":false},"excerpt":{"rendered":"<p>&#8216;Devo\u00e7\u00e3o&#8217;, o novo CD do cantor e compositor Carlos Farias em parceria com o Coral das Lavadeiras, n\u00e3o \u00e9 apenas um disco. Suas 13 faixas funcionam como abre-alas do projeto Caravana musical \u2013 Cultura e cidadania, que leva show, palestras e oficinas a v\u00e1rias cidades de Minas Gerais. Na noite desta quinta-feira, 20, Farias e [&hellip;]<\/p>\n","protected":false},"author":1,"featured_media":24172,"comment_status":"open","ping_status":"closed","sticky":false,"template":"","format":"standard","meta":{"amp_status":"","footnotes":""},"categories":[125],"tags":[5742,5743,5740,5741,5739,1018],"class_list":["post-24171","post","type-post","status-publish","format-standard","has-post-thumbnail","hentry","category-noticias","tag-carlos-farias","tag-carlos-farias-e-coral-das-lavadeiras-lancam-o-album-devocao-com-shows-em-bh-e-regiao","tag-cd-devocao-do-coral-das-lavadeiras","tag-coral-das-lavadeiras","tag-coral-das-lavadeiras-lanca-o-album-devocao-com-shows-em-bh-e-regiao","tag-destaque"],"_links":{"self":[{"href":"https:\/\/aconteceunovale.com.br\/portal\/index.php?rest_route=\/wp\/v2\/posts\/24171","targetHints":{"allow":["GET"]}}],"collection":[{"href":"https:\/\/aconteceunovale.com.br\/portal\/index.php?rest_route=\/wp\/v2\/posts"}],"about":[{"href":"https:\/\/aconteceunovale.com.br\/portal\/index.php?rest_route=\/wp\/v2\/types\/post"}],"author":[{"embeddable":true,"href":"https:\/\/aconteceunovale.com.br\/portal\/index.php?rest_route=\/wp\/v2\/users\/1"}],"replies":[{"embeddable":true,"href":"https:\/\/aconteceunovale.com.br\/portal\/index.php?rest_route=%2Fwp%2Fv2%2Fcomments&post=24171"}],"version-history":[{"count":0,"href":"https:\/\/aconteceunovale.com.br\/portal\/index.php?rest_route=\/wp\/v2\/posts\/24171\/revisions"}],"wp:featuredmedia":[{"embeddable":true,"href":"https:\/\/aconteceunovale.com.br\/portal\/index.php?rest_route=\/wp\/v2\/media\/24172"}],"wp:attachment":[{"href":"https:\/\/aconteceunovale.com.br\/portal\/index.php?rest_route=%2Fwp%2Fv2%2Fmedia&parent=24171"}],"wp:term":[{"taxonomy":"category","embeddable":true,"href":"https:\/\/aconteceunovale.com.br\/portal\/index.php?rest_route=%2Fwp%2Fv2%2Fcategories&post=24171"},{"taxonomy":"post_tag","embeddable":true,"href":"https:\/\/aconteceunovale.com.br\/portal\/index.php?rest_route=%2Fwp%2Fv2%2Ftags&post=24171"}],"curies":[{"name":"wp","href":"https:\/\/api.w.org\/{rel}","templated":true}]}}