{"id":24168,"date":"2014-03-20T23:22:36","date_gmt":"2014-03-21T02:22:36","guid":{"rendered":"http:\/\/aconteceunovale.com.br\/portal\/?p=24168"},"modified":"2014-03-20T23:41:36","modified_gmt":"2014-03-21T02:41:36","slug":"metade-das-idosas-do-vale-do-jequitinhonha-e-mucuri-nunca-fizeram-exame-de-mamografia","status":"publish","type":"post","link":"https:\/\/aconteceunovale.com.br\/portal\/?p=24168","title":{"rendered":"Metade das idosas do Vale do Jequitinhonha e Mucuri nunca fizeram exame de mamografia"},"content":{"rendered":"<p>Mais da metade da popula\u00e7\u00e3o idosa do Jequitinhonha e Mucuri, em Minas Gerais, nunca fez o exame de mamografia, a principal forma de diagn\u00f3stico precoce do c\u00e2ncer de mama. A doen\u00e7a, segundo o Instituto Nacional do C\u00e2ncer (INCA), \u00e9 o tipo de c\u00e2ncer mais comum entre mulheres e, no Brasil, o c\u00e2ncer de mama j\u00e1 matou 13.225 mulheres e a estimativa \u00e9 que este ano surjam 57.120 novos casos da doen\u00e7a. De acordo com a pesquisa sobre a popula\u00e7\u00e3o idosa do Estado apresentada pela Funda\u00e7\u00e3o Jo\u00e3o Pinheiro na manh\u00e3 desta quinta-feira (20), 50,5% dos moradores idosos do Jequitinhonha e Mucuri nunca fizeram o exame preventivo.<\/p>\n<p>Al\u00e9m disso, na mesma regi\u00e3o, foi constatado que 36,5% das idosas nunca realizaram o exame de papanicolau, o principal exame ginecol\u00f3gico para a preven\u00e7\u00e3o da sa\u00fade da mulher e o procedimento b\u00e1sico nas consultas ao ginecologista.<\/p>\n<p>J\u00e1 em todo o Estado, 76,7% das mulheres com 60 anos ou mais declararam j\u00e1 terem realizado o papanicolau, e 67,4% delas afirmaram j\u00e1 terem feito a mamografia.<\/p>\n<p>A pesquisa tamb\u00e9m deu conta que a principal doen\u00e7a que acomete os idosos mineiros \u00e9 a hipertens\u00e3o arterial, j\u00e1 que 58,3% deles tem a doen\u00e7a. Em seguida, vem os problemas nas colunas, causa do mal de 30% dos idosos mineiros e tamb\u00e9m as doen\u00e7as card\u00edacas, que acometem 20% deles.<\/p>\n<p>Apesar disso, quase metade da popula\u00e7\u00e3o idosa do Estado est\u00e1 satisfeita com a pr\u00f3pria sa\u00fade. Foram 49,6% os idosos que responderam que a sa\u00fade est\u00e1 entre boa e muito boa, e 40,8% a avaliaram como regular.  No entanto, apenas 13,4% da popula\u00e7\u00e3o com 60 anos ou mais em Minas pratica atividades f\u00edsicas regularmente.<\/p>\n<p>A an\u00e1lise da pesquisa foi feita com base nos dados de 2011, quando foram estudados 18 mil domic\u00edlios e 428 munic\u00edpios das 12 mesorregi\u00f5es mineiras.<\/p>\n<p><strong>Dados gerais<\/strong><\/p>\n<p>Ainda de acordo com a pesquisa, em 2011, 11,8% dos mineiros eram idosos com 60 anos ou mais, totalizando 2,3 milh\u00f5es de pessoas. O n\u00famero aumentou em rela\u00e7\u00e3o ao censo do IBGE de 2000, quando 7,6% da popula\u00e7\u00e3o era idosa, ou seja, 1.188.992 pessoas. Proporcionalmente, n\u00e3o se pode dizer que a popula\u00e7\u00e3o idosa quase dobrou, porque, em 2000, Minas contava com 15.743.152 habitantes. J\u00e1 a popula\u00e7\u00e3o estimada em 2013 foi de 20.593.356.<\/p>\n<p>As regi\u00f5es mineiras que apresentaram as estruturas et\u00e1rias mais velhas foram a Zona da Mata, com 13,3% da popula\u00e7\u00e3o de idosos, e Jequitinhonha e Mucuri, com 13,2% de idosos. A regi\u00e3o metropolitana de Belo Horizonte tem 11% da popula\u00e7\u00e3o idosa. Em todo o Estado, para cada cem jovens entre 0 e 14 anos, h\u00e1 52,4 idosos.<\/p>\n<p><strong>As mulheres vivem mais<\/strong><\/p>\n<p>As mulheres continuam figurando como maioria entre a popula\u00e7\u00e3o idosa, j\u00e1 que, para cada cem mulheres entre 60 e 79 anos, s\u00e3o 81,8 homens na mesma faixa et\u00e1ria. J\u00e1 na popula\u00e7\u00e3o com mais de 80 anos, essa diferen\u00e7a \u00e9 ainda maior. S\u00e3o 71,1 homens para cada cem mulheres. (O Tempo)<\/p>\n","protected":false},"excerpt":{"rendered":"<p>Mais da metade da popula\u00e7\u00e3o idosa do Jequitinhonha e Mucuri, em Minas Gerais, nunca fez o exame de mamografia, a principal forma de diagn\u00f3stico precoce do c\u00e2ncer de mama. A doen\u00e7a, segundo o Instituto Nacional do C\u00e2ncer (INCA), \u00e9 o tipo de c\u00e2ncer mais comum entre mulheres e, no Brasil, o c\u00e2ncer de mama j\u00e1 [&hellip;]<\/p>\n","protected":false},"author":1,"featured_media":24169,"comment_status":"open","ping_status":"closed","sticky":false,"template":"","format":"standard","meta":{"amp_status":"","footnotes":""},"categories":[120],"tags":[1018,5737,5736,5738],"class_list":["post-24168","post","type-post","status-publish","format-standard","has-post-thumbnail","hentry","category-jequi","tag-destaque","tag-metade-das-idosas-do-vale-do-jequitinhonha-e-mucuri-nunca-fizeram-exame-de-mamografia","tag-pesquisa-revela-que-metade-das-idosas-do-vale-do-jequitinhonha-e-mucuri-nunca-fizeram-exame-de-mamografia","tag-pesquisa-sobre-exame-de-mamografia"],"_links":{"self":[{"href":"https:\/\/aconteceunovale.com.br\/portal\/index.php?rest_route=\/wp\/v2\/posts\/24168","targetHints":{"allow":["GET"]}}],"collection":[{"href":"https:\/\/aconteceunovale.com.br\/portal\/index.php?rest_route=\/wp\/v2\/posts"}],"about":[{"href":"https:\/\/aconteceunovale.com.br\/portal\/index.php?rest_route=\/wp\/v2\/types\/post"}],"author":[{"embeddable":true,"href":"https:\/\/aconteceunovale.com.br\/portal\/index.php?rest_route=\/wp\/v2\/users\/1"}],"replies":[{"embeddable":true,"href":"https:\/\/aconteceunovale.com.br\/portal\/index.php?rest_route=%2Fwp%2Fv2%2Fcomments&post=24168"}],"version-history":[{"count":0,"href":"https:\/\/aconteceunovale.com.br\/portal\/index.php?rest_route=\/wp\/v2\/posts\/24168\/revisions"}],"wp:featuredmedia":[{"embeddable":true,"href":"https:\/\/aconteceunovale.com.br\/portal\/index.php?rest_route=\/wp\/v2\/media\/24169"}],"wp:attachment":[{"href":"https:\/\/aconteceunovale.com.br\/portal\/index.php?rest_route=%2Fwp%2Fv2%2Fmedia&parent=24168"}],"wp:term":[{"taxonomy":"category","embeddable":true,"href":"https:\/\/aconteceunovale.com.br\/portal\/index.php?rest_route=%2Fwp%2Fv2%2Fcategories&post=24168"},{"taxonomy":"post_tag","embeddable":true,"href":"https:\/\/aconteceunovale.com.br\/portal\/index.php?rest_route=%2Fwp%2Fv2%2Ftags&post=24168"}],"curies":[{"name":"wp","href":"https:\/\/api.w.org\/{rel}","templated":true}]}}