{"id":24164,"date":"2014-03-20T23:10:52","date_gmt":"2014-03-21T02:10:52","guid":{"rendered":"http:\/\/aconteceunovale.com.br\/portal\/?p=24164"},"modified":"2014-03-21T18:21:28","modified_gmt":"2014-03-21T21:21:28","slug":"acidente-entre-caminhao-e-carreta-deixa-um-homem-ferido-na-br-251","status":"publish","type":"post","link":"https:\/\/aconteceunovale.com.br\/portal\/?p=24164","title":{"rendered":"Acidente entre caminh\u00e3o e carreta deixa homem ferido na BR-251"},"content":{"rendered":"<p>Um grave acidente envolvendo um caminh\u00e3o e uma carreta deixou um motorista gravemente ferido na BR-251, no fim da noite de quinta-feira (20), em Montes Claros, no Norte do Estado.<\/p>\n<p>A informa\u00e7\u00e3o do Corpo de Bombeiros \u00e9 de que o caminh\u00e3o tenha invadido a contram\u00e3o, na altura do KM 518, e atingido uma carreta que seguia no sentido contr\u00e1rio. O motorista do caminh\u00e3o, Carlos Roberto de Ara\u00fajo Xavier, chegou a ficar preso as ferragens. J\u00e1 o condutor da carreta n\u00e3o ficou ferido.<\/p>\n<p>Uma equipe dos bombeiros realizou o resgate da v\u00edtima que foi encaminhada para o Hospital Universit\u00e1rio em Montes Claros.<\/p>\n<p>A Pol\u00edcia Rodovi\u00e1ria Federal n\u00e3o encontrou irregularidades com a documenta\u00e7\u00e3o dos ve\u00edculos.<\/p>\n<p><img decoding=\"async\" src=\"http:\/\/aconteceunovale.com.br\/portal\/wp-content\/uploads\/2014\/03\/acidente_caminhao_carreta_moc_21.jpg\" alt=\"\" \/><\/p>\n","protected":false},"excerpt":{"rendered":"<p>Um grave acidente envolvendo um caminh\u00e3o e uma carreta deixou um motorista gravemente ferido na BR-251, no fim da noite de quinta-feira (20), em Montes Claros, no Norte do Estado. A informa\u00e7\u00e3o do Corpo de Bombeiros \u00e9 de que o caminh\u00e3o tenha invadido a contram\u00e3o, na altura do KM 518, e atingido uma carreta que [&hellip;]<\/p>\n","protected":false},"author":1,"featured_media":24238,"comment_status":"open","ping_status":"closed","sticky":false,"template":"","format":"standard","meta":{"amp_status":"","footnotes":""},"categories":[1236],"tags":[5735,1018,210],"class_list":["post-24164","post","type-post","status-publish","format-standard","has-post-thumbnail","hentry","category-norte_de_minas","tag-acidente-entre-caminhao-e-carreta-deixa-um-homem-ferido-na-br-251","tag-destaque","tag-montes-claros"],"_links":{"self":[{"href":"https:\/\/aconteceunovale.com.br\/portal\/index.php?rest_route=\/wp\/v2\/posts\/24164","targetHints":{"allow":["GET"]}}],"collection":[{"href":"https:\/\/aconteceunovale.com.br\/portal\/index.php?rest_route=\/wp\/v2\/posts"}],"about":[{"href":"https:\/\/aconteceunovale.com.br\/portal\/index.php?rest_route=\/wp\/v2\/types\/post"}],"author":[{"embeddable":true,"href":"https:\/\/aconteceunovale.com.br\/portal\/index.php?rest_route=\/wp\/v2\/users\/1"}],"replies":[{"embeddable":true,"href":"https:\/\/aconteceunovale.com.br\/portal\/index.php?rest_route=%2Fwp%2Fv2%2Fcomments&post=24164"}],"version-history":[{"count":0,"href":"https:\/\/aconteceunovale.com.br\/portal\/index.php?rest_route=\/wp\/v2\/posts\/24164\/revisions"}],"wp:featuredmedia":[{"embeddable":true,"href":"https:\/\/aconteceunovale.com.br\/portal\/index.php?rest_route=\/wp\/v2\/media\/24238"}],"wp:attachment":[{"href":"https:\/\/aconteceunovale.com.br\/portal\/index.php?rest_route=%2Fwp%2Fv2%2Fmedia&parent=24164"}],"wp:term":[{"taxonomy":"category","embeddable":true,"href":"https:\/\/aconteceunovale.com.br\/portal\/index.php?rest_route=%2Fwp%2Fv2%2Fcategories&post=24164"},{"taxonomy":"post_tag","embeddable":true,"href":"https:\/\/aconteceunovale.com.br\/portal\/index.php?rest_route=%2Fwp%2Fv2%2Ftags&post=24164"}],"curies":[{"name":"wp","href":"https:\/\/api.w.org\/{rel}","templated":true}]}}