{"id":24150,"date":"2014-03-20T18:17:54","date_gmt":"2014-03-20T21:17:54","guid":{"rendered":"http:\/\/aconteceunovale.com.br\/portal\/?p=24150"},"modified":"2014-03-20T18:17:54","modified_gmt":"2014-03-20T21:17:54","slug":"pai-e-filho-sao-baleados-na-regiao-central-de-valadares","status":"publish","type":"post","link":"https:\/\/aconteceunovale.com.br\/portal\/?p=24150","title":{"rendered":"Pai e filho s\u00e3o baleados na regi\u00e3o Central de Valadares"},"content":{"rendered":"<p>Duas pessoas ficaram feridas ap\u00f3s serem baleadas na Regi\u00e3o Central de Governador Valadares, no Leste de Minas Gerais, na manh\u00e3 desta quinta-feira (20). De acordo com a Pol\u00edcia Militar (PM), o crime ocorreu perto do pr\u00e9dio da prefeitura, no cruzamento das Ruas Belo Horizonte e Marechal Floriano.<\/p>\n<p>As v\u00edtimas s\u00e3o pai e filho, de 39 e 19 anos repectivamente. A suspeita da pol\u00edcia \u00e9 que as v\u00edtimas estivessem envolvidas em uma briga na tarde dessa quarta-feira (19) e esta seria a motiva\u00e7\u00e3o do crime.<\/p>\n<p>Pai e filho foram socorridos e levados para o Hospital Municipal. No in\u00edcio da tarde, a assessoria de comunica\u00e7\u00e3o do hospital informou que os dois passam por cirurgia, mas n\u00e3o deu detalhes do estado de sa\u00fade das v\u00edtimas.<\/p>\n<p>A Pol\u00edcia Militar informou que j\u00e1 identificou o suspeito de efetuar os disparos, mas at\u00e9 o momento ele continua foragido. (G1)<\/p>\n","protected":false},"excerpt":{"rendered":"<p>Duas pessoas ficaram feridas ap\u00f3s serem baleadas na Regi\u00e3o Central de Governador Valadares, no Leste de Minas Gerais, na manh\u00e3 desta quinta-feira (20). De acordo com a Pol\u00edcia Militar (PM), o crime ocorreu perto do pr\u00e9dio da prefeitura, no cruzamento das Ruas Belo Horizonte e Marechal Floriano. As v\u00edtimas s\u00e3o pai e filho, de 39 [&hellip;]<\/p>\n","protected":false},"author":1,"featured_media":23328,"comment_status":"open","ping_status":"closed","sticky":false,"template":"","format":"standard","meta":{"amp_status":"","footnotes":""},"categories":[121],"tags":[247,5727],"class_list":["post-24150","post","type-post","status-publish","format-standard","has-post-thumbnail","hentry","category-leste","tag-governador-valadares","tag-pai-e-filho-sao-baleados-na-regiao-central-de-valadares"],"_links":{"self":[{"href":"https:\/\/aconteceunovale.com.br\/portal\/index.php?rest_route=\/wp\/v2\/posts\/24150","targetHints":{"allow":["GET"]}}],"collection":[{"href":"https:\/\/aconteceunovale.com.br\/portal\/index.php?rest_route=\/wp\/v2\/posts"}],"about":[{"href":"https:\/\/aconteceunovale.com.br\/portal\/index.php?rest_route=\/wp\/v2\/types\/post"}],"author":[{"embeddable":true,"href":"https:\/\/aconteceunovale.com.br\/portal\/index.php?rest_route=\/wp\/v2\/users\/1"}],"replies":[{"embeddable":true,"href":"https:\/\/aconteceunovale.com.br\/portal\/index.php?rest_route=%2Fwp%2Fv2%2Fcomments&post=24150"}],"version-history":[{"count":0,"href":"https:\/\/aconteceunovale.com.br\/portal\/index.php?rest_route=\/wp\/v2\/posts\/24150\/revisions"}],"wp:featuredmedia":[{"embeddable":true,"href":"https:\/\/aconteceunovale.com.br\/portal\/index.php?rest_route=\/wp\/v2\/media\/23328"}],"wp:attachment":[{"href":"https:\/\/aconteceunovale.com.br\/portal\/index.php?rest_route=%2Fwp%2Fv2%2Fmedia&parent=24150"}],"wp:term":[{"taxonomy":"category","embeddable":true,"href":"https:\/\/aconteceunovale.com.br\/portal\/index.php?rest_route=%2Fwp%2Fv2%2Fcategories&post=24150"},{"taxonomy":"post_tag","embeddable":true,"href":"https:\/\/aconteceunovale.com.br\/portal\/index.php?rest_route=%2Fwp%2Fv2%2Ftags&post=24150"}],"curies":[{"name":"wp","href":"https:\/\/api.w.org\/{rel}","templated":true}]}}