{"id":24145,"date":"2014-03-20T15:57:08","date_gmt":"2014-03-20T18:57:08","guid":{"rendered":"http:\/\/aconteceunovale.com.br\/portal\/?p=24145"},"modified":"2014-03-20T15:57:08","modified_gmt":"2014-03-20T18:57:08","slug":"asfalto-entre-pedra-azul-e-almenara-nao-deve-sair-em-2014","status":"publish","type":"post","link":"https:\/\/aconteceunovale.com.br\/portal\/?p=24145","title":{"rendered":"Asfalto entre Pedra Azul e Almenara n\u00e3o deve sair em 2014"},"content":{"rendered":"<p>Ap\u00f3s a divulga\u00e7\u00e3o de cartas convite aos deputados a autoriza\u00e7\u00e3o de obras de asfaltamento para trechos do Programa Caminhos de Minas da base eleitoral desses parlamentares, a equipe do site entrou em contato com o DER\/MG para saber qual seria a situa\u00e7\u00e3o do trecho Pedra Azul \u00e0 Almenara.<\/p>\n<p>Segundo a assessoria de comunica\u00e7\u00e3o do \u00f3rg\u00e3o, o projeto de engenharia cuja contrata\u00e7\u00e3o foi publicada em 16\/03\/2013, deve ser terminado at\u00e9 o final de 2014. Ap\u00f3s essa fase, o trecho entra na fase de or\u00e7amento de custo e aguarda ordem do governador para que ocorra a licita\u00e7\u00e3o da obra.<\/p>\n<p>Como a mensagem enviada pelo \u00f3rg\u00e3o deixa entender e tamb\u00e9m pelo fato do governo j\u00e1 ter comunicado quais cidades tiveram a licita\u00e7\u00e3o de suas obras autorizadas, fica subentendido que a autoriza\u00e7\u00e3o para licita\u00e7\u00e3o do trecho at\u00e9 Almenara ocorra de 2015 em diante.<\/p>\n<p>Isso causa imenso desconforto a popula\u00e7\u00e3o que se encontrava ansiosa pelo asfalto, em n\u00e3o enfrentar mais os problemas de lama e poeira e pela perspectiva do aumento do movimento de turistas pela regi\u00e3o sentido Porto Seguro\/BA. Ter o projeto de engenharia e n\u00e3o ter asfalto \u00e9 o mesmo que ter um celular e estar em um local que n\u00e3o possua cobertura. A popula\u00e7\u00e3o continuar\u00e1 a enfrentar 92 km de poeira no calor e lama na chuva, al\u00e9m dos respectivos problemas mec\u00e2nicos.<\/p>\n<p><strong>Confira a mensagem enviada pelo DER<\/strong><\/p>\n<p><em>&#8220;O Departamento de Estradas de Rodagem de Minas Gerais informa que para facilitar a\u00e7\u00f5es devido a grande extens\u00e3o do trecho Almenara \/ Pedra Azul, ele foi dividido em dois subtrechos. No primeiro subtrecho, Almera \/ Pedra Grande, com 35 quil\u00f4metros da MG-406 e no seguinte Pedra Grande \/ Pedra Azul, com 58 quil\u00f4metros da MGC-251, os projetos para realiza\u00e7\u00e3o das obras est\u00e3o em andamento e devem ser conclu\u00eddos at\u00e9 o final de 2014. Assim que os projetos dos subtrechos estiverem conclu\u00eddos, eles passam para a fase de or\u00e7amento de custo para realiza\u00e7\u00e3o da obra e, ao recebermos ordem do Governo, realizamos as licita\u00e7\u00f5es para a implanta\u00e7\u00e3o e pavimenta\u00e7\u00e3o. Com a pavimenta\u00e7\u00e3o do trecho Pedra Azul \/ Almenara o Governo de Mineiro vai beneficiar de forma direta cerca de 62 mil cidad\u00e3os do Vale do Jequitinhonha.&#8221;<\/em><\/p>\n<p>(Blog Pedra Azul)<\/p>\n","protected":false},"excerpt":{"rendered":"<p>Ap\u00f3s a divulga\u00e7\u00e3o de cartas convite aos deputados a autoriza\u00e7\u00e3o de obras de asfaltamento para trechos do Programa Caminhos de Minas da base eleitoral desses parlamentares, a equipe do site entrou em contato com o DER\/MG para saber qual seria a situa\u00e7\u00e3o do trecho Pedra Azul \u00e0 Almenara. Segundo a assessoria de comunica\u00e7\u00e3o do \u00f3rg\u00e3o, [&hellip;]<\/p>\n","protected":false},"author":1,"featured_media":24146,"comment_status":"open","ping_status":"closed","sticky":false,"template":"","format":"standard","meta":{"amp_status":"","footnotes":""},"categories":[120],"tags":[142,5724,5723,455],"class_list":["post-24145","post","type-post","status-publish","format-standard","has-post-thumbnail","hentry","category-jequi","tag-almenara","tag-asfalto-entre-pedra-azul-e-almenara","tag-asfalto-entre-pedra-azul-e-almenara-nao-deve-sair-em-2014","tag-pedra-azul"],"_links":{"self":[{"href":"https:\/\/aconteceunovale.com.br\/portal\/index.php?rest_route=\/wp\/v2\/posts\/24145","targetHints":{"allow":["GET"]}}],"collection":[{"href":"https:\/\/aconteceunovale.com.br\/portal\/index.php?rest_route=\/wp\/v2\/posts"}],"about":[{"href":"https:\/\/aconteceunovale.com.br\/portal\/index.php?rest_route=\/wp\/v2\/types\/post"}],"author":[{"embeddable":true,"href":"https:\/\/aconteceunovale.com.br\/portal\/index.php?rest_route=\/wp\/v2\/users\/1"}],"replies":[{"embeddable":true,"href":"https:\/\/aconteceunovale.com.br\/portal\/index.php?rest_route=%2Fwp%2Fv2%2Fcomments&post=24145"}],"version-history":[{"count":0,"href":"https:\/\/aconteceunovale.com.br\/portal\/index.php?rest_route=\/wp\/v2\/posts\/24145\/revisions"}],"wp:featuredmedia":[{"embeddable":true,"href":"https:\/\/aconteceunovale.com.br\/portal\/index.php?rest_route=\/wp\/v2\/media\/24146"}],"wp:attachment":[{"href":"https:\/\/aconteceunovale.com.br\/portal\/index.php?rest_route=%2Fwp%2Fv2%2Fmedia&parent=24145"}],"wp:term":[{"taxonomy":"category","embeddable":true,"href":"https:\/\/aconteceunovale.com.br\/portal\/index.php?rest_route=%2Fwp%2Fv2%2Fcategories&post=24145"},{"taxonomy":"post_tag","embeddable":true,"href":"https:\/\/aconteceunovale.com.br\/portal\/index.php?rest_route=%2Fwp%2Fv2%2Ftags&post=24145"}],"curies":[{"name":"wp","href":"https:\/\/api.w.org\/{rel}","templated":true}]}}