{"id":24136,"date":"2014-03-20T15:31:52","date_gmt":"2014-03-20T18:31:52","guid":{"rendered":"http:\/\/aconteceunovale.com.br\/portal\/?p=24136"},"modified":"2014-03-20T15:31:52","modified_gmt":"2014-03-20T18:31:52","slug":"motociclista-morre-em-acidente-com-caminhao-em-montes-claros","status":"publish","type":"post","link":"https:\/\/aconteceunovale.com.br\/portal\/?p=24136","title":{"rendered":"Motociclista morre em acidente com caminh\u00e3o em Montes Claros"},"content":{"rendered":"<p>Um motociclista morreu em um acidente com caminh\u00e3o na manh\u00e3 desta quinta-feira em Montes Claros, na Regi\u00e3o Norte de Minas Gerais. Os ve\u00edculos bateram no cruzamento entre a Avenida Mestra Fininha Silveira com a Rua Laura Prates Gomes, no Bairro Morada do Sol. Com o impacto, a v\u00edtima ficou com o bra\u00e7o e a cabe\u00e7a presa no eixo do ve\u00edculo de carga, que transportava terra.<\/p>\n<p><img decoding=\"async\" src=\"http:\/\/aconteceunovale.com.br\/portal\/wp-content\/uploads\/2014\/03\/acidente_caminhao_moc_20_1.jpg\" alt=\"\" \/><br \/>\n<em>(Foto: Divulga\u00e7\u00e3o\/Corpo de Bombeiros)<\/em><\/p>\n<p>De acordo com o Corpo de Bombeiros, o caminh\u00e3o, conduzido por Romerson Hermanny de Castro Ribeiro, de 51 anos, seguia pela avenida quando foi surpreendido por uma moto CG-Fan 150. A motocicleta bateu na lateral do ve\u00edculo de carga e o motociclista acabou arremessado para debaixo dele. <\/p>\n<p>Anderson Santos Ramos, de 26, ficou com o bra\u00e7o e o capacete presos. Uma equipe do Servi\u00e7o de Atendimento M\u00f3vel de Urg\u00eancia (Samu) foi ao local e constatou o \u00f3bito. A v\u00edtima foi desencarcerada e o corpo encaminhado para uma funer\u00e1ria da cidade. O motorista do caminh\u00e3o ficou ferido e foi levado para um hospital. <\/p>\n<p><img decoding=\"async\" src=\"http:\/\/aconteceunovale.com.br\/portal\/wp-content\/uploads\/2014\/03\/acidente_caminhao_moc_20_2.jpg\" alt=\"\" \/><br \/>\n<em>(Foto: Divulga\u00e7\u00e3o\/Corpo de Bombeiros)<\/em><\/p>\n","protected":false},"excerpt":{"rendered":"<p>Um motociclista morreu em um acidente com caminh\u00e3o na manh\u00e3 desta quinta-feira em Montes Claros, na Regi\u00e3o Norte de Minas Gerais. Os ve\u00edculos bateram no cruzamento entre a Avenida Mestra Fininha Silveira com a Rua Laura Prates Gomes, no Bairro Morada do Sol. Com o impacto, a v\u00edtima ficou com o bra\u00e7o e a cabe\u00e7a [&hellip;]<\/p>\n","protected":false},"author":1,"featured_media":24138,"comment_status":"open","ping_status":"closed","sticky":false,"template":"","format":"standard","meta":{"amp_status":"","footnotes":""},"categories":[1236],"tags":[5718,1018,210,5719],"class_list":["post-24136","post","type-post","status-publish","format-standard","has-post-thumbnail","hentry","category-norte_de_minas","tag-anderson-santos-ramos","tag-destaque","tag-montes-claros","tag-motociclista-morre-em-acidente-com-caminhao-em-montes-claros"],"_links":{"self":[{"href":"https:\/\/aconteceunovale.com.br\/portal\/index.php?rest_route=\/wp\/v2\/posts\/24136","targetHints":{"allow":["GET"]}}],"collection":[{"href":"https:\/\/aconteceunovale.com.br\/portal\/index.php?rest_route=\/wp\/v2\/posts"}],"about":[{"href":"https:\/\/aconteceunovale.com.br\/portal\/index.php?rest_route=\/wp\/v2\/types\/post"}],"author":[{"embeddable":true,"href":"https:\/\/aconteceunovale.com.br\/portal\/index.php?rest_route=\/wp\/v2\/users\/1"}],"replies":[{"embeddable":true,"href":"https:\/\/aconteceunovale.com.br\/portal\/index.php?rest_route=%2Fwp%2Fv2%2Fcomments&post=24136"}],"version-history":[{"count":0,"href":"https:\/\/aconteceunovale.com.br\/portal\/index.php?rest_route=\/wp\/v2\/posts\/24136\/revisions"}],"wp:featuredmedia":[{"embeddable":true,"href":"https:\/\/aconteceunovale.com.br\/portal\/index.php?rest_route=\/wp\/v2\/media\/24138"}],"wp:attachment":[{"href":"https:\/\/aconteceunovale.com.br\/portal\/index.php?rest_route=%2Fwp%2Fv2%2Fmedia&parent=24136"}],"wp:term":[{"taxonomy":"category","embeddable":true,"href":"https:\/\/aconteceunovale.com.br\/portal\/index.php?rest_route=%2Fwp%2Fv2%2Fcategories&post=24136"},{"taxonomy":"post_tag","embeddable":true,"href":"https:\/\/aconteceunovale.com.br\/portal\/index.php?rest_route=%2Fwp%2Fv2%2Ftags&post=24136"}],"curies":[{"name":"wp","href":"https:\/\/api.w.org\/{rel}","templated":true}]}}