{"id":24122,"date":"2014-03-20T14:53:47","date_gmt":"2014-03-20T17:53:47","guid":{"rendered":"http:\/\/aconteceunovale.com.br\/portal\/?p=24122"},"modified":"2014-03-20T14:54:23","modified_gmt":"2014-03-20T17:54:23","slug":"mais-de-2-mil-pessoas-prestigiam-espetaculo-os-gigantes-da-montanha-em-aracuai","status":"publish","type":"post","link":"https:\/\/aconteceunovale.com.br\/portal\/?p=24122","title":{"rendered":"Mais de 2 mil pessoas prestigiam espet\u00e1culo \u201cOs Gigantes da Montanha\u201d em Ara\u00e7ua\u00ed"},"content":{"rendered":"<p>Sob as b\u00ean\u00e7\u00e3os de uma lua cheia, mais de 2 mil pessoas assistiram na noite de quarta-feira (19), no largo do Mercado em Ara\u00e7ua\u00ed, no Vale do Jequitinhonha, o espet\u00e1culo \u201cGigantes da Montanha\u201d, pe\u00e7a inacabada do dramaturgo, romancista  e poeta italiano Luigi Pirandello, morto em 1936.<\/p>\n<p>Foi mais um desafio para o  Galp\u00e3o,  uma das mais conceituadas companhias de teatro do pa\u00eds, levar para o p\u00fablico, &#8220;Os Gigantes da Montanha\u201d, uma f\u00e1bula que  narra a chegada de uma companhia teatral decadente a uma vila m\u00e1gica, povoada por fantasmas e governada pelo Mago Cotrone.<\/p>\n<p><img decoding=\"async\" src=\"http:\/\/aconteceunovale.com.br\/portal\/wp-content\/uploads\/2014\/03\/os_gigantes_da_montanha_aracuai_20.jpg\" alt=\"\" \/><br \/>\n<em>(Foto: Gazeta de Ara\u00e7ua\u00ed)<\/em><\/p>\n<p>A pe\u00e7a \u00e9 uma alegoria sobre o valor do teatro (e, por extens\u00e3o, da poesia e da arte) e sua capacidade de comunica\u00e7\u00e3o com o mundo moderno, cada vez mais pragm\u00e1tico e empenhado nos afazeres materiais.<\/p>\n<p>&#8220;Os Gigantes da Montanha\u201d celebra o retorno da parceria com Gabriel Villela, que assina tamb\u00e9m a dire\u00e7\u00e3o de espet\u00e1culos marcantes do grupo, como \u201cRomeu e Julieta\u201d (1992) e \u201cA Rua da Amargura\u201d (1994).<\/p>\n<p>Villela e o Galp\u00e3o experimentam nesta pe\u00e7a, a m\u00fasica  ao vivo, tocada e cantada pelos atores, como um elemento fundamental na tradu\u00e7\u00e3o do universo da f\u00e1bula para o teatro popular de rua.<\/p>\n<p>Para compor o repert\u00f3rio da pe\u00e7a foram selecionadas algumas \u00e1rias e can\u00e7\u00f5es italianas, popular e moderna.<\/p>\n<p>\u201cCiao amore\u201d, \u201cBella ciao\u201d  \u201cLa Golondrina&#8221; e outras m\u00fasicas,  ganham novos arranjos  para ambientar a atmosfera  do espet\u00e1culo.<\/p>\n<p>\u201cS\u00e3o m\u00fasicas que a gente ouvia quando era adolescente\u201d, lembrou uma professora de 43 anos  que levou o filho de 8 anos para assistir o espet\u00e1culo em Ara\u00e7ua\u00ed.<\/p>\n<p>A turn\u00ea pelo Vale do Jequitinhonha, come\u00e7ou em Diamantina e passou por Bocai\u00fava, Salinas, Virgem da Lapa, Ara\u00e7ua\u00ed, Jequitinhonha e encerramento em Itaobim no dia 22.<\/p>\n<p>Em Ara\u00e7ua\u00ed, a companhia encontrou um cen\u00e1rio perfeito para encenar sua releitura do cl\u00e1ssico de Pirandello.<\/p>\n<p>Na primeira fila das 300 cadeiras dispon\u00edveis, estavam crian\u00e7as, jovens, adolescentes e adultos que aplaudiram de p\u00e9 a maestria e o talento dos atores.<\/p>\n<p>\u201cAra\u00e7ua\u00ed \u00e9 uma cidade cultural e correspondeu \u00e0s nossas expectativas\u201d, comemorou Jackson Martins, filho de Ara\u00e7ua\u00ed e  produtor regional do projeto que tem o apoio da Petrobr\u00e1s, atrav\u00e9s da lei de incentivo \u00e0 Cultura.<\/p>\n<p><em>(Gazeta de Ara\u00e7ua\u00ed)<\/em><\/p>\n","protected":false},"excerpt":{"rendered":"<p>Sob as b\u00ean\u00e7\u00e3os de uma lua cheia, mais de 2 mil pessoas assistiram na noite de quarta-feira (19), no largo do Mercado em Ara\u00e7ua\u00ed, no Vale do Jequitinhonha, o espet\u00e1culo \u201cGigantes da Montanha\u201d, pe\u00e7a inacabada do dramaturgo, romancista e poeta italiano Luigi Pirandello, morto em 1936. Foi mais um desafio para o Galp\u00e3o, uma das [&hellip;]<\/p>\n","protected":false},"author":1,"featured_media":24123,"comment_status":"open","ping_status":"closed","sticky":false,"template":"","format":"standard","meta":{"amp_status":"","footnotes":""},"categories":[120],"tags":[186,5712,5713,5714],"class_list":["post-24122","post","type-post","status-publish","format-standard","has-post-thumbnail","hentry","category-jequi","tag-aracuai","tag-gigantes-da-montanha","tag-gigantes-da-montanha-do-grupo-galpao","tag-mais-de-2-mil-pessoas-prestigiam-espetaculo-os-gigantes-da-montanha-em-aracuai"],"_links":{"self":[{"href":"https:\/\/aconteceunovale.com.br\/portal\/index.php?rest_route=\/wp\/v2\/posts\/24122","targetHints":{"allow":["GET"]}}],"collection":[{"href":"https:\/\/aconteceunovale.com.br\/portal\/index.php?rest_route=\/wp\/v2\/posts"}],"about":[{"href":"https:\/\/aconteceunovale.com.br\/portal\/index.php?rest_route=\/wp\/v2\/types\/post"}],"author":[{"embeddable":true,"href":"https:\/\/aconteceunovale.com.br\/portal\/index.php?rest_route=\/wp\/v2\/users\/1"}],"replies":[{"embeddable":true,"href":"https:\/\/aconteceunovale.com.br\/portal\/index.php?rest_route=%2Fwp%2Fv2%2Fcomments&post=24122"}],"version-history":[{"count":0,"href":"https:\/\/aconteceunovale.com.br\/portal\/index.php?rest_route=\/wp\/v2\/posts\/24122\/revisions"}],"wp:featuredmedia":[{"embeddable":true,"href":"https:\/\/aconteceunovale.com.br\/portal\/index.php?rest_route=\/wp\/v2\/media\/24123"}],"wp:attachment":[{"href":"https:\/\/aconteceunovale.com.br\/portal\/index.php?rest_route=%2Fwp%2Fv2%2Fmedia&parent=24122"}],"wp:term":[{"taxonomy":"category","embeddable":true,"href":"https:\/\/aconteceunovale.com.br\/portal\/index.php?rest_route=%2Fwp%2Fv2%2Fcategories&post=24122"},{"taxonomy":"post_tag","embeddable":true,"href":"https:\/\/aconteceunovale.com.br\/portal\/index.php?rest_route=%2Fwp%2Fv2%2Ftags&post=24122"}],"curies":[{"name":"wp","href":"https:\/\/api.w.org\/{rel}","templated":true}]}}