{"id":24119,"date":"2014-03-20T14:45:21","date_gmt":"2014-03-20T17:45:21","guid":{"rendered":"http:\/\/aconteceunovale.com.br\/portal\/?p=24119"},"modified":"2014-03-20T14:45:21","modified_gmt":"2014-03-20T17:45:21","slug":"tse-livra-prefeito-e-vice-de-francisco-badaro-de-cassacao","status":"publish","type":"post","link":"https:\/\/aconteceunovale.com.br\/portal\/?p=24119","title":{"rendered":"TSE livra prefeito e vice de Francisco Badar\u00f3 de cassa\u00e7\u00e3o"},"content":{"rendered":"<p>O TSE &#8211; Tribunal Superior Eleitoral deu parecer favor\u00e1vel a Ant\u00f4nio S\u00e9rgio Mendes (PV) e Ant\u00f4nio Reginaldo Martins Moreira(PT), prefeito e vice de Francisco Badar\u00f3, no Vale do Jequitinhonha, nordeste de Minas, em processo de cassa\u00e7\u00e3o movido pelo Minist\u00e9rio P\u00fablico Estadual. A decis\u00e3o foi divulgada no dia 13 de mar\u00e7o.<\/p>\n<p>No dia 13 de agosto do ano passado, a Corte do Tribunal Regional Eleitoral de Minas Gerais (TRE) reverteu a cassa\u00e7\u00e3o do mandato de S\u00e9rgio Mendes  e do seu vice, Ant\u00f4nio Reginaldo,   ap\u00f3s ambos terem sido cassados pela Justi\u00e7a Eleitoral de Minas Novas por capta\u00e7\u00e3o e gasto il\u00edcito de recursos financeiros na campanha eleitoral.<\/p>\n<p>O Minist\u00e9rio P\u00fablico Estadual  recorreu da decis\u00e3o e a defesa do prefeito impetrou recurso para anular a cassa\u00e7\u00e3o.<\/p>\n<p>Os documentos  foram remetidos ao TSE de Bras\u00edlia que teve como respons\u00e1vel o Ministro Jo\u00e3o Ot\u00e1vio de Noronha.<\/p>\n<p>O Ministro seguiu a opini\u00e3o da Procuradoria-Geral Eleitoral de Minas pelo n\u00e3o conhecimento do agravo interposto pelo Minist\u00e9rio P\u00fablico Estadual, e acatou a decis\u00e3o do TRE em favor do prefeito e vice.<\/p>\n<p><img decoding=\"async\" src=\"http:\/\/aconteceunovale.com.br\/portal\/wp-content\/uploads\/2014\/03\/prefeito_francisco_badaro_vice_20.jpg\" alt=\"\" \/><br \/>\n<em>O prefeito de Francisco Badar\u00f3, S\u00e9rgio Mendes, e o vice-prefeito Antonio Reginaldo (de camisa vermelha) &#8211; Foto: Divulga\u00e7\u00e3o<\/em><\/p>\n<h3><strong>Entenda o caso<\/strong><\/h3>\n<p>Ant\u00f4nio S\u00e9rgio Mendes teve seu mandato cassado no dia 9 de abril,  atrav\u00e9s de senten\u00e7a do juiz da Comarca de Minas Novas, Eduardo Rabelo Thebit Dolabela, que acatou den\u00fancia do Minist\u00e9rio Publico sob alega\u00e7\u00e3o de graves irregularidades na presta\u00e7\u00e3o de contas da campanha eleitoral da coliga\u00e7\u00e3o que elegeu Mendes. <\/p>\n<p>Na decis\u00e3o, o juiz determinou a realiza\u00e7\u00e3o de novas elei\u00e7\u00f5es. Mendes recorreu da decis\u00e3o e, atrav\u00e9s de liminar, permaneceu \u00e0 frente da prefeitura.<\/p>\n<p>O caso foi julgado no TRE no dia 8 de agosto por\u00e9m sem decis\u00e3o final, ap\u00f3s empate de 2 a 2 no plen\u00e1rio. Com o resultado, a Ju\u00edza Alice Birhal pediu vistas no processo para analisar melhor o caso.<\/p>\n<p>\u201cA ju\u00edza n\u00e3o formulou seu voto por escrito, decidindo apenas acompanhar o voto do relator Virg\u00edlio Almeida Barreto, contr\u00e1rio \u00e0 cassa\u00e7\u00e3o. A decis\u00e3o ainda cabe recurso junto ao TSE-Tribunal Superior Eleitoral. Cabe ao Minist\u00e9rio P\u00fablico, que fez a den\u00fancia, recorrer ou n\u00e3o\u201d, disse por telefone ao jornal Gazeta, o assessor de imprensa do TRE, Rog\u00e9rio Tavares.<\/p>\n<p>Na sess\u00e3o do dia 8, votaram a favor da cassa\u00e7\u00e3o do diploma do prefeito, os ju\u00edzes Carlos Alberto Tomaz e Maur\u00edcio Ferreira.<\/p>\n<p>No entanto,  os juizes  Virg\u00edlio Barreto e Aluisio Diniz votaram pela revers\u00e3o da cassa\u00e7\u00e3o, argumentando que as irregularidades apontadas nas contas de campanha de S\u00e9rgio Mendes, s\u00e3o irrelevantes e n\u00e3o comportavam a cassa\u00e7\u00e3o de mandato.<\/p>\n<p>Por tr\u00eas votos a dois, os ju\u00edzes do Tribunal entenderam que as irregularidades encontradas nas presta\u00e7\u00f5es de contas da campanha n\u00e3o tinham relev\u00e2ncia a ponto de levar a cassa\u00e7\u00e3o do mandato.<\/p>\n<p>O relator do caso foi o juiz Virg\u00edlio de Almeida Barreto.<\/p>\n<p>N\u00e3o satisfeito com a decis\u00e3o do TRE-MG, o  Minist\u00e9rio P\u00fablico Eleitoral recorreu ao TSE que manteve a decis\u00e3o da justi\u00e7a eleitoral mineira.<\/p>\n<p><em>(Via Gazeta de Ara\u00e7ua\u00ed)<\/em><\/p>\n","protected":false},"excerpt":{"rendered":"<p>O TSE &#8211; Tribunal Superior Eleitoral deu parecer favor\u00e1vel a Ant\u00f4nio S\u00e9rgio Mendes (PV) e Ant\u00f4nio Reginaldo Martins Moreira(PT), prefeito e vice de Francisco Badar\u00f3, no Vale do Jequitinhonha, nordeste de Minas, em processo de cassa\u00e7\u00e3o movido pelo Minist\u00e9rio P\u00fablico Estadual. A decis\u00e3o foi divulgada no dia 13 de mar\u00e7o. No dia 13 de agosto [&hellip;]<\/p>\n","protected":false},"author":1,"featured_media":24120,"comment_status":"open","ping_status":"closed","sticky":false,"template":"","format":"standard","meta":{"amp_status":"","footnotes":""},"categories":[120],"tags":[1018,187,5711],"class_list":["post-24119","post","type-post","status-publish","format-standard","has-post-thumbnail","hentry","category-jequi","tag-destaque","tag-francisco-badaro","tag-tse-livra-prefeito-e-vice-de-francisco-badaro-de-cassacao"],"_links":{"self":[{"href":"https:\/\/aconteceunovale.com.br\/portal\/index.php?rest_route=\/wp\/v2\/posts\/24119","targetHints":{"allow":["GET"]}}],"collection":[{"href":"https:\/\/aconteceunovale.com.br\/portal\/index.php?rest_route=\/wp\/v2\/posts"}],"about":[{"href":"https:\/\/aconteceunovale.com.br\/portal\/index.php?rest_route=\/wp\/v2\/types\/post"}],"author":[{"embeddable":true,"href":"https:\/\/aconteceunovale.com.br\/portal\/index.php?rest_route=\/wp\/v2\/users\/1"}],"replies":[{"embeddable":true,"href":"https:\/\/aconteceunovale.com.br\/portal\/index.php?rest_route=%2Fwp%2Fv2%2Fcomments&post=24119"}],"version-history":[{"count":0,"href":"https:\/\/aconteceunovale.com.br\/portal\/index.php?rest_route=\/wp\/v2\/posts\/24119\/revisions"}],"wp:featuredmedia":[{"embeddable":true,"href":"https:\/\/aconteceunovale.com.br\/portal\/index.php?rest_route=\/wp\/v2\/media\/24120"}],"wp:attachment":[{"href":"https:\/\/aconteceunovale.com.br\/portal\/index.php?rest_route=%2Fwp%2Fv2%2Fmedia&parent=24119"}],"wp:term":[{"taxonomy":"category","embeddable":true,"href":"https:\/\/aconteceunovale.com.br\/portal\/index.php?rest_route=%2Fwp%2Fv2%2Fcategories&post=24119"},{"taxonomy":"post_tag","embeddable":true,"href":"https:\/\/aconteceunovale.com.br\/portal\/index.php?rest_route=%2Fwp%2Fv2%2Ftags&post=24119"}],"curies":[{"name":"wp","href":"https:\/\/api.w.org\/{rel}","templated":true}]}}