{"id":24108,"date":"2014-03-20T14:12:46","date_gmt":"2014-03-20T17:12:46","guid":{"rendered":"http:\/\/aconteceunovale.com.br\/portal\/?p=24108"},"modified":"2014-03-20T14:13:59","modified_gmt":"2014-03-20T17:13:59","slug":"atingidos-pelas-chuvas-de-dezembro-em-valadares-podem-sacar-fgts","status":"publish","type":"post","link":"https:\/\/aconteceunovale.com.br\/portal\/?p=24108","title":{"rendered":"Atingidos pelas chuvas de dezembro em Valadares podem sacar FGTS"},"content":{"rendered":"<p>As pessoas atingidas pelas chuvas de dezembro de 2013 t\u00eam o direito de sacar o FGTS na Caixa Econ\u00f4mica Federal. Isso acontece porque a cidade de Governador Valadares enfrentou estado de calamidade p\u00fablica. Dessa forma, as v\u00edtimas das chuva, que est\u00e3o cadastradas pela Defesa Civil, podem sacar o benef\u00edcio do dia 18 de mar\u00e7o at\u00e9 o dia 2 de abril.<\/p>\n<p>O valor limite do saque \u00e9 de R$ 6.220 para cada trabalhador, sendo que mais de uma pessoa da mesma fam\u00edlia, que possuir saldo, pode pedir o benef\u00edcio. Para isso, \u00e9 necess\u00e1rio que o benefeci\u00e1rio leve os documentos exigidos, incluindo o comprovante de resid\u00eancia que indique a casa atingida.<\/p>\n<p><img decoding=\"async\" src=\"http:\/\/aconteceunovale.com.br\/portal\/wp-content\/uploads\/2014\/03\/atigindos_chuva_gv_2013.jpg\" alt=\"\" \/><br \/>\n<em>(Foto: Ant\u00f4nio Cota)<\/em><\/p>\n<h3><strong>Documentos necess\u00e1rios<\/strong><\/h3>\n<p>Carteira de Trabalho, exceto quando se tratar de diretor n\u00e3o empregado ou em caso de apresenta\u00e7\u00e3o de outro documento que comprove o v\u00ednculo empregat\u00edcio.<\/p>\n<p>Documento de identifica\u00e7\u00e3o pessoal do trabalhador ou diretor n\u00e3o empregado.<\/p>\n<p>Cart\u00e3o Cidad\u00e3o ou n\u00famero de inscri\u00e7\u00e3o PIS\/PASEP ou Inscri\u00e7\u00e3o de Contribuinte Individual no INSS para o dom\u00e9stico n\u00e3o cadastrado no PIS\/PASEP.<\/p>\n<p>Atas das assembleias que deliberaram pela nomea\u00e7\u00e3o e pelo afastamento do diretor n\u00e3o empregado; c\u00f3pia do Contrato Social e respectivas altera\u00e7\u00f5es registradas no Cart\u00f3rio de Registro de T\u00edtulos e Documentos ou na Junta Comercial, ou ato pr\u00f3prio da autoridade competente publicado em Di\u00e1rio Oficial. Os documentos devem ser apresentados em via original e c\u00f3pia para confronto e autentica\u00e7\u00e3o no ato do recebimento ou por meio de c\u00f3pia autenticada.<\/p>\n<p>Comprovante de resid\u00eancia em nome do trabalhador (conta de luz, \u00e1gua, telefone, g\u00e1s, extratos banc\u00e1rios, carn\u00eas de pagamentos, entre outros) emitido nos \u00faltimos 120 dias.<\/p>\n<p>Poder\u00e1 ser acatada declara\u00e7\u00e3o de autoridade competente, emitida em papel timbrado do \u00f3rg\u00e3o emissor, devidamente datada e assinada, na qual constem nome completo, data de nascimento, endere\u00e7o residencial e n\u00famero do PIS\/PASEP do trabalhador.<\/p>\n<p>Para ter acesso ao saldo do FGTS basta acessar o <a href=\"http:\/\/caixa.gov.br\/\" target=\"_blank\">site da Caixa<\/a>. (G1)<\/p>\n","protected":false},"excerpt":{"rendered":"<p>As pessoas atingidas pelas chuvas de dezembro de 2013 t\u00eam o direito de sacar o FGTS na Caixa Econ\u00f4mica Federal. Isso acontece porque a cidade de Governador Valadares enfrentou estado de calamidade p\u00fablica. Dessa forma, as v\u00edtimas das chuva, que est\u00e3o cadastradas pela Defesa Civil, podem sacar o benef\u00edcio do dia 18 de mar\u00e7o at\u00e9 [&hellip;]<\/p>\n","protected":false},"author":1,"featured_media":24109,"comment_status":"open","ping_status":"closed","sticky":false,"template":"","format":"standard","meta":{"amp_status":"","footnotes":""},"categories":[121],"tags":[5708,1018,247],"class_list":["post-24108","post","type-post","status-publish","format-standard","has-post-thumbnail","hentry","category-leste","tag-atingidos-pelas-chuvas-de-dezembro-em-valadares-podem-sacar-fgts","tag-destaque","tag-governador-valadares"],"_links":{"self":[{"href":"https:\/\/aconteceunovale.com.br\/portal\/index.php?rest_route=\/wp\/v2\/posts\/24108","targetHints":{"allow":["GET"]}}],"collection":[{"href":"https:\/\/aconteceunovale.com.br\/portal\/index.php?rest_route=\/wp\/v2\/posts"}],"about":[{"href":"https:\/\/aconteceunovale.com.br\/portal\/index.php?rest_route=\/wp\/v2\/types\/post"}],"author":[{"embeddable":true,"href":"https:\/\/aconteceunovale.com.br\/portal\/index.php?rest_route=\/wp\/v2\/users\/1"}],"replies":[{"embeddable":true,"href":"https:\/\/aconteceunovale.com.br\/portal\/index.php?rest_route=%2Fwp%2Fv2%2Fcomments&post=24108"}],"version-history":[{"count":0,"href":"https:\/\/aconteceunovale.com.br\/portal\/index.php?rest_route=\/wp\/v2\/posts\/24108\/revisions"}],"wp:featuredmedia":[{"embeddable":true,"href":"https:\/\/aconteceunovale.com.br\/portal\/index.php?rest_route=\/wp\/v2\/media\/24109"}],"wp:attachment":[{"href":"https:\/\/aconteceunovale.com.br\/portal\/index.php?rest_route=%2Fwp%2Fv2%2Fmedia&parent=24108"}],"wp:term":[{"taxonomy":"category","embeddable":true,"href":"https:\/\/aconteceunovale.com.br\/portal\/index.php?rest_route=%2Fwp%2Fv2%2Fcategories&post=24108"},{"taxonomy":"post_tag","embeddable":true,"href":"https:\/\/aconteceunovale.com.br\/portal\/index.php?rest_route=%2Fwp%2Fv2%2Ftags&post=24108"}],"curies":[{"name":"wp","href":"https:\/\/api.w.org\/{rel}","templated":true}]}}