{"id":24100,"date":"2014-03-19T22:14:32","date_gmt":"2014-03-20T01:14:32","guid":{"rendered":"http:\/\/aconteceunovale.com.br\/portal\/?p=24100"},"modified":"2014-03-19T22:14:32","modified_gmt":"2014-03-20T01:14:32","slug":"camara-de-itaobim-cassa-mandato-de-vereador-acusado-de-corrupcao","status":"publish","type":"post","link":"https:\/\/aconteceunovale.com.br\/portal\/?p=24100","title":{"rendered":"C\u00e2mara de Itaobim cassa mandato de vereador acusado de corrup\u00e7\u00e3o"},"content":{"rendered":"<p>Por  nove votos a favor e dois contra, a C\u00e2mara Municipal de Itaobim, no Vale do Jequitinhonha (MG), cassou nesta quarta-feira (19) o mandato do vereador Carlos Cezar Alves Ribeiro conhecido por Carlos Fogueteiro, do Partido dos Democratas (DEM). Votaram contra a cassa\u00e7\u00e3o, o pr\u00f3prio vereador Carlos C\u00e9zar e Diego Targino (PSDB).<\/p>\n<p><img decoding=\"async\" src=\"http:\/\/aconteceunovale.com.br\/portal\/wp-content\/uploads\/2014\/03\/cassassao_vereador_itaobim_19.jpg\" alt=\"\" \/><br \/>\n<em>(Foto: Gazeta de Ara\u00e7ua\u00ed)<\/em><\/p>\n<p>Desde outubro do ano passado, o vereador enfrenta uma s\u00e9rie de den\u00fancias de corrup\u00e7\u00e3o, entre elas,  fazer licita\u00e7\u00e3o de fachada para contratar servi\u00e7os de assessoria jur\u00eddica .<\/p>\n<p>A  sess\u00e3o para votar a cassa\u00e7\u00e3o do mandato do vereador e do cargo dele de presidente da C\u00e2mara, estava marcada para a ter\u00e7a-feira (17). <\/p>\n<p>No entanto, os advogados dele  alegaram que n\u00e3o  houve a devida convoca\u00e7\u00e3o dentro do prazo regimental, conforme o decreto 201\/67 que disp\u00f5e sobre a responsabilidade de prefeitos e vereadores e a sess\u00e3o foi remarcada para as 11 horas desta quarta-feira.<\/p>\n<p>Na tentativa de salvar o mandato, o vereador renunciou ao cargo de presidente da C\u00e2mara na segunda-feira (17).<\/p>\n<p>Durante a sess\u00e3o desta quarta-feira, os dois advogados do vereador usaram da tribuna para fazer a defesa dele, por cerca de duas horas.<\/p>\n<p>Tanto a  den\u00fancia que pedia a cassa\u00e7\u00e3o do mandato,  quanto \u00e0 representa\u00e7\u00e3o para destitui\u00e7\u00e3o do vereador Carlos Cezar,  como presidente da C\u00e2mara, foram  embasadas em uma A\u00e7\u00e3o Civil P\u00fablica ajuizada pelo Minist\u00e9rio P\u00fablico no dia 14 de outubro do ano passado, no f\u00f3rum da Comarca, em Medina.<\/p>\n<p>Na A\u00e7\u00e3o Civil, o  Minist\u00e9rio P\u00fablico pede ainda a devolu\u00e7\u00e3o de R$ 149.600,00 aos cofres p\u00fablicos, al\u00e9m da suspens\u00e3o dos direitos pol\u00edticos do vereador  por oito anos,  perda de bens, pagamento de multa,proibi\u00e7\u00e3o de fazer contrato com o poder p\u00fablico, receber benef\u00edcios ou incentivos fiscais, entre outros.<\/p>\n<p>A vaga do vereador Carlos C\u00e9zar ser\u00e1 ocupada por M\u00e1rcio Motta (PV) que na \u00faltima elei\u00e7\u00e3o obteve 360 votos.<\/p>\n<p>A presid\u00eancia da C\u00e2mara foi ocupada pelo vice, vereador Rivald\u00e1vio Nascimento Cardoso, que passar\u00e1 a receber um sal\u00e1rio de cerca de R$ 4.200.<\/p>\n<p>Os advogados do vereador cassado, v\u00e3o recorrer da decis\u00e3o. <strong>(Gazeta de Ara\u00e7ua\u00ed)<\/strong><\/p>\n","protected":false},"excerpt":{"rendered":"<p>Por nove votos a favor e dois contra, a C\u00e2mara Municipal de Itaobim, no Vale do Jequitinhonha (MG), cassou nesta quarta-feira (19) o mandato do vereador Carlos Cezar Alves Ribeiro conhecido por Carlos Fogueteiro, do Partido dos Democratas (DEM). Votaram contra a cassa\u00e7\u00e3o, o pr\u00f3prio vereador Carlos C\u00e9zar e Diego Targino (PSDB). (Foto: Gazeta de [&hellip;]<\/p>\n","protected":false},"author":1,"featured_media":24101,"comment_status":"open","ping_status":"closed","sticky":false,"template":"","format":"standard","meta":{"amp_status":"","footnotes":""},"categories":[120],"tags":[5704,5668,5669,1018,391],"class_list":["post-24100","post","type-post","status-publish","format-standard","has-post-thumbnail","hentry","category-jequi","tag-camara-de-itaobim-cassa-mandato-de-vereador-acusado-de-corrupcao","tag-carlos-cezar-alves-ribeiro","tag-carlos-fogueteiro","tag-destaque","tag-itaobim"],"_links":{"self":[{"href":"https:\/\/aconteceunovale.com.br\/portal\/index.php?rest_route=\/wp\/v2\/posts\/24100","targetHints":{"allow":["GET"]}}],"collection":[{"href":"https:\/\/aconteceunovale.com.br\/portal\/index.php?rest_route=\/wp\/v2\/posts"}],"about":[{"href":"https:\/\/aconteceunovale.com.br\/portal\/index.php?rest_route=\/wp\/v2\/types\/post"}],"author":[{"embeddable":true,"href":"https:\/\/aconteceunovale.com.br\/portal\/index.php?rest_route=\/wp\/v2\/users\/1"}],"replies":[{"embeddable":true,"href":"https:\/\/aconteceunovale.com.br\/portal\/index.php?rest_route=%2Fwp%2Fv2%2Fcomments&post=24100"}],"version-history":[{"count":0,"href":"https:\/\/aconteceunovale.com.br\/portal\/index.php?rest_route=\/wp\/v2\/posts\/24100\/revisions"}],"wp:featuredmedia":[{"embeddable":true,"href":"https:\/\/aconteceunovale.com.br\/portal\/index.php?rest_route=\/wp\/v2\/media\/24101"}],"wp:attachment":[{"href":"https:\/\/aconteceunovale.com.br\/portal\/index.php?rest_route=%2Fwp%2Fv2%2Fmedia&parent=24100"}],"wp:term":[{"taxonomy":"category","embeddable":true,"href":"https:\/\/aconteceunovale.com.br\/portal\/index.php?rest_route=%2Fwp%2Fv2%2Fcategories&post=24100"},{"taxonomy":"post_tag","embeddable":true,"href":"https:\/\/aconteceunovale.com.br\/portal\/index.php?rest_route=%2Fwp%2Fv2%2Ftags&post=24100"}],"curies":[{"name":"wp","href":"https:\/\/api.w.org\/{rel}","templated":true}]}}