{"id":24093,"date":"2014-03-19T13:47:47","date_gmt":"2014-03-19T16:47:47","guid":{"rendered":"http:\/\/aconteceunovale.com.br\/portal\/?p=24093"},"modified":"2014-03-19T13:48:22","modified_gmt":"2014-03-19T16:48:22","slug":"dois-veiculos-roubados-sao-recuperados-pela-prf-em-montes-claros","status":"publish","type":"post","link":"https:\/\/aconteceunovale.com.br\/portal\/?p=24093","title":{"rendered":"PRF recupera dois ve\u00edculos roubados em Montes Claros"},"content":{"rendered":"<p>Dois ve\u00edculos com queixa de roubo e furto foram recuperados por agentes da Pol\u00edcia Rodovi\u00e1ria Federal (PRF), na ter\u00e7a-feira (18), na BR-251, altura do quil\u00f4metro 514.<\/p>\n<p>Conforme o \u00f3rg\u00e3o, um Fiat Strada, placa NWQ-0517, que havia sido roubado em Goi\u00e2nia, foi visto trafegando na rodovia. O motorista de 59 anos foi abordado e detido.<\/p>\n<p>J\u00e1 o Parati CL 1.6, placa CIC-9085, apresentava adultera\u00e7\u00e3o no chassi e, ap\u00f3s consulta aos \u00f3rg\u00e3os de tr\u00e2nsito, foi constatado que havia sido furtado em S\u00e3o Paulo. O condutor de 31 anos tamb\u00e9m foi preso.<\/p>\n","protected":false},"excerpt":{"rendered":"<p>Dois ve\u00edculos com queixa de roubo e furto foram recuperados por agentes da Pol\u00edcia Rodovi\u00e1ria Federal (PRF), na ter\u00e7a-feira (18), na BR-251, altura do quil\u00f4metro 514. Conforme o \u00f3rg\u00e3o, um Fiat Strada, placa NWQ-0517, que havia sido roubado em Goi\u00e2nia, foi visto trafegando na rodovia. O motorista de 59 anos foi abordado e detido. J\u00e1 [&hellip;]<\/p>\n","protected":false},"author":1,"featured_media":24094,"comment_status":"open","ping_status":"closed","sticky":false,"template":"","format":"standard","meta":{"amp_status":"","footnotes":""},"categories":[1236],"tags":[5701,210,5702],"class_list":["post-24093","post","type-post","status-publish","format-standard","has-post-thumbnail","hentry","category-norte_de_minas","tag-dois-veiculos-roubados-sao-recuperados-pela-prf-em-montes-claros","tag-montes-claros","tag-prf-recupera-dois-veiculos-roubados-em-montes-claros"],"_links":{"self":[{"href":"https:\/\/aconteceunovale.com.br\/portal\/index.php?rest_route=\/wp\/v2\/posts\/24093","targetHints":{"allow":["GET"]}}],"collection":[{"href":"https:\/\/aconteceunovale.com.br\/portal\/index.php?rest_route=\/wp\/v2\/posts"}],"about":[{"href":"https:\/\/aconteceunovale.com.br\/portal\/index.php?rest_route=\/wp\/v2\/types\/post"}],"author":[{"embeddable":true,"href":"https:\/\/aconteceunovale.com.br\/portal\/index.php?rest_route=\/wp\/v2\/users\/1"}],"replies":[{"embeddable":true,"href":"https:\/\/aconteceunovale.com.br\/portal\/index.php?rest_route=%2Fwp%2Fv2%2Fcomments&post=24093"}],"version-history":[{"count":0,"href":"https:\/\/aconteceunovale.com.br\/portal\/index.php?rest_route=\/wp\/v2\/posts\/24093\/revisions"}],"wp:featuredmedia":[{"embeddable":true,"href":"https:\/\/aconteceunovale.com.br\/portal\/index.php?rest_route=\/wp\/v2\/media\/24094"}],"wp:attachment":[{"href":"https:\/\/aconteceunovale.com.br\/portal\/index.php?rest_route=%2Fwp%2Fv2%2Fmedia&parent=24093"}],"wp:term":[{"taxonomy":"category","embeddable":true,"href":"https:\/\/aconteceunovale.com.br\/portal\/index.php?rest_route=%2Fwp%2Fv2%2Fcategories&post=24093"},{"taxonomy":"post_tag","embeddable":true,"href":"https:\/\/aconteceunovale.com.br\/portal\/index.php?rest_route=%2Fwp%2Fv2%2Ftags&post=24093"}],"curies":[{"name":"wp","href":"https:\/\/api.w.org\/{rel}","templated":true}]}}