{"id":24090,"date":"2014-03-19T13:42:02","date_gmt":"2014-03-19T16:42:02","guid":{"rendered":"http:\/\/aconteceunovale.com.br\/portal\/?p=24090"},"modified":"2014-03-19T13:43:49","modified_gmt":"2014-03-19T16:43:49","slug":"motorista-da-carreta-envolvida-no-acidente-que-matou-seis-pessoas-em-itambacuri-se-apresenta-a-policia","status":"publish","type":"post","link":"https:\/\/aconteceunovale.com.br\/portal\/?p=24090","title":{"rendered":"Motorista da carreta envolvida no acidente que matou seis pessoas em Itambacuri se apresenta \u00e0 pol\u00edcia"},"content":{"rendered":"<p>O motorista da carreta que se envolveu em um grave acidente na BR-116 pr\u00f3ximo a cidade de Itambacuri, no Vale do Mucuri, no \u00faltimo s\u00e1bado (15), se apresentou nesta ter\u00e7a-feira (18) no Posto da Pol\u00edcia Rodovi\u00e1ria Federal (PRF) em Te\u00f3filo Otoni. Ele havia fugido ap\u00f3s a batida que envolveu ainda um Palio e um caminh\u00e3o e deixou seis pessoas mortas.<\/p>\n<p>Paulo S\u00e9rgio Jos\u00e9 de Lima tem 25 anos e \u00e9 motorista profissional h\u00e1 dois. Ele saiu de Trindade (PE) na quinta-feira passada (13) com o caminh\u00e3o carregado de gesso e deveria ter chegado a Mogi das Cruzes (SP) no domingo (16) mas acabou se envolvendo no acidente.<\/p>\n<p>Ele contou que tudo aconteceu muito r\u00e1pido. \u201cEu ia transitando sentido S\u00e3o Paulo quando,de repente, um ve\u00edculo atravessou na contram\u00e3o, n\u00e3o deu rea\u00e7\u00e3o de fazer nada!\u201d O motorista disse que, com o impacto da batida, acabou desmaiando s\u00f3 recobrando os sentidos quando outras pessoas que chegaram ao local o despertaram. Em estado de choque caminhou a p\u00e9 pela rodovia onde pegou carona e seguiu  at\u00e9 a cidade de Alpercata, pr\u00f3ximo a Governador Valadares.<\/p>\n<p>Paulo S\u00e9rgio falou que fugiu porque entrou em choque. \u201cAcidente t\u00e3o grave, coisa t\u00e3o feia. Fiquei l\u00e1 um tempo, ai n\u00e3o consegui ficar vendo aquela coisa e sai andando\u201d, explicou.  <\/p>\n<p>Os cinco ocupantes do veiculo de passeio e o motorista do caminh\u00e3o morreram. Paulo S\u00e9rgio foi o \u00fanico que sobreviveu. A PRF acredita que a batida teria acontecido depois que o motorista do carro de passeio tentou ultrapassar o caminh\u00e3o em uma curva. O ve\u00edculo bateu de frente com a carreta.<\/p>\n<p>Paulo S\u00e9rgio foi encaminhado a Delegacia de Pol\u00edcia Civil de Itambacuri para prestar depoimento, onde o inqu\u00e9rito foi aberto. Ele foi ouvido pela delegada \u00c9rika Ribeiro e liberado em seguida.  <\/p>\n<p>Morreram no acidente o motorista do caminh\u00e3o F\u00e1bio Costa Aguiar, 49 anos, natural de Governador Valadares e todos os ocupantes do Palio: o condutor Hermano Alves de Amorim, 67 anos, a esposa Marisa Helena da Silva, 47, o filho dele, Jo\u00e3o Peter da Silva, 16, a nora Ana Paula Helena da Silva, 30, e o neto Fernando da Silva Santos 8 anos de idade. (R\u00e1dio Te\u00f3filo Otoni)<\/p>\n<p><img decoding=\"async\" src=\"http:\/\/aconteceunovale.com.br\/portal\/wp-content\/uploads\/2014\/03\/fotos_acidente_itambacuri_11.jpg\" alt=\"\" \/><br \/>\n<em>(Foto: Elvis Passos)<\/em><\/p>\n","protected":false},"excerpt":{"rendered":"<p>O motorista da carreta que se envolveu em um grave acidente na BR-116 pr\u00f3ximo a cidade de Itambacuri, no Vale do Mucuri, no \u00faltimo s\u00e1bado (15), se apresentou nesta ter\u00e7a-feira (18) no Posto da Pol\u00edcia Rodovi\u00e1ria Federal (PRF) em Te\u00f3filo Otoni. Ele havia fugido ap\u00f3s a batida que envolveu ainda um Palio e um caminh\u00e3o [&hellip;]<\/p>\n","protected":false},"author":1,"featured_media":23861,"comment_status":"open","ping_status":"closed","sticky":false,"template":"","format":"standard","meta":{"amp_status":"","footnotes":""},"categories":[122],"tags":[5699,1018,5586,5700,247,5696,188,5698,5697,5695,5693,5694,164,3438],"class_list":["post-24090","post","type-post","status-publish","format-standard","has-post-thumbnail","hentry","category-mucuri","tag-ana-paula-helena-da-silva","tag-destaque","tag-fabio-costa-aguiar","tag-fernando-da-silva-santos","tag-governador-valadares","tag-hermano-alves-de-amorim","tag-itambacuri","tag-joao-peter-da-silva","tag-marisa-helena-da-silva","tag-mogi-das-cruzes","tag-motorista-da-carreta-envolvida-no-acidente-que-matou-seis-pessoas-em-itambacuri-se-apresenta-a-policia","tag-paulo-sergio-jose-de-lima","tag-teofilo-otoni","tag-trindade"],"_links":{"self":[{"href":"https:\/\/aconteceunovale.com.br\/portal\/index.php?rest_route=\/wp\/v2\/posts\/24090","targetHints":{"allow":["GET"]}}],"collection":[{"href":"https:\/\/aconteceunovale.com.br\/portal\/index.php?rest_route=\/wp\/v2\/posts"}],"about":[{"href":"https:\/\/aconteceunovale.com.br\/portal\/index.php?rest_route=\/wp\/v2\/types\/post"}],"author":[{"embeddable":true,"href":"https:\/\/aconteceunovale.com.br\/portal\/index.php?rest_route=\/wp\/v2\/users\/1"}],"replies":[{"embeddable":true,"href":"https:\/\/aconteceunovale.com.br\/portal\/index.php?rest_route=%2Fwp%2Fv2%2Fcomments&post=24090"}],"version-history":[{"count":0,"href":"https:\/\/aconteceunovale.com.br\/portal\/index.php?rest_route=\/wp\/v2\/posts\/24090\/revisions"}],"wp:featuredmedia":[{"embeddable":true,"href":"https:\/\/aconteceunovale.com.br\/portal\/index.php?rest_route=\/wp\/v2\/media\/23861"}],"wp:attachment":[{"href":"https:\/\/aconteceunovale.com.br\/portal\/index.php?rest_route=%2Fwp%2Fv2%2Fmedia&parent=24090"}],"wp:term":[{"taxonomy":"category","embeddable":true,"href":"https:\/\/aconteceunovale.com.br\/portal\/index.php?rest_route=%2Fwp%2Fv2%2Fcategories&post=24090"},{"taxonomy":"post_tag","embeddable":true,"href":"https:\/\/aconteceunovale.com.br\/portal\/index.php?rest_route=%2Fwp%2Fv2%2Ftags&post=24090"}],"curies":[{"name":"wp","href":"https:\/\/api.w.org\/{rel}","templated":true}]}}