{"id":24087,"date":"2014-03-19T13:36:18","date_gmt":"2014-03-19T16:36:18","guid":{"rendered":"http:\/\/aconteceunovale.com.br\/portal\/?p=24087"},"modified":"2014-03-19T13:36:18","modified_gmt":"2014-03-19T16:36:18","slug":"banda-amuc-abre-inscricoes-para-musicos-em-capelinha","status":"publish","type":"post","link":"https:\/\/aconteceunovale.com.br\/portal\/?p=24087","title":{"rendered":"Banda AMUC abre inscri\u00e7\u00f5es para m\u00fasicos em Capelinha"},"content":{"rendered":"<p>A AMUC (Associa\u00e7\u00e3o Musical Capelinhense) estar\u00e1 retornando com as suas atividades a partir de Abril de 2014. Segundo Jeferson Viana e Wesley, respons\u00e1veis pela reativa\u00e7\u00e3o, a volta da AMUC \u00e9 o recome\u00e7o no cen\u00e1rio cultural de Capelinha e regi\u00e3o,  abrindo assim oportunidades para forma\u00e7\u00e3o de novos m\u00fasicos.<\/p>\n<p>A AMUC esta desativada desde o ano 2008, quando a mesma entrou em uma grande crise financeira o que acarretou na desforma\u00e7\u00e3o do grupo.<\/p>\n<p>As inscri\u00e7\u00f5es para filia\u00e7\u00e3o na AMUC j\u00e1 est\u00e3o abertas e podem ser realizadas com Jeferson Viana na Secretaria Municipal de Cultura e Turismo de Capelinha, rua Dr. Hermelindo n\u00ba302. Os interessados dever\u00e3o estar munidos de documentos pessoais e de comprovante de resid\u00eancia, menores de 18 anos dever\u00e3o estar acompanhados dos pais e\/ou respons\u00e1veis. (RegisCap1)<\/p>\n<p><img decoding=\"async\" src=\"http:\/\/aconteceunovale.com.br\/portal\/wp-content\/uploads\/2014\/03\/amuc_capelinha_de_volta_19.jpg\" alt=\"\" \/><\/p>\n","protected":false},"excerpt":{"rendered":"<p>A AMUC (Associa\u00e7\u00e3o Musical Capelinhense) estar\u00e1 retornando com as suas atividades a partir de Abril de 2014. Segundo Jeferson Viana e Wesley, respons\u00e1veis pela reativa\u00e7\u00e3o, a volta da AMUC \u00e9 o recome\u00e7o no cen\u00e1rio cultural de Capelinha e regi\u00e3o, abrindo assim oportunidades para forma\u00e7\u00e3o de novos m\u00fasicos. A AMUC esta desativada desde o ano 2008, [&hellip;]<\/p>\n","protected":false},"author":1,"featured_media":24088,"comment_status":"open","ping_status":"closed","sticky":false,"template":"","format":"standard","meta":{"amp_status":"","footnotes":""},"categories":[120],"tags":[5692,132,1018],"class_list":["post-24087","post","type-post","status-publish","format-standard","has-post-thumbnail","hentry","category-jequi","tag-banda-amuc-abre-inscricoes-para-musicos-em-capelinha","tag-capelinha","tag-destaque"],"_links":{"self":[{"href":"https:\/\/aconteceunovale.com.br\/portal\/index.php?rest_route=\/wp\/v2\/posts\/24087","targetHints":{"allow":["GET"]}}],"collection":[{"href":"https:\/\/aconteceunovale.com.br\/portal\/index.php?rest_route=\/wp\/v2\/posts"}],"about":[{"href":"https:\/\/aconteceunovale.com.br\/portal\/index.php?rest_route=\/wp\/v2\/types\/post"}],"author":[{"embeddable":true,"href":"https:\/\/aconteceunovale.com.br\/portal\/index.php?rest_route=\/wp\/v2\/users\/1"}],"replies":[{"embeddable":true,"href":"https:\/\/aconteceunovale.com.br\/portal\/index.php?rest_route=%2Fwp%2Fv2%2Fcomments&post=24087"}],"version-history":[{"count":0,"href":"https:\/\/aconteceunovale.com.br\/portal\/index.php?rest_route=\/wp\/v2\/posts\/24087\/revisions"}],"wp:featuredmedia":[{"embeddable":true,"href":"https:\/\/aconteceunovale.com.br\/portal\/index.php?rest_route=\/wp\/v2\/media\/24088"}],"wp:attachment":[{"href":"https:\/\/aconteceunovale.com.br\/portal\/index.php?rest_route=%2Fwp%2Fv2%2Fmedia&parent=24087"}],"wp:term":[{"taxonomy":"category","embeddable":true,"href":"https:\/\/aconteceunovale.com.br\/portal\/index.php?rest_route=%2Fwp%2Fv2%2Fcategories&post=24087"},{"taxonomy":"post_tag","embeddable":true,"href":"https:\/\/aconteceunovale.com.br\/portal\/index.php?rest_route=%2Fwp%2Fv2%2Ftags&post=24087"}],"curies":[{"name":"wp","href":"https:\/\/api.w.org\/{rel}","templated":true}]}}