{"id":24084,"date":"2014-03-19T13:25:12","date_gmt":"2014-03-19T16:25:12","guid":{"rendered":"http:\/\/aconteceunovale.com.br\/portal\/?p=24084"},"modified":"2014-03-19T13:25:12","modified_gmt":"2014-03-19T16:25:12","slug":"antonio-anastasia-anuncia-que-deixara-o-governo-de-minas-no-dia-4-de-abril","status":"publish","type":"post","link":"https:\/\/aconteceunovale.com.br\/portal\/?p=24084","title":{"rendered":"Antonio Anastasia anuncia que deixar\u00e1 o Governo de Minas no dia 4 de abril"},"content":{"rendered":"<p>O governador Antonio Anastasia, anunciou, nesta ter\u00e7a-feira (18\/03), no Pal\u00e1cio Tiradentes, em Belo Horizonte, que deixar\u00e1 o Governo do Estado no pr\u00f3ximo dia 4 de abril. O an\u00fancio ocorreu em coletiva de imprensa com a presen\u00e7a do vice-governador Alberto Pinto Coelho, que assumir\u00e1 a chefia do executivo mineiro. A sa\u00edda do governador acontece por causa de convite recebido para participar da campanha presidencial e em aten\u00e7\u00e3o \u00e0 legisla\u00e7\u00e3o eleitoral de forma que possa ficar dispon\u00edvel para uma eventual candidatura nas elei\u00e7\u00f5es deste ano.<\/p>\n<p>Anastasia agradeceu a confian\u00e7a dos mineiros durante esses \u00faltimos anos em que esteve \u00e0 frente do Governo do Estado e afirmou sair com a consci\u00eancia do dever cumprido. \u201cNo dia 4 de abril, passarei o Governo ao vice-governador Alberto. Queria aproveitar para fazer um agradecimento a todos os 20 milh\u00f5es de mineiros. Durante estes quatro anos de Governo, nove meses no meu primeiro mandato e agora tr\u00eas anos e tr\u00eas meses, eu tive a colabora\u00e7\u00e3o de toda a popula\u00e7\u00e3o do Estado, um trabalho muito prof\u00edcuo, um trabalho extremamente positivo, recebido sempre com muito carinho e cordialidade por todo o Estado. Os resultados foram excepcionais ao longo desse per\u00edodo. Eu fico muito feliz de ter completado o meu per\u00edodo de Governo com muita satisfa\u00e7\u00e3o, com a cabe\u00e7a erguida. Um governo \u00e9tico, probo, eficiente, com bons resultados. Eu queria fazer esse agradecimento especial a todos os mineiros\u201d, afirmou.<\/p>\n<p>Anastasia ainda agradeceu ao corpo de servidores p\u00fablicos do Estado e reafirmou a sua confian\u00e7a no trabalho do futuro governador Alberto Pinto Coelho que participou ativamente do dia a dia do comando do Estado nos \u00faltimos anos. \u201cTudo que n\u00f3s alcan\u00e7amos ao longo desse per\u00edodo \u00e9 um trabalho coletivo, \u00e9 um trabalho de equipe. Ent\u00e3o, fa\u00e7o tamb\u00e9m quest\u00e3o de fazer esse registro aqui na minha sa\u00edda, o meu agradecimento profundo \u00e0 minha equipe de Governo, aos servidores p\u00fablicos, que s\u00e3o centenas de milhares de servidores por todo o Estado. Quero aproveitar para dizer que fico muito tranquilo, porque durante esses tr\u00eas anos e tr\u00eas meses o vice-governador Alberto esteve ao meu lado em todos os momentos. Tenho certeza que a popula\u00e7\u00e3o do Estado continuar\u00e1 muito bem servida no Governo de Alberto Pinto Coelho\u201d, destacou.<\/p>\n<p>Alberto Pinto Coelho afirmou que se sente honrado em assumir a chefia do Executivo estadual e suceder ao governador Anastasia. O vice-governador disse que procurar\u00e1 corresponder \u00e0 expectativa da popula\u00e7\u00e3o com o legado que recebe. \u201cDa minha parte, me honra muito, nessa quadra da hist\u00f3ria de Minas, poder estar ao lado do governador Antonio Anastasia e, mais do que isso, suced\u00ea-lo nesses nove meses que restam de Governo. E, naturalmente, poder administrar esse legado da melhor forma poss\u00edvel, fazendo as entregas indispens\u00e1veis dos in\u00fameros programas e a\u00e7\u00f5es de Governo, que est\u00e3o a\u00ed j\u00e1 colocados e postos em pr\u00e1tica ao longo desse tempo\u201d, disse.<\/p>\n<p>Anastasia anunciou ainda que, no dia 3 de abril, far\u00e1 a exonera\u00e7\u00e3o de todos os secret\u00e1rios de Estado de forma que o novo governador possa montar a equipe de acordo com seu perfil e caracter\u00edsticas. (Ag\u00eancia Minas)<\/p>\n","protected":false},"excerpt":{"rendered":"<p>O governador Antonio Anastasia, anunciou, nesta ter\u00e7a-feira (18\/03), no Pal\u00e1cio Tiradentes, em Belo Horizonte, que deixar\u00e1 o Governo do Estado no pr\u00f3ximo dia 4 de abril. O an\u00fancio ocorreu em coletiva de imprensa com a presen\u00e7a do vice-governador Alberto Pinto Coelho, que assumir\u00e1 a chefia do executivo mineiro. A sa\u00edda do governador acontece por causa [&hellip;]<\/p>\n","protected":false},"author":1,"featured_media":24085,"comment_status":"open","ping_status":"closed","sticky":false,"template":"","format":"standard","meta":{"amp_status":"","footnotes":""},"categories":[123],"tags":[2184,5691],"class_list":["post-24084","post","type-post","status-publish","format-standard","has-post-thumbnail","hentry","category-gerais","tag-antonio-anastasia","tag-antonio-anastasia-anuncia-que-deixara-o-governo-de-minas-no-dia-4-de-abril"],"_links":{"self":[{"href":"https:\/\/aconteceunovale.com.br\/portal\/index.php?rest_route=\/wp\/v2\/posts\/24084","targetHints":{"allow":["GET"]}}],"collection":[{"href":"https:\/\/aconteceunovale.com.br\/portal\/index.php?rest_route=\/wp\/v2\/posts"}],"about":[{"href":"https:\/\/aconteceunovale.com.br\/portal\/index.php?rest_route=\/wp\/v2\/types\/post"}],"author":[{"embeddable":true,"href":"https:\/\/aconteceunovale.com.br\/portal\/index.php?rest_route=\/wp\/v2\/users\/1"}],"replies":[{"embeddable":true,"href":"https:\/\/aconteceunovale.com.br\/portal\/index.php?rest_route=%2Fwp%2Fv2%2Fcomments&post=24084"}],"version-history":[{"count":0,"href":"https:\/\/aconteceunovale.com.br\/portal\/index.php?rest_route=\/wp\/v2\/posts\/24084\/revisions"}],"wp:featuredmedia":[{"embeddable":true,"href":"https:\/\/aconteceunovale.com.br\/portal\/index.php?rest_route=\/wp\/v2\/media\/24085"}],"wp:attachment":[{"href":"https:\/\/aconteceunovale.com.br\/portal\/index.php?rest_route=%2Fwp%2Fv2%2Fmedia&parent=24084"}],"wp:term":[{"taxonomy":"category","embeddable":true,"href":"https:\/\/aconteceunovale.com.br\/portal\/index.php?rest_route=%2Fwp%2Fv2%2Fcategories&post=24084"},{"taxonomy":"post_tag","embeddable":true,"href":"https:\/\/aconteceunovale.com.br\/portal\/index.php?rest_route=%2Fwp%2Fv2%2Ftags&post=24084"}],"curies":[{"name":"wp","href":"https:\/\/api.w.org\/{rel}","templated":true}]}}