{"id":24038,"date":"2014-03-18T23:43:40","date_gmt":"2014-03-19T02:43:40","guid":{"rendered":"http:\/\/aconteceunovale.com.br\/portal\/?p=24038"},"modified":"2014-03-18T23:43:40","modified_gmt":"2014-03-19T02:43:40","slug":"77-novas-placas-de-taxis-sao-homologadas-em-montes-claros","status":"publish","type":"post","link":"https:\/\/aconteceunovale.com.br\/portal\/?p=24038","title":{"rendered":"77 novas placas de t\u00e1xis s\u00e3o homologadas em Montes Claros"},"content":{"rendered":"<p>Foram homologadas, na tarde desta ter\u00e7a-feira (18), 77 novas placas de t\u00e1xis licitadas em Montes Claros, Norte de Minas Gerais. A homologa\u00e7\u00e3o aconteceu durante reuni\u00e3o na prefeitura.<\/p>\n<p>A entrega da concess\u00e3o das placas visa amenizar a car\u00eancia na presta\u00e7\u00e3o dos servi\u00e7os de t\u00e1xis na cidade, que j\u00e1 foi alvo de reclama\u00e7\u00f5es da popula\u00e7\u00e3o.<\/p>\n<p>O motorista Diego Vin\u00edcius Mota trabalha como auxiliar h\u00e1 mais de um ano. Ele acredita que, al\u00e9m de aumentar sua pr\u00f3pria renda, o aumento da frota beneficiar\u00e1 a popula\u00e7\u00e3o que precisa dos t\u00e1xis em Montes Claros.<\/p>\n<p>\u201cVejo esta vit\u00f3ria como uma melhora financeira para mim. Agora serei empres\u00e1rio, mas a popula\u00e7\u00e3o ter\u00e1 mais profissionais que oferecem o servi\u00e7o\u201d, afirma.<\/p>\n<p>Com 39 anos, Washington Lu\u00eds Soares trabalha h\u00e1 25 como lavador de carros. Mesmo sem atuar como motorista auxiliar ele venceu licita\u00e7\u00e3o. \u201cIsso vai ser minha aposentadoria. Como lavador n\u00e3o tinha seguran\u00e7a nenhuma e \u00e9 um trabalho muito agressivo, que prejudica a coluna. Agora vou fazer de tudo para n\u00e3o perder esta concess\u00e3o\u201d, comemora.<\/p>\n<p>Segundo o prefeito Ruy Muniz, al\u00e9m de comtemplar os taxistas, a prefeitura ir\u00e1 lan\u00e7ar um programa para inibir a entrada de t\u00e1xis clandestinos na cidade.<\/p>\n<p>\u201cA Mctrans vai lan\u00e7ar um programa para identificar os t\u00e1xis de Montes Claros, assim eles ser\u00e3o reconhecidos facilmente e ter\u00e3o prefer\u00eancia na presta\u00e7\u00e3o do servi\u00e7o\u201d, diz.<\/p>\n<p><img decoding=\"async\" src=\"http:\/\/aconteceunovale.com.br\/portal\/wp-content\/uploads\/2014\/03\/77_novas_placas_de_taxi_moc_18.jpg\" alt=\"\" \/><br \/>\n<em>Taxistas contemplados participaram da reuni\u00e3o. (Foto: Valdivan Veloso\/G1)<\/em><\/p>\n<p><strong>(Inter TV Grande Minas)<\/strong><\/p>\n","protected":false},"excerpt":{"rendered":"<p>Foram homologadas, na tarde desta ter\u00e7a-feira (18), 77 novas placas de t\u00e1xis licitadas em Montes Claros, Norte de Minas Gerais. A homologa\u00e7\u00e3o aconteceu durante reuni\u00e3o na prefeitura. A entrega da concess\u00e3o das placas visa amenizar a car\u00eancia na presta\u00e7\u00e3o dos servi\u00e7os de t\u00e1xis na cidade, que j\u00e1 foi alvo de reclama\u00e7\u00f5es da popula\u00e7\u00e3o. O motorista [&hellip;]<\/p>\n","protected":false},"author":1,"featured_media":24039,"comment_status":"open","ping_status":"closed","sticky":false,"template":"","format":"standard","meta":{"amp_status":"","footnotes":""},"categories":[1236],"tags":[5680,210],"class_list":["post-24038","post","type-post","status-publish","format-standard","has-post-thumbnail","hentry","category-norte_de_minas","tag-77-novas-placas-de-taxis-sao-homologadas-em-montes-claros","tag-montes-claros"],"_links":{"self":[{"href":"https:\/\/aconteceunovale.com.br\/portal\/index.php?rest_route=\/wp\/v2\/posts\/24038","targetHints":{"allow":["GET"]}}],"collection":[{"href":"https:\/\/aconteceunovale.com.br\/portal\/index.php?rest_route=\/wp\/v2\/posts"}],"about":[{"href":"https:\/\/aconteceunovale.com.br\/portal\/index.php?rest_route=\/wp\/v2\/types\/post"}],"author":[{"embeddable":true,"href":"https:\/\/aconteceunovale.com.br\/portal\/index.php?rest_route=\/wp\/v2\/users\/1"}],"replies":[{"embeddable":true,"href":"https:\/\/aconteceunovale.com.br\/portal\/index.php?rest_route=%2Fwp%2Fv2%2Fcomments&post=24038"}],"version-history":[{"count":0,"href":"https:\/\/aconteceunovale.com.br\/portal\/index.php?rest_route=\/wp\/v2\/posts\/24038\/revisions"}],"wp:featuredmedia":[{"embeddable":true,"href":"https:\/\/aconteceunovale.com.br\/portal\/index.php?rest_route=\/wp\/v2\/media\/24039"}],"wp:attachment":[{"href":"https:\/\/aconteceunovale.com.br\/portal\/index.php?rest_route=%2Fwp%2Fv2%2Fmedia&parent=24038"}],"wp:term":[{"taxonomy":"category","embeddable":true,"href":"https:\/\/aconteceunovale.com.br\/portal\/index.php?rest_route=%2Fwp%2Fv2%2Fcategories&post=24038"},{"taxonomy":"post_tag","embeddable":true,"href":"https:\/\/aconteceunovale.com.br\/portal\/index.php?rest_route=%2Fwp%2Fv2%2Ftags&post=24038"}],"curies":[{"name":"wp","href":"https:\/\/api.w.org\/{rel}","templated":true}]}}