{"id":24035,"date":"2014-03-18T23:40:18","date_gmt":"2014-03-19T02:40:18","guid":{"rendered":"http:\/\/aconteceunovale.com.br\/portal\/?p=24035"},"modified":"2014-03-18T23:40:18","modified_gmt":"2014-03-19T02:40:18","slug":"stf-suspende-liminar-que-ordenava-saida-de-indios-de-fazenda-no-norte-de-minas","status":"publish","type":"post","link":"https:\/\/aconteceunovale.com.br\/portal\/?p=24035","title":{"rendered":"STF suspende liminar que ordenava sa\u00edda de \u00edndios de fazenda no Norte de Minas"},"content":{"rendered":"<p>A decis\u00e3o judicial que determinava a reintegra\u00e7\u00e3o de terras da fazenda S\u00e3o Judas Tadeu, em Itacarambi, Norte de Minas Gerais, foi suspensa pelo presidente do Supremo Tribunal Federal, o Ministro Joaquim Barbosa. A suspens\u00e3o foi divulgada nesta ter\u00e7a-feira (18) pelo Di\u00e1rio da Justi\u00e7a Eletr\u00f4nico. As terras estavam ocupadas por cerca de 500 \u00edndios Xakriab\u00e1s desde aconteceu  de setembro de 2013.<\/p>\n<p>A ordem expedida pelo Ministro Joaquim Barbosa nesta ter\u00e7a-feira suspende outra ordem expedida pela 2\u00aa Vara Federal da Subse\u00e7\u00e3o Judici\u00e1ria de Montes Claros que determinou que os \u00edndios Xakriab\u00e1s sa\u00edssem da fazenda devolvendo o direito das terras aos propriet\u00e1rios da fazenda. N\u00e1 \u00e9poca, os \u00edndios tiveram o prazo de 30 dias para deixarem o local.<\/p>\n<p>Quando aconteceu o fato, o Cacique, Santo Caetano, 61 anos, alegou que o espa\u00e7o destinado ao povo ind\u00edgena era insuficiente. &#8220;H\u00e1 sete anos que a gente luta pela demarca\u00e7\u00e3o do nosso territ\u00f3rio, sabemos qual \u00e9 a extens\u00e3o dele. Hoje, o povo Xakriab\u00e1 tem 10.000 pessoas e um espa\u00e7o muito pequeno para sobreviv\u00eancia. Estamos fazendo uma retomada dessas terras do Vale do Perua\u00e7u&#8221; comenta.<\/p>\n<p>Ainda segundo a nota publicada pelo di\u00e1rio nesta ter\u00e7a-feira, a decis\u00e3o foi tomada levando em conta &#8220;a densa plausibilidade de que \u00e1reas do im\u00f3vel objeto da a\u00e7\u00e3o venham a ser declaradas de ocupa\u00e7\u00e3o tradicional ind\u00edgena&#8221;. <\/p>\n<p><img decoding=\"async\" src=\"http:\/\/aconteceunovale.com.br\/portal\/wp-content\/uploads\/2014\/03\/saida_indios_fazenda_itacarambi_18.jpg\" alt=\"\" \/><br \/>\n<em>Cerca de 500 \u00edndios da tribo Xakriab\u00e1 reinvindicam reintegra\u00e7\u00e3o de terras da fazenda S\u00e3o Judas Tadeu. (Foto: Divulga\u00e7\u00e3o \/ Conselho Mission\u00e1rio Indigenista (CIMI) &#8211; Leste II)<\/em><\/p>\n<p>(G1)<\/p>\n","protected":false},"excerpt":{"rendered":"<p>A decis\u00e3o judicial que determinava a reintegra\u00e7\u00e3o de terras da fazenda S\u00e3o Judas Tadeu, em Itacarambi, Norte de Minas Gerais, foi suspensa pelo presidente do Supremo Tribunal Federal, o Ministro Joaquim Barbosa. A suspens\u00e3o foi divulgada nesta ter\u00e7a-feira (18) pelo Di\u00e1rio da Justi\u00e7a Eletr\u00f4nico. As terras estavam ocupadas por cerca de 500 \u00edndios Xakriab\u00e1s desde [&hellip;]<\/p>\n","protected":false},"author":1,"featured_media":24036,"comment_status":"open","ping_status":"closed","sticky":false,"template":"","format":"standard","meta":{"amp_status":"","footnotes":""},"categories":[1236],"tags":[5679,1705,5678],"class_list":["post-24035","post","type-post","status-publish","format-standard","has-post-thumbnail","hentry","category-norte_de_minas","tag-indios-xakriabas","tag-itacarambi","tag-stf-suspende-liminar-que-ordenava-saida-de-xakriabas-de-fazenda-no-norte-de-minas"],"_links":{"self":[{"href":"https:\/\/aconteceunovale.com.br\/portal\/index.php?rest_route=\/wp\/v2\/posts\/24035","targetHints":{"allow":["GET"]}}],"collection":[{"href":"https:\/\/aconteceunovale.com.br\/portal\/index.php?rest_route=\/wp\/v2\/posts"}],"about":[{"href":"https:\/\/aconteceunovale.com.br\/portal\/index.php?rest_route=\/wp\/v2\/types\/post"}],"author":[{"embeddable":true,"href":"https:\/\/aconteceunovale.com.br\/portal\/index.php?rest_route=\/wp\/v2\/users\/1"}],"replies":[{"embeddable":true,"href":"https:\/\/aconteceunovale.com.br\/portal\/index.php?rest_route=%2Fwp%2Fv2%2Fcomments&post=24035"}],"version-history":[{"count":0,"href":"https:\/\/aconteceunovale.com.br\/portal\/index.php?rest_route=\/wp\/v2\/posts\/24035\/revisions"}],"wp:featuredmedia":[{"embeddable":true,"href":"https:\/\/aconteceunovale.com.br\/portal\/index.php?rest_route=\/wp\/v2\/media\/24036"}],"wp:attachment":[{"href":"https:\/\/aconteceunovale.com.br\/portal\/index.php?rest_route=%2Fwp%2Fv2%2Fmedia&parent=24035"}],"wp:term":[{"taxonomy":"category","embeddable":true,"href":"https:\/\/aconteceunovale.com.br\/portal\/index.php?rest_route=%2Fwp%2Fv2%2Fcategories&post=24035"},{"taxonomy":"post_tag","embeddable":true,"href":"https:\/\/aconteceunovale.com.br\/portal\/index.php?rest_route=%2Fwp%2Fv2%2Ftags&post=24035"}],"curies":[{"name":"wp","href":"https:\/\/api.w.org\/{rel}","templated":true}]}}