{"id":24025,"date":"2014-03-18T16:43:39","date_gmt":"2014-03-18T19:43:39","guid":{"rendered":"http:\/\/aconteceunovale.com.br\/portal\/?p=24025"},"modified":"2014-03-18T16:43:39","modified_gmt":"2014-03-18T19:43:39","slug":"plantio-de-especies-nativas-e-caravana-ambiental-marcam-as-comemoracoes-do-dia-mundial-da-agua-em-belo-oriente","status":"publish","type":"post","link":"https:\/\/aconteceunovale.com.br\/portal\/?p=24025","title":{"rendered":"Plantio de esp\u00e9cies nativas e caravana ambiental marcam as comemora\u00e7\u00f5es do Dia Mundial da \u00c1gua em Belo Oriente"},"content":{"rendered":"<p>No dia 20\/3, no hor\u00e1rio de 8h30 \u00e0s 10h30, no Parque Multifuncional de Belo Oriente, ser\u00e1 realizado o plantio de esp\u00e9cies nativas, em comemora\u00e7\u00e3o ao Dia Mundial da \u00c1gua. <\/p>\n<p>Na ocasi\u00e3o, 100 alunos da Escola Municipal Perp\u00e9tuo Socorro e da Escola Estadual Presidente Tancredo Neves participar\u00e3o da atividade. Trata-se de uma a\u00e7\u00e3o conjunta da CENIBRA, Prefeitura Municipal de Belo Oriente, Rede Ambiental Verde Vida, do Parque Estadual Rio Corrente e do CODEMA do munic\u00edpio.<\/p>\n<p>No dia 22\/3, ser\u00e1 realizada a tradicional Caravana das \u00c1guas. Em sua 12\u00aa edi\u00e7\u00e3o, o evento promove a educa\u00e7\u00e3o ambiental, com visitas a trechos do Rio Doce. Durante a caravana ser\u00e1 realizado o recolhimento de lixo encontrado nas margens do Rio, com a destina\u00e7\u00e3o do material para postos de reciclagem. <\/p>\n<p>O evento \u00e9 realizado desde 2003, em uma parceria da Pol\u00edcia Militar-MG, institui\u00e7\u00f5es de ensino, e empresas, sempre por ocasi\u00e3o do Dia Mundial da \u00c1gua e com o refor\u00e7o dos integrantes da Rede Ambiental Verde Vida. <\/p>\n<p>As \u00e1reas preservadas pela CENIBRA abrigam mais de 4.500 nascentes que fornecem \u00e1gua limpa para a fauna, flora e para uso regulamentado das comunidades situadas pr\u00f3ximas \u00e0s propriedades da Empresa. <\/p>\n<h3><strong>Cen\u00e1rio<\/strong><\/h3>\n<p>O Dia Mundial da \u00c1gua foi criado na Eco-92, Confer\u00eancia das Na\u00e7\u00f5es Unidas sobre Meio Ambiente e Desenvolvimento, e \u00e9 comemorado no dia 22 de mar\u00e7o desde 1993. Essa data foi criada para lembrar a necessidade da \u00e1gua para o mundo em diversas \u00e1reas, como por exemplo, a produ\u00e7\u00e3o de energia, tema escolhido pela ONU para a celebra\u00e7\u00e3o do dia em 2014.<\/p>\n<p>Especialistas das Na\u00e7\u00f5es Unidas estimam que at\u00e9 2050, a demanda pela \u00e1gua pode exceder 44% dos recursos dispon\u00edveis, enquanto a demanda por energia pode aumentar 50%. Isso porque acredita-se que, at\u00e9 esse ano, o mundo ter\u00e1 alcan\u00e7ado uma popula\u00e7\u00e3o de 9 bilh\u00f5es de habitantes. Dados como esse exigem que os governos e as pessoas repensem a utiliza\u00e7\u00e3o da \u00e1gua. (Ascom Cenibra)<\/p>\n","protected":false},"excerpt":{"rendered":"<p>No dia 20\/3, no hor\u00e1rio de 8h30 \u00e0s 10h30, no Parque Multifuncional de Belo Oriente, ser\u00e1 realizado o plantio de esp\u00e9cies nativas, em comemora\u00e7\u00e3o ao Dia Mundial da \u00c1gua. Na ocasi\u00e3o, 100 alunos da Escola Municipal Perp\u00e9tuo Socorro e da Escola Estadual Presidente Tancredo Neves participar\u00e3o da atividade. Trata-se de uma a\u00e7\u00e3o conjunta da CENIBRA, [&hellip;]<\/p>\n","protected":false},"author":1,"featured_media":24026,"comment_status":"open","ping_status":"closed","sticky":false,"template":"","format":"standard","meta":{"amp_status":"","footnotes":""},"categories":[121],"tags":[350,5676,5675],"class_list":["post-24025","post","type-post","status-publish","format-standard","has-post-thumbnail","hentry","category-leste","tag-belo-oriente","tag-dia-mundial-da-agua-em-belo-oriente","tag-plantio-de-especies-nativas-e-caravana-ambiental-marcam-as-comemoracoes-do-dia-mundial-da-agua-em-belo-oriente"],"_links":{"self":[{"href":"https:\/\/aconteceunovale.com.br\/portal\/index.php?rest_route=\/wp\/v2\/posts\/24025","targetHints":{"allow":["GET"]}}],"collection":[{"href":"https:\/\/aconteceunovale.com.br\/portal\/index.php?rest_route=\/wp\/v2\/posts"}],"about":[{"href":"https:\/\/aconteceunovale.com.br\/portal\/index.php?rest_route=\/wp\/v2\/types\/post"}],"author":[{"embeddable":true,"href":"https:\/\/aconteceunovale.com.br\/portal\/index.php?rest_route=\/wp\/v2\/users\/1"}],"replies":[{"embeddable":true,"href":"https:\/\/aconteceunovale.com.br\/portal\/index.php?rest_route=%2Fwp%2Fv2%2Fcomments&post=24025"}],"version-history":[{"count":0,"href":"https:\/\/aconteceunovale.com.br\/portal\/index.php?rest_route=\/wp\/v2\/posts\/24025\/revisions"}],"wp:featuredmedia":[{"embeddable":true,"href":"https:\/\/aconteceunovale.com.br\/portal\/index.php?rest_route=\/wp\/v2\/media\/24026"}],"wp:attachment":[{"href":"https:\/\/aconteceunovale.com.br\/portal\/index.php?rest_route=%2Fwp%2Fv2%2Fmedia&parent=24025"}],"wp:term":[{"taxonomy":"category","embeddable":true,"href":"https:\/\/aconteceunovale.com.br\/portal\/index.php?rest_route=%2Fwp%2Fv2%2Fcategories&post=24025"},{"taxonomy":"post_tag","embeddable":true,"href":"https:\/\/aconteceunovale.com.br\/portal\/index.php?rest_route=%2Fwp%2Fv2%2Ftags&post=24025"}],"curies":[{"name":"wp","href":"https:\/\/api.w.org\/{rel}","templated":true}]}}