{"id":24022,"date":"2014-03-18T16:40:30","date_gmt":"2014-03-18T19:40:30","guid":{"rendered":"http:\/\/aconteceunovale.com.br\/portal\/?p=24022"},"modified":"2014-03-18T16:40:30","modified_gmt":"2014-03-18T19:40:30","slug":"oab-recebe-doacao-de-terreno-para-construcao-da-sede-de-guanhaes","status":"publish","type":"post","link":"https:\/\/aconteceunovale.com.br\/portal\/?p=24022","title":{"rendered":"OAB recebe doa\u00e7\u00e3o de terreno para constru\u00e7\u00e3o da sede de Guanh\u00e3es"},"content":{"rendered":"<p>O presidente da OAB\/MG, Lu\u00eds Cl\u00e1udio Chaves reuniu-se nessa segunda-feira (17\/03), em BH, com o presidente da subse\u00e7\u00e3o de Guanh\u00e3es, Geraldo Temponi Godinho e com o prefeito municipal de Guanh\u00e3es, Geraldo Jos\u00e9 Pereira para tratar sobre a doa\u00e7\u00e3o do terreno, pela prefeitura do munic\u00edpio, para a edifica\u00e7\u00e3o da sede da subse\u00e7\u00e3o.<\/p>\n<p>Durante a reuni\u00e3o, o prefeito municipal se comprometeu a realizar a doa\u00e7\u00e3o do terreno para a Seccional, sendo que o presidente da entidade, Lu\u00eds Cl\u00e1udio Chaves tamb\u00e9m firmou compromisso que assim que for oficialmente assinada \u00e0 doa\u00e7\u00e3o do terreno a Ordem far\u00e1 a constru\u00e7\u00e3o da sede.<\/p>\n<p>O presidente da subse\u00e7\u00e3o, Geraldo Godinho, tamb\u00e9m tratou sobre assuntos administrativos e institucionais, durante a reuni\u00e3o, e anunciou que ser\u00e1 criada e instalada uma faculdade de direito no munic\u00edpio que atender\u00e1 toda regi\u00e3o.<\/p>\n<p>Participaram ainda do encontro o vice-presidente da OAB\/MG, Eliseu Marques de Oliveira; o presidente da CAA\/MG, S\u00e9rgio Murilo Diniz Braga; a presidente da subse\u00e7\u00e3o de V\u00e1rzea da Palma, K\u00e1tia Saraiva; os desembargadores aposentados, Bernardino Godinho e Mauro Soares de Freitas e o consultar da prefeitura municipal, Helder Ferreira. (OAB\/MG)<\/p>\n<p><img decoding=\"async\" src=\"http:\/\/aconteceunovale.com.br\/portal\/wp-content\/uploads\/2014\/03\/doacao_terreno_oab_gh_18.jpg\" alt=\"\" \/><\/p>\n","protected":false},"excerpt":{"rendered":"<p>O presidente da OAB\/MG, Lu\u00eds Cl\u00e1udio Chaves reuniu-se nessa segunda-feira (17\/03), em BH, com o presidente da subse\u00e7\u00e3o de Guanh\u00e3es, Geraldo Temponi Godinho e com o prefeito municipal de Guanh\u00e3es, Geraldo Jos\u00e9 Pereira para tratar sobre a doa\u00e7\u00e3o do terreno, pela prefeitura do munic\u00edpio, para a edifica\u00e7\u00e3o da sede da subse\u00e7\u00e3o. Durante a reuni\u00e3o, o [&hellip;]<\/p>\n","protected":false},"author":1,"featured_media":24023,"comment_status":"open","ping_status":"closed","sticky":false,"template":"","format":"standard","meta":{"amp_status":"","footnotes":""},"categories":[121],"tags":[155,5674],"class_list":["post-24022","post","type-post","status-publish","format-standard","has-post-thumbnail","hentry","category-leste","tag-guanhaes","tag-oab-recebe-doacao-de-terreno-para-construcao-da-sede-de-guanhaes"],"_links":{"self":[{"href":"https:\/\/aconteceunovale.com.br\/portal\/index.php?rest_route=\/wp\/v2\/posts\/24022","targetHints":{"allow":["GET"]}}],"collection":[{"href":"https:\/\/aconteceunovale.com.br\/portal\/index.php?rest_route=\/wp\/v2\/posts"}],"about":[{"href":"https:\/\/aconteceunovale.com.br\/portal\/index.php?rest_route=\/wp\/v2\/types\/post"}],"author":[{"embeddable":true,"href":"https:\/\/aconteceunovale.com.br\/portal\/index.php?rest_route=\/wp\/v2\/users\/1"}],"replies":[{"embeddable":true,"href":"https:\/\/aconteceunovale.com.br\/portal\/index.php?rest_route=%2Fwp%2Fv2%2Fcomments&post=24022"}],"version-history":[{"count":0,"href":"https:\/\/aconteceunovale.com.br\/portal\/index.php?rest_route=\/wp\/v2\/posts\/24022\/revisions"}],"wp:featuredmedia":[{"embeddable":true,"href":"https:\/\/aconteceunovale.com.br\/portal\/index.php?rest_route=\/wp\/v2\/media\/24023"}],"wp:attachment":[{"href":"https:\/\/aconteceunovale.com.br\/portal\/index.php?rest_route=%2Fwp%2Fv2%2Fmedia&parent=24022"}],"wp:term":[{"taxonomy":"category","embeddable":true,"href":"https:\/\/aconteceunovale.com.br\/portal\/index.php?rest_route=%2Fwp%2Fv2%2Fcategories&post=24022"},{"taxonomy":"post_tag","embeddable":true,"href":"https:\/\/aconteceunovale.com.br\/portal\/index.php?rest_route=%2Fwp%2Fv2%2Ftags&post=24022"}],"curies":[{"name":"wp","href":"https:\/\/api.w.org\/{rel}","templated":true}]}}