{"id":24018,"date":"2014-03-18T16:34:48","date_gmt":"2014-03-18T19:34:48","guid":{"rendered":"http:\/\/aconteceunovale.com.br\/portal\/?p=24018"},"modified":"2014-03-18T17:05:11","modified_gmt":"2014-03-18T20:05:11","slug":"operacao-conjunta-entre-policia-militar-e-civil-apreende-quatro-menores-em-joaima","status":"publish","type":"post","link":"https:\/\/aconteceunovale.com.br\/portal\/?p=24018","title":{"rendered":"Opera\u00e7\u00e3o conjunta entre Pol\u00edcia Militar e Civil apreende quatro menores em Joa\u00edma"},"content":{"rendered":"<p>Uma den\u00fancia an\u00f4nima levou \u00e0 pris\u00e3o de 04 suspeitos de envolvimento em um roubo ocorrido no dia 13 de mar\u00e7o na cidade de Joa\u00edma\/MG, no Vale do Jequitinhonha.<\/p>\n<p>Uma opera\u00e7\u00e3o conjunta da Pol\u00edcia Militar e Pol\u00edcia Civil foi desencadeada ap\u00f3s informa\u00e7\u00f5es darem conta de que os suspeitos estariam escondidos em um matagal.<\/p>\n<p>Ap\u00f3s levantamentos, dois menores foram localizados e confessaram a participa\u00e7\u00e3o no roubo, delatando, ainda, um terceiro menor que seria o mentor da a\u00e7\u00e3o.<\/p>\n<p>Ap\u00f3s seis horas de buscas, o terceiro menor foi localizado em um matagal e tamb\u00e9m confessou a participa\u00e7\u00e3o no roubo informando que os materiais roubados estavam em um matagal e a arma de fogo estava na resid\u00eancia de outro adolescente. Na resid\u00eancia foram encontradas duas armas de fogo sendo uma garrucha de dois canos e uma garrucha polveira.<\/p>\n<p>Os materiais roubados foram recuperados, as armas e os quatro menores foram apreendidos e encaminhados para a Delegacia de Jequitinhonha.<\/p>\n<p><img decoding=\"async\" src=\"http:\/\/aconteceunovale.com.br\/portal\/wp-content\/uploads\/2014\/03\/operacao_pc_pm_almenara_18_1.jpg\" alt=\"\" \/><\/p>\n<p><img decoding=\"async\" src=\"http:\/\/aconteceunovale.com.br\/portal\/wp-content\/uploads\/2014\/03\/operacao_pc_pm_almenara_18_2.jpg\" alt=\"\" \/><\/p>\n<p><em>(Via Radar do Vale)<\/em><\/p>\n","protected":false},"excerpt":{"rendered":"<p>Uma den\u00fancia an\u00f4nima levou \u00e0 pris\u00e3o de 04 suspeitos de envolvimento em um roubo ocorrido no dia 13 de mar\u00e7o na cidade de Joa\u00edma\/MG, no Vale do Jequitinhonha. Uma opera\u00e7\u00e3o conjunta da Pol\u00edcia Militar e Pol\u00edcia Civil foi desencadeada ap\u00f3s informa\u00e7\u00f5es darem conta de que os suspeitos estariam escondidos em um matagal. Ap\u00f3s levantamentos, dois [&hellip;]<\/p>\n","protected":false},"author":1,"featured_media":24019,"comment_status":"open","ping_status":"closed","sticky":false,"template":"","format":"standard","meta":{"amp_status":"","footnotes":""},"categories":[120],"tags":[1018,611,5673],"class_list":["post-24018","post","type-post","status-publish","format-standard","has-post-thumbnail","hentry","category-jequi","tag-destaque","tag-joaima","tag-operacao-conjunta-entre-policia-militar-e-civil-apreende-quatro-menores-em-joaima"],"_links":{"self":[{"href":"https:\/\/aconteceunovale.com.br\/portal\/index.php?rest_route=\/wp\/v2\/posts\/24018","targetHints":{"allow":["GET"]}}],"collection":[{"href":"https:\/\/aconteceunovale.com.br\/portal\/index.php?rest_route=\/wp\/v2\/posts"}],"about":[{"href":"https:\/\/aconteceunovale.com.br\/portal\/index.php?rest_route=\/wp\/v2\/types\/post"}],"author":[{"embeddable":true,"href":"https:\/\/aconteceunovale.com.br\/portal\/index.php?rest_route=\/wp\/v2\/users\/1"}],"replies":[{"embeddable":true,"href":"https:\/\/aconteceunovale.com.br\/portal\/index.php?rest_route=%2Fwp%2Fv2%2Fcomments&post=24018"}],"version-history":[{"count":0,"href":"https:\/\/aconteceunovale.com.br\/portal\/index.php?rest_route=\/wp\/v2\/posts\/24018\/revisions"}],"wp:featuredmedia":[{"embeddable":true,"href":"https:\/\/aconteceunovale.com.br\/portal\/index.php?rest_route=\/wp\/v2\/media\/24019"}],"wp:attachment":[{"href":"https:\/\/aconteceunovale.com.br\/portal\/index.php?rest_route=%2Fwp%2Fv2%2Fmedia&parent=24018"}],"wp:term":[{"taxonomy":"category","embeddable":true,"href":"https:\/\/aconteceunovale.com.br\/portal\/index.php?rest_route=%2Fwp%2Fv2%2Fcategories&post=24018"},{"taxonomy":"post_tag","embeddable":true,"href":"https:\/\/aconteceunovale.com.br\/portal\/index.php?rest_route=%2Fwp%2Fv2%2Ftags&post=24018"}],"curies":[{"name":"wp","href":"https:\/\/api.w.org\/{rel}","templated":true}]}}