{"id":24009,"date":"2014-03-18T15:58:33","date_gmt":"2014-03-18T18:58:33","guid":{"rendered":"http:\/\/aconteceunovale.com.br\/portal\/?p=24009"},"modified":"2014-03-19T09:29:50","modified_gmt":"2014-03-19T12:29:50","slug":"conceicao-do-mato-dentro-e-regiao-ganham-usina-de-triagem-e-compostagem","status":"publish","type":"post","link":"https:\/\/aconteceunovale.com.br\/portal\/?p=24009","title":{"rendered":"Concei\u00e7\u00e3o do Mato Dentro e regi\u00e3o ganham Usina de Triagem e Compostagem"},"content":{"rendered":"<p>O Centro Mineiro de Refer\u00eancia em Res\u00edduos (CMRR), em parceria com as prefeituras de Alvorada de Minas, Dom Joaquim e Concei\u00e7\u00e3o do Mato Dentro, vai  inaugurar esta semana uma Usina de Triagem e Compostagem de lixo (UTC) no M\u00e9dio Espinha\u00e7o. A usina faz parte do projeto \u201cGerenciamento de Res\u00edduos S\u00f3lidos com Inclus\u00e3o Socioprodutiva e Gera\u00e7\u00e3o de Trabalho e Renda para Munic\u00edpios em Torno do Empreendimento Minas-Rio\u201d e  foi constru\u00edda em Concei\u00e7\u00e3o do Mato Dentro.<\/p>\n<p><img decoding=\"async\" src=\"http:\/\/aconteceunovale.com.br\/portal\/wp-content\/uploads\/2014\/03\/coleta_seletiva_cmd_18.jpg\" alt=\"\" \/><br \/>\n<em><strong>A Associa\u00e7\u00e3o dos Catadores de Materiais de Recicl\u00e1veis de Concei\u00e7\u00e3o do Mato Dentro  iniciou o trabalho de coleta seletiva nesta segunda-feira, 16 de mar\u00e7o &#8211; Foto: Divulga\u00e7\u00e3o Prefeitura Municipal<\/strong><\/em><\/p>\n<p>O projeto oferece aos munic\u00edpios assessoria t\u00e9cnica para a estrutura\u00e7\u00e3o e operacionaliza\u00e7\u00e3o da UTC, implanta\u00e7\u00e3o do aterro sanit\u00e1rio intermunicipal consorciado e da coleta seletiva, al\u00e9m da constitui\u00e7\u00e3o da Associa\u00e7\u00e3o dos Catadores de Materiais Recicl\u00e1veis da regi\u00e3o.<\/p>\n<p>Por interm\u00e9dio do CMRR, o projeto de coleta seletiva resulta de parceria com a Anglo American e o Servi\u00e7o Volunt\u00e1rio de Assist\u00eancia Social (Servas) e beneficiar\u00e1  cerca de 27 mil pessoas nas localidades de Alvorada de Minas, Dom Joaquim e Concei\u00e7\u00e3o do Mato Dentro.<\/p>\n<p>A coleta seletiva em Concei\u00e7\u00e3o do Mato Dentro partiu de um diagn\u00f3stico do sistema de limpeza p\u00fablica, que ser\u00e1 entregue no lan\u00e7amento, quando foram identificados os catadores da regi\u00e3o e a caracteriza\u00e7\u00e3o gravim\u00e9trica dos res\u00edduos. Nessa UTC foram investidos R$ 800 mil. O projeto j\u00e1 realizou a reforma e amplia\u00e7\u00e3o da Usina de Triagem e Compostagem de Dom Joaquim, conclu\u00edda em 2012, e atualmente em funcionamento.<\/p>\n<p>Jos\u00e9 Aparecido Gon\u00e7alves, diretor executivo do CMRR, explica que o projeto tem como fundamento apoiar os munic\u00edpios na consolida\u00e7\u00e3o do sistema consorciado para a gest\u00e3o e tratamento dos res\u00edduos. A prioridade \u00e9 a implanta\u00e7\u00e3o da coleta seletiva por munic\u00edpio, de modo a assegurar a inclus\u00e3o socioprodutiva dos catadores de materiais recicl\u00e1veis.<\/p>\n<p>Para o gerente de Recursos H\u00eddricos e Engenharia Ambiental da Unidade de Neg\u00f3cio de Min\u00e9rio de Ferro Brasil da Anglo American,  Leonardo Mitre, \u201ca inaugura\u00e7\u00e3o da UTC de Concei\u00e7\u00e3o do Mato Dentro trar\u00e1 benef\u00edcios ambientais, como uma menor quantidade de res\u00edduos dispostos no meio ambiente do munic\u00edpio e tamb\u00e9m contribu\u00edra para a gera\u00e7\u00e3o de emprego e renda dos catadores da cidade com a venda de material recicl\u00e1vel\u201d.<\/p>\n<h3><strong>CMRR<\/strong><\/h3>\n<p>O CMRR \u00e9 uma iniciativa pioneira do Governo de Minas por meio da Secretaria de Estado de Meio Ambiente e Desenvolvimento Sustent\u00e1vel \u2013 Semad, da Funda\u00e7\u00e3o Estadual do Meio Ambiente \u2013 Feam, do Servi\u00e7o Volunt\u00e1rio de Assist\u00eancia Social \u2013 Servas, em parceria com o Sebrae Minas e apoio de empresas e entidades de classe.<\/p>\n<p>Al\u00e9m de apoiar munic\u00edpios e cidad\u00e3os na busca de uma nova consci\u00eancia ambiental, o CMRR oferece oportunidades para a gera\u00e7\u00e3o de renda e inclus\u00e3o socioprodutiva dos catadores de materiais recicl\u00e1veis.<\/p>\n<p><strong>Informa\u00e7\u00f5es:<\/strong> Inaugura\u00e7\u00e3o da Usina de Triagem e Compostagem<br \/>\n<strong>Data:<\/strong> 20 de mar\u00e7o<br \/>\n<strong>Hor\u00e1rio:<\/strong> 9h<br \/>\n<strong>Endere\u00e7o:<\/strong> MG 10 S\/N\u00ba &#8211; Concei\u00e7\u00e3o do Mato Dentro.<\/p>\n<p><strong>Semin\u00e1rio de Lan\u00e7amento da Coleta Seletiva \/ C\u00e2mara Municipal<\/strong><\/p>\n<p><strong>Data:<\/strong> 20 de mar\u00e7o<br \/>\n<strong>Hor\u00e1rio:<\/strong> 10h15<br \/>\n<strong>Endere\u00e7o:<\/strong> Av. Juscelino Kubitschek, 380, Concei\u00e7\u00e3o do Mato Dentro<\/p>\n","protected":false},"excerpt":{"rendered":"<p>O Centro Mineiro de Refer\u00eancia em Res\u00edduos (CMRR), em parceria com as prefeituras de Alvorada de Minas, Dom Joaquim e Concei\u00e7\u00e3o do Mato Dentro, vai inaugurar esta semana uma Usina de Triagem e Compostagem de lixo (UTC) no M\u00e9dio Espinha\u00e7o. A usina faz parte do projeto \u201cGerenciamento de Res\u00edduos S\u00f3lidos com Inclus\u00e3o Socioprodutiva e Gera\u00e7\u00e3o [&hellip;]<\/p>\n","protected":false},"author":1,"featured_media":24010,"comment_status":"open","ping_status":"closed","sticky":false,"template":"","format":"standard","meta":{"amp_status":"","footnotes":""},"categories":[123],"tags":[972,628,5664,1018,775,5665],"class_list":["post-24009","post","type-post","status-publish","format-standard","has-post-thumbnail","hentry","category-gerais","tag-alvorada-de-minas","tag-conceicao-do-mato-dentro","tag-conceicao-do-mato-dentro-e-regiao-ganham-usina-de-triagem-e-compostagem","tag-destaque","tag-dom-joaquim","tag-usina-de-triagem-e-compostagem-de-lixo-no-medio-espinhaco"],"_links":{"self":[{"href":"https:\/\/aconteceunovale.com.br\/portal\/index.php?rest_route=\/wp\/v2\/posts\/24009","targetHints":{"allow":["GET"]}}],"collection":[{"href":"https:\/\/aconteceunovale.com.br\/portal\/index.php?rest_route=\/wp\/v2\/posts"}],"about":[{"href":"https:\/\/aconteceunovale.com.br\/portal\/index.php?rest_route=\/wp\/v2\/types\/post"}],"author":[{"embeddable":true,"href":"https:\/\/aconteceunovale.com.br\/portal\/index.php?rest_route=\/wp\/v2\/users\/1"}],"replies":[{"embeddable":true,"href":"https:\/\/aconteceunovale.com.br\/portal\/index.php?rest_route=%2Fwp%2Fv2%2Fcomments&post=24009"}],"version-history":[{"count":0,"href":"https:\/\/aconteceunovale.com.br\/portal\/index.php?rest_route=\/wp\/v2\/posts\/24009\/revisions"}],"wp:featuredmedia":[{"embeddable":true,"href":"https:\/\/aconteceunovale.com.br\/portal\/index.php?rest_route=\/wp\/v2\/media\/24010"}],"wp:attachment":[{"href":"https:\/\/aconteceunovale.com.br\/portal\/index.php?rest_route=%2Fwp%2Fv2%2Fmedia&parent=24009"}],"wp:term":[{"taxonomy":"category","embeddable":true,"href":"https:\/\/aconteceunovale.com.br\/portal\/index.php?rest_route=%2Fwp%2Fv2%2Fcategories&post=24009"},{"taxonomy":"post_tag","embeddable":true,"href":"https:\/\/aconteceunovale.com.br\/portal\/index.php?rest_route=%2Fwp%2Fv2%2Ftags&post=24009"}],"curies":[{"name":"wp","href":"https:\/\/api.w.org\/{rel}","templated":true}]}}