{"id":24003,"date":"2014-03-18T12:14:15","date_gmt":"2014-03-18T15:14:15","guid":{"rendered":"http:\/\/aconteceunovale.com.br\/portal\/?p=24003"},"modified":"2014-03-19T00:06:48","modified_gmt":"2014-03-19T03:06:48","slug":"vereador-pede-cassacao-do-prefeito-de-capelinha-durante-reuniao-ordinaria-da-camara-municipal","status":"publish","type":"post","link":"https:\/\/aconteceunovale.com.br\/portal\/?p=24003","title":{"rendered":"Vereadores discutem assuntos importantes durante reuni\u00e3o ordin\u00e1ria da C\u00e2mara Municipal de Capelinha"},"content":{"rendered":"<p>Aconteceu nesta segunda-feira, 17 de mar\u00e7o, uma reuni\u00e3o ordin\u00e1ria da C\u00e2mara Municipal de Capelinha, no Vale do Jequitinhonha. V\u00e1rios temas foram debatidos pela casa durante o encontro, entre eles, o pedido de cassa\u00e7\u00e3o do mandato do atual prefeito Zezinho da Vitalina, desapropria\u00e7\u00e3o de lote para implanta\u00e7\u00e3o da UFVJM e insatisfa\u00e7\u00e3o com os servi\u00e7os prestados pela COPASA.<\/p>\n<p><img decoding=\"async\" src=\"http:\/\/aconteceunovale.com.br\/portal\/wp-content\/uploads\/2014\/03\/reuniao_camara_17_03_2.jpg\" alt=\"\" \/><br \/>\n<em>(Vereador Tadeu Filipe &#8220;Tadeuzinho&#8221;, pediu a cassa\u00e7\u00e3o do prefeito por neglig\u00eancia &#8211; Foto: Divulga\u00e7\u00e3o)<\/em><\/p>\n<p>Durante a reuni\u00e3o foi declarado tamb\u00e9m que uma comiss\u00e3o concluiu a investiga\u00e7\u00e3o da folha anal\u00edtica do funcionalismo do munic\u00edpio, e o vereador Luciano do Mundo Animal chegou a seguinte conclus\u00e3o: \u201cH\u00e1 casos em que funcion\u00e1rios est\u00e3o recebendo para serem chefes de ningu\u00e9m. Tem muito cacique para pouco \u00edndio!\u201d, disse o vereador.<\/p>\n<p>Durante a reuni\u00e3o, os vereadores tamb\u00e9m colocaram em vota\u00e7\u00e3o o projeto de lei 017\/2014 que autoriza a desapropria\u00e7\u00e3o de \u00e1rea rural de 50 hectares para constru\u00e7\u00e3o do Campus da Universidade Federal dos Vales do Jequitinhonha e Mucuri. O projeto foi aprovado por unanimidade. Uma grande vit\u00f3ria para todos que foram as ruas clamarem pela instala\u00e7\u00e3o do campus na cidade.<\/p>\n<p><img decoding=\"async\" src=\"http:\/\/aconteceunovale.com.br\/portal\/wp-content\/uploads\/2014\/03\/reuniao_camara_17_03_3.jpg\" alt=\"\" \/><br \/>\n<em>(Vereadores aprovaram por unanimidade a desapropria\u00e7\u00e3o do terreno para constru\u00e7\u00e3o do campus da UFVJM &#8211; Foto: Cleuber Luiz)<\/em><\/p>\n<h4><strong>Insatisfa\u00e7\u00e3o com a COPASA<\/strong><\/h4>\n<p>A insatisfa\u00e7\u00e3o com os servi\u00e7os prestados pela COPASA esteve mais uma vez em evid\u00eancia na C\u00e2mara de Vereadores. Na noite desta segunda-feira, todos foram unanimes em dizer que o contrato foi feito em 2005 as escondidas. De acordo com o que foi relatado, os vereadores pediram a participa\u00e7\u00e3o da C\u00e2mara na elabora\u00e7\u00e3o do contrato, mas por motivos obscuros, o mesmo foi mal elaborado, deixando a cidade nas m\u00e3os da empresa prestadora de servi\u00e7os de \u00e1gua e esgoto. Para o vereador Tadeu Filipe, \u201cA COPASA recebe para sujar o C\u00f3rrego Are\u00e3o\u201d. <\/p>\n<h4><strong>Insatisfa\u00e7\u00e3o com veto ao projeto que regulamenta capelinhense<\/strong><\/h4>\n<p>O vereador Cleuber Luiz, demonstrou sua insatisfa\u00e7\u00e3o quanto ao veto do projeto de lei de sua autoria por parte do prefeito municipal. O projeto de lei visa \u00e0 regulamenta\u00e7\u00e3o da Festa do Capelinhense Ausente. <\/p>\n<p><img decoding=\"async\" src=\"http:\/\/aconteceunovale.com.br\/portal\/wp-content\/uploads\/2014\/03\/reuniao_camara_17_03_1.jpg\" alt=\"\" \/><br \/>\n<em>(A popula\u00e7\u00e3o lotou o plen\u00e1rio da C\u00e2mara &#8211; Foto: Cleuber Luiz)<\/em><\/p>\n<h4><strong>Racha na C\u00e2mara<\/strong><\/h4>\n<p>Durante a reuni\u00e3o, v\u00e1rios vereadores citaram que dois membros da casa e um secret\u00e1rio da prefeitura tentaram pressionar o presidente da C\u00e2mara para dispensar a diretora. De acordo com o relatado, os vereadores chegaram a dizer: \u201cOu ela ou n\u00f3s\u201d, o que motivou o presidente Laerte Barrinha a responder: \u201cVoc\u00eas podem se retirar, se realmente tiverem palavra\u201d<\/p>\n<h4><strong>Investiga\u00e7\u00e3o da Pol\u00edcia Federal<\/strong><\/h4>\n<p>O Vereador Jailson Pereira colocou a disposi\u00e7\u00e3o da C\u00e2mara um dossi\u00ea de documentos contendo informa\u00e7\u00f5es sobre a investiga\u00e7\u00e3o da Pol\u00edcia Federal que aponta Capelinha como cidade lesada e provas de quem s\u00e3o seus corruptores.  O vereador finalizou com a seguinte frase: \u201cEm 60 dias a Pol\u00edcia Federal vir\u00e1 prender todos os envolvidos, pois o delegado disse que em Capelinha n\u00e3o h\u00e1 santinhos\u201d.  O vereador Gedalvo completou, o grande erro do prefeito foi ir para uma das r\u00e1dios da cidade falar que o ex-prefeito era inocente.<\/p>\n<h4><strong>Vereador pode pedir cassa\u00e7\u00e3o do prefeito por neglig\u00eancia<\/strong><\/h4>\n<p>O vereador Tadeu Filipe, comentou sobre o desrespeito do executivo ao n\u00e3o responder \u00e0s solicita\u00e7\u00f5es de informa\u00e7\u00f5es documentais e de dados que s\u00e3o solicitados pelo legislativo. Tadeuzinho interpretou o fato como neglig\u00eancia e disse que poder\u00e1 solicitar a cassa\u00e7\u00e3o do Prefeito Zezinho da Vitalina. \u201cO Zezinho \u00e9 um homem bom, mas est\u00e1 muito mal assessorado. Muitas das nossas correspond\u00eancias nem chegam at\u00e9 ele, mas pela incompet\u00eancia de sua assessoria ele pode sofrer as consequ\u00eancias, portanto por neglig\u00eancia, posso at\u00e9 pedir a cassa\u00e7\u00e3o do senhor Prefeito, se esse for o caso\u201d.<\/p>\n<h4><strong>Requerimentos<\/strong><\/h4>\n<p>V\u00e1rios requerimentos faziam parte da reuni\u00e3o desta segunda-feira, 17 de mar\u00e7o, entre eles o de n\u00famero 022\/2014, de autoria dos vereadores Jailson Pereira, Tadeu Filipe, Luciano do Mundo Animal e Roberval, sobre o envio de c\u00f3pia do processo licitat\u00f3rio da edi\u00e7\u00e3o da Revista do Centen\u00e1rio de Capelinha, bem como levantamento de pagamentos efetuados no mandato anterior a um jornal da cidade. <em>(Por Lourival Brito, com altera\u00e7\u00f5es)<\/em><\/p>\n","protected":false},"excerpt":{"rendered":"<p>Aconteceu nesta segunda-feira, 17 de mar\u00e7o, uma reuni\u00e3o ordin\u00e1ria da C\u00e2mara Municipal de Capelinha, no Vale do Jequitinhonha. V\u00e1rios temas foram debatidos pela casa durante o encontro, entre eles, o pedido de cassa\u00e7\u00e3o do mandato do atual prefeito Zezinho da Vitalina, desapropria\u00e7\u00e3o de lote para implanta\u00e7\u00e3o da UFVJM e insatisfa\u00e7\u00e3o com os servi\u00e7os prestados pela [&hellip;]<\/p>\n","protected":false},"author":1,"featured_media":24004,"comment_status":"open","ping_status":"closed","sticky":false,"template":"","format":"standard","meta":{"amp_status":"","footnotes":""},"categories":[120],"tags":[132,5663,1018,250,5662],"class_list":["post-24003","post","type-post","status-publish","format-standard","has-post-thumbnail","hentry","category-jequi","tag-capelinha","tag-construcao-do-campus-da-ufvjm","tag-destaque","tag-ufvjm","tag-vereador-pede-cassacao-do-prefeito-de-capelinha-durante-reuniao-ordinaria-da-camara-municipal"],"_links":{"self":[{"href":"https:\/\/aconteceunovale.com.br\/portal\/index.php?rest_route=\/wp\/v2\/posts\/24003","targetHints":{"allow":["GET"]}}],"collection":[{"href":"https:\/\/aconteceunovale.com.br\/portal\/index.php?rest_route=\/wp\/v2\/posts"}],"about":[{"href":"https:\/\/aconteceunovale.com.br\/portal\/index.php?rest_route=\/wp\/v2\/types\/post"}],"author":[{"embeddable":true,"href":"https:\/\/aconteceunovale.com.br\/portal\/index.php?rest_route=\/wp\/v2\/users\/1"}],"replies":[{"embeddable":true,"href":"https:\/\/aconteceunovale.com.br\/portal\/index.php?rest_route=%2Fwp%2Fv2%2Fcomments&post=24003"}],"version-history":[{"count":0,"href":"https:\/\/aconteceunovale.com.br\/portal\/index.php?rest_route=\/wp\/v2\/posts\/24003\/revisions"}],"wp:featuredmedia":[{"embeddable":true,"href":"https:\/\/aconteceunovale.com.br\/portal\/index.php?rest_route=\/wp\/v2\/media\/24004"}],"wp:attachment":[{"href":"https:\/\/aconteceunovale.com.br\/portal\/index.php?rest_route=%2Fwp%2Fv2%2Fmedia&parent=24003"}],"wp:term":[{"taxonomy":"category","embeddable":true,"href":"https:\/\/aconteceunovale.com.br\/portal\/index.php?rest_route=%2Fwp%2Fv2%2Fcategories&post=24003"},{"taxonomy":"post_tag","embeddable":true,"href":"https:\/\/aconteceunovale.com.br\/portal\/index.php?rest_route=%2Fwp%2Fv2%2Ftags&post=24003"}],"curies":[{"name":"wp","href":"https:\/\/api.w.org\/{rel}","templated":true}]}}