{"id":23995,"date":"2014-03-18T11:31:53","date_gmt":"2014-03-18T14:31:53","guid":{"rendered":"http:\/\/aconteceunovale.com.br\/portal\/?p=23995"},"modified":"2014-03-18T11:31:53","modified_gmt":"2014-03-18T14:31:53","slug":"prefeitos-do-alto-jequitinhonha-solicitam-ao-governador-anastasia-mais-investimentos-na-regiao","status":"publish","type":"post","link":"https:\/\/aconteceunovale.com.br\/portal\/?p=23995","title":{"rendered":"Prefeitos do Alto Jequitinhonha solicitam ao Governador Anastasia mais investimentos na regi\u00e3o"},"content":{"rendered":"<p>O Governador do Estado de Minas Gerais, Antonio Anastasia, recebeu, na tarde do dia 17\/03, no Pal\u00e1cio Tiradentes, na Cidade Administrativa, 15 prefeitos ligados \u00e0 Associa\u00e7\u00e3o dos Munic\u00edpios da Microrregi\u00e3o do Alto Jequitinhonha (AMAJE). <\/p>\n<p>Na reuni\u00e3o, conduzida pelo Presidente da Associa\u00e7\u00e3o, Prefeito de Angel\u00e2ndia, Thiago Pimenta, foram debatidos assuntos ligados a investimentos na infraestrutura, seguran\u00e7a, sa\u00fade, regulariza\u00e7\u00e3o fundi\u00e1ria, educa\u00e7\u00e3o, agricultura e desenvolvimento econ\u00f4mico nos munic\u00edpios associados.<\/p>\n<p>Dentre as cobran\u00e7as feitas ao Governador estava a libera\u00e7\u00e3o do pagamento referente aos recursos do ProMunic\u00edpio em at\u00e9 30 dias, fortalecimento dos hospitais regionais e microrregionais do Alto Jequitinhonha, cria\u00e7\u00e3o de uma Superintend\u00eancia de Desenvolvimento do Vale do Jequitinhonha, nos moldes da antiga Codevale, pedido de pavimenta\u00e7\u00e3o de v\u00e1rios trechos rodovi\u00e1rios que cortam a regi\u00e3o, implanta\u00e7\u00e3o e melhorias urgentes dos servi\u00e7os prestados pela Copanor e Copasa, desburocratiza\u00e7\u00e3o dos financiamentos do BDMG e agilidade na libera\u00e7\u00e3o de medicamentos para os munic\u00edpios. Al\u00e9m dessas solicita\u00e7\u00f5es, a comitiva da AMAJE aproveitou o momento para entregar ao Governador o projeto para capita\u00e7\u00e3o de recursos para constru\u00e7\u00e3o do alambrado no Pres\u00eddio Regional de Diamantina. <\/p>\n<p>Atento \u00e0s reivindica\u00e7\u00f5es, Anastasia parabenizou a demonstra\u00e7\u00e3o de uni\u00e3o dos Prefeitos da regi\u00e3o e aproveitou para ressaltar que o Estado tem se pautado pela causa municipalista. Contudo, o Governador mencionou que as solicita\u00e7\u00f5es ser\u00e3o analisadas e que algumas, como a libera\u00e7\u00e3o dos recursos do ProMunic\u00edpio, est\u00e3o ligadas diretamente a burocracia.<\/p>\n<p>Participaram da reuni\u00e3o com o Governador do Estado, Antonio Anastasia, os Prefeitos: Erildo Gomes (Itamarandiba), Thiago Pimenta (Angel\u00e2ndia), Paulo C\u00e9lio (Diamantina), Zezinho da Vitalina, (Capelinha), Arlete Azevedo (Aricanduva), Hernane Araujo (Senador Modestino Gon\u00e7alves), Waldemar Fran\u00e7a &#8211; \u201cNinha\u201d (Couto de Magalh\u00e3es de Minas), Sidnei Fernandes &#8211; \u201cNei do Vino\u201d (Veredinha), Irineu Soares (Leme do Prado), Gilberto Sousa (Minas Novas), Zilmar Lopes (Turmalina), M\u00e1rcio Moura \u2013 \u201cDr. Marcio\u201d (S\u00e3o Gon\u00e7alo do Rio Preto), Ronaldo Santana (Chapada do Norte), R\u00f4mulo dos Santos (Presidente Kubitschek) e Cecir Diamantino (Santo Ant\u00f4nio do Itamb\u00e9). <\/p>\n<p><img decoding=\"async\" src=\"http:\/\/aconteceunovale.com.br\/portal\/wp-content\/uploads\/2014\/03\/reuniao_prefeitos_anastasia_17_03_1.jpg\" alt=\"\" \/><\/p>\n<p><img decoding=\"async\" src=\"http:\/\/aconteceunovale.com.br\/portal\/wp-content\/uploads\/2014\/03\/reuniao_prefeitos_anastasia_17_03_2.jpg\" alt=\"\" \/><\/p>\n<p><img decoding=\"async\" src=\"http:\/\/aconteceunovale.com.br\/portal\/wp-content\/uploads\/2014\/03\/reuniao_prefeitos_anastasia_17_03_3.jpg\" alt=\"\" \/><\/p>\n<p><em>(Por Ernane Frois \/ Ascom Itamarandiba)<\/em><\/p>\n","protected":false},"excerpt":{"rendered":"<p>O Governador do Estado de Minas Gerais, Antonio Anastasia, recebeu, na tarde do dia 17\/03, no Pal\u00e1cio Tiradentes, na Cidade Administrativa, 15 prefeitos ligados \u00e0 Associa\u00e7\u00e3o dos Munic\u00edpios da Microrregi\u00e3o do Alto Jequitinhonha (AMAJE). Na reuni\u00e3o, conduzida pelo Presidente da Associa\u00e7\u00e3o, Prefeito de Angel\u00e2ndia, Thiago Pimenta, foram debatidos assuntos ligados a investimentos na infraestrutura, seguran\u00e7a, [&hellip;]<\/p>\n","protected":false},"author":1,"featured_media":23998,"comment_status":"open","ping_status":"closed","sticky":false,"template":"","format":"standard","meta":{"amp_status":"","footnotes":""},"categories":[120],"tags":[657,551,132,481,4115,1018,198,149,480,137,5659,5660,315,783,439,178,916],"class_list":["post-23995","post","type-post","status-publish","format-standard","has-post-thumbnail","hentry","category-jequi","tag-angelandia","tag-aricanduva","tag-capelinha","tag-chapada-do-norte","tag-couto-de-magalhaes-de-minas","tag-destaque","tag-diamantina","tag-itamarandiba","tag-leme-do-prado","tag-minas-novas","tag-prefeitos-do-alto-jequitinhonha-solicitam-ao-governador-anastasia-mais-investimentos-na-regiao","tag-presidente-kubitschek","tag-santo-antonio-do-itambe","tag-sao-goncalo-do-rio-preto","tag-senador-modestino-goncalves","tag-turmalina","tag-veredinha"],"_links":{"self":[{"href":"https:\/\/aconteceunovale.com.br\/portal\/index.php?rest_route=\/wp\/v2\/posts\/23995","targetHints":{"allow":["GET"]}}],"collection":[{"href":"https:\/\/aconteceunovale.com.br\/portal\/index.php?rest_route=\/wp\/v2\/posts"}],"about":[{"href":"https:\/\/aconteceunovale.com.br\/portal\/index.php?rest_route=\/wp\/v2\/types\/post"}],"author":[{"embeddable":true,"href":"https:\/\/aconteceunovale.com.br\/portal\/index.php?rest_route=\/wp\/v2\/users\/1"}],"replies":[{"embeddable":true,"href":"https:\/\/aconteceunovale.com.br\/portal\/index.php?rest_route=%2Fwp%2Fv2%2Fcomments&post=23995"}],"version-history":[{"count":0,"href":"https:\/\/aconteceunovale.com.br\/portal\/index.php?rest_route=\/wp\/v2\/posts\/23995\/revisions"}],"wp:featuredmedia":[{"embeddable":true,"href":"https:\/\/aconteceunovale.com.br\/portal\/index.php?rest_route=\/wp\/v2\/media\/23998"}],"wp:attachment":[{"href":"https:\/\/aconteceunovale.com.br\/portal\/index.php?rest_route=%2Fwp%2Fv2%2Fmedia&parent=23995"}],"wp:term":[{"taxonomy":"category","embeddable":true,"href":"https:\/\/aconteceunovale.com.br\/portal\/index.php?rest_route=%2Fwp%2Fv2%2Fcategories&post=23995"},{"taxonomy":"post_tag","embeddable":true,"href":"https:\/\/aconteceunovale.com.br\/portal\/index.php?rest_route=%2Fwp%2Fv2%2Ftags&post=23995"}],"curies":[{"name":"wp","href":"https:\/\/api.w.org\/{rel}","templated":true}]}}