{"id":23844,"date":"2014-03-16T11:05:40","date_gmt":"2014-03-16T14:05:40","guid":{"rendered":"http:\/\/aconteceunovale.com.br\/portal\/?p=23844"},"modified":"2014-03-16T12:34:53","modified_gmt":"2014-03-16T15:34:53","slug":"gravissimo-acidente-na-br-116-deixa-seis-vitimas-fatais","status":"publish","type":"post","link":"https:\/\/aconteceunovale.com.br\/portal\/?p=23844","title":{"rendered":"Grav\u00edssimo acidente na BR-116 deixa seis v\u00edtimas fatais"},"content":{"rendered":"<p>Um grav\u00edssimo acidente envolvendo tr\u00eas ve\u00edculos deixou seis pessoas mortas na altura do KM 313 da BR-116, em Itambacuri, na regi\u00e3o do Vale do Mucuri, no in\u00edcio da madrugada deste domingo (16\/03). Segundo informa\u00e7\u00f5es da Pol\u00edcia Rodovi\u00e1ria Federal, uma colis\u00e3o frontal entre uma carreta Scania e um P\u00e1lio, seguido pela colis\u00e3o de um caminh\u00e3o Mercedes Benz na carreta causou a trag\u00e9dia.<\/p>\n<p>Todos os cinco ocupantes do P\u00e1lio placa GSD-3283, de S\u00e3o Paulo, morreram. De acordo com o 6\u00ba Batalh\u00e3o do Corpo de Bombeiros, localizado em Te\u00f3filo Otoni, as v\u00edtimas Hermano Alves de Amorim (Motorista do P\u00e1lio), de 67 anos, Mariza Helena da Silva (Passageira do P\u00e1lio), 47, Jo\u00e3o Peter dos Santos Amorim (Passageiro do P\u00e1lio), 16, Paula Helena da Silva (Passageira do P\u00e1lio), 30, e Luiz Fernando da Silva Santos (Passageiro do P\u00e1lio), de 8 anos, que chegou a ser socorrido pelo SAMU, mas n\u00e3o resistiu aos ferimentos. <\/p>\n<p>A sexta v\u00edtima foi F\u00e1bio Costa Aguiar, de 49 anos, motorista do caminh\u00e3o placa OMF-3570, de Governador Valadares. A carreta placa BUP-0108, de Surubim (PE), ficou tombada na pista e o condutor fugiu do local. <\/p>\n<p>A pista da BR-116 ficou totalmente interditada por cerca de quatro horas. Sua libera\u00e7\u00e3o completa s\u00f3 aconteceu por volta das 5h. <\/p>\n<p>As circunst\u00e2ncias do acidente ainda n\u00e3o foram divulgadas pela PRF. Mas de acordo com conversa extraoficial com um dos policiais que atenderam a ocorr\u00eancia, a trag\u00e9dia pode ter sido provocada por uma ultrapassagem de forma irregular, j\u00e1 que a colis\u00e3o frontal ocorreu no in\u00edcio de uma curva. <\/p>\n<p>Ainda de acordo com o policial, testemunhas relataram que o motorista da carreta, que saiu do ve\u00edculo ileso, muito desesperado e gritando \u201cMeu Deus o que eu fiz? Eu n\u00e3o tive culpa!\u201d Ainda atordoado ele saiu correndo e at\u00e9 o momento n\u00e3o foi encontrado.<\/p>\n<p>Os cinco ocupantes do P\u00e1lio eram da mesma fam\u00edlia, os corpos foram necropsiados pelo Instituto M\u00e9dico Legal de Te\u00f3filo Otoni, na manh\u00e3 deste domingo.<\/p>\n<p><em><strong>(IMAGENS FORTES)<\/strong><\/em><\/p>\n<p><img decoding=\"async\" src=\"http:\/\/aconteceunovale.com.br\/portal\/wp-content\/uploads\/2014\/03\/fotos_acidente_itambacuri_11.jpg\" alt=\"\" \/><\/p>\n<p><img decoding=\"async\" src=\"http:\/\/aconteceunovale.com.br\/portal\/wp-content\/uploads\/2014\/03\/fotos_acidente_itambacuri_12.jpg\" alt=\"\" \/><\/p>\n<p><img decoding=\"async\" src=\"http:\/\/aconteceunovale.com.br\/portal\/wp-content\/uploads\/2014\/03\/fotos_acidente_itambacuri_10.jpg\" alt=\"\" \/><\/p>\n<p><img decoding=\"async\" src=\"http:\/\/aconteceunovale.com.br\/portal\/wp-content\/uploads\/2014\/03\/acidente_proximo_itambacuri_16_2.jpg\" alt=\"\" \/><\/p>\n<p><img decoding=\"async\" src=\"http:\/\/aconteceunovale.com.br\/portal\/wp-content\/uploads\/2014\/03\/acidente_proximo_itambacuri_16_3.jpg\" alt=\"\" \/><\/p>\n<p><img decoding=\"async\" src=\"http:\/\/aconteceunovale.com.br\/portal\/wp-content\/uploads\/2014\/03\/acidente_proximo_itambacuri_16_4.jpg\" alt=\"\" \/><\/p>\n<p><em>(Fotos cedidas pelo rep\u00f3rter Elvis Passos)<\/em><\/p>\n","protected":false},"excerpt":{"rendered":"<p>Um grav\u00edssimo acidente envolvendo tr\u00eas ve\u00edculos deixou seis pessoas mortas na altura do KM 313 da BR-116, em Itambacuri, na regi\u00e3o do Vale do Mucuri, no in\u00edcio da madrugada deste domingo (16\/03). Segundo informa\u00e7\u00f5es da Pol\u00edcia Rodovi\u00e1ria Federal, uma colis\u00e3o frontal entre uma carreta Scania e um P\u00e1lio, seguido pela colis\u00e3o de um caminh\u00e3o Mercedes [&hellip;]<\/p>\n","protected":false},"author":1,"featured_media":23861,"comment_status":"open","ping_status":"closed","sticky":false,"template":"","format":"standard","meta":{"amp_status":"","footnotes":""},"categories":[121],"tags":[1018,5586,247,5578,5579,5580,5582,5581,5583,5584,5585,5587,164],"class_list":["post-23844","post","type-post","status-publish","format-standard","has-post-thumbnail","hentry","category-leste","tag-destaque","tag-fabio-costa-aguiar","tag-governador-valadares","tag-gravissimo-acidente-na-br-116-deixa-seis-vitimas-fatais","tag-gravissimo-acidente-proximo-a-itambacuri-deixa-seis-vitimas-fatais","tag-gravissimo-acidente-proximo-a-teofilo-otoni-deixa-seis-vitimas-fatais","tag-hermano-alves-amorim","tag-joao-peter-da-silva-amorim","tag-luis-fernando-da-silva-santos","tag-marisa-helena-amorim","tag-paula-helena-da-silva","tag-surubim","tag-teofilo-otoni"],"_links":{"self":[{"href":"https:\/\/aconteceunovale.com.br\/portal\/index.php?rest_route=\/wp\/v2\/posts\/23844","targetHints":{"allow":["GET"]}}],"collection":[{"href":"https:\/\/aconteceunovale.com.br\/portal\/index.php?rest_route=\/wp\/v2\/posts"}],"about":[{"href":"https:\/\/aconteceunovale.com.br\/portal\/index.php?rest_route=\/wp\/v2\/types\/post"}],"author":[{"embeddable":true,"href":"https:\/\/aconteceunovale.com.br\/portal\/index.php?rest_route=\/wp\/v2\/users\/1"}],"replies":[{"embeddable":true,"href":"https:\/\/aconteceunovale.com.br\/portal\/index.php?rest_route=%2Fwp%2Fv2%2Fcomments&post=23844"}],"version-history":[{"count":0,"href":"https:\/\/aconteceunovale.com.br\/portal\/index.php?rest_route=\/wp\/v2\/posts\/23844\/revisions"}],"wp:featuredmedia":[{"embeddable":true,"href":"https:\/\/aconteceunovale.com.br\/portal\/index.php?rest_route=\/wp\/v2\/media\/23861"}],"wp:attachment":[{"href":"https:\/\/aconteceunovale.com.br\/portal\/index.php?rest_route=%2Fwp%2Fv2%2Fmedia&parent=23844"}],"wp:term":[{"taxonomy":"category","embeddable":true,"href":"https:\/\/aconteceunovale.com.br\/portal\/index.php?rest_route=%2Fwp%2Fv2%2Fcategories&post=23844"},{"taxonomy":"post_tag","embeddable":true,"href":"https:\/\/aconteceunovale.com.br\/portal\/index.php?rest_route=%2Fwp%2Fv2%2Ftags&post=23844"}],"curies":[{"name":"wp","href":"https:\/\/api.w.org\/{rel}","templated":true}]}}