{"id":23836,"date":"2014-03-15T19:30:35","date_gmt":"2014-03-15T22:30:35","guid":{"rendered":"http:\/\/aconteceunovale.com.br\/portal\/?p=23836"},"modified":"2014-03-15T19:30:35","modified_gmt":"2014-03-15T22:30:35","slug":"18o-aniversario-de-jose-goncalves-de-minas","status":"publish","type":"post","link":"https:\/\/aconteceunovale.com.br\/portal\/?p=23836","title":{"rendered":"18\u00ba Anivers\u00e1rio de Jos\u00e9 Gon\u00e7alves de Minas"},"content":{"rendered":"<p>O munic\u00edpio de Jos\u00e9 Gon\u00e7alves de Minas, no Vale do Jequitinhonha, comemora no per\u00edodo de 28 a 30 de mar\u00e7o de 2014, o seu 18\u00ba Anivers\u00e1rio de Emancipa\u00e7\u00e3o Pol\u00edtico-Administrativo.<\/p>\n<p>No dia 28, sexta-feira, a festa ficar\u00e1 por conta dos artistas da terra e mega show com o sertanejo Rodrigo Ferri.<\/p>\n<p>J\u00e1 no s\u00e1bado, 29, ser\u00e1 a vez da popula\u00e7\u00e3o gon\u00e7alvense e amigos de outras cidades vizinhas curtirem os shows das bandas Rasta Chinela e Kuarto de Empregada.<\/p>\n<p>O evento ser\u00e1 encerrado com chave no domingo dia 30, com shows da explos\u00e3o baiana, banda Levada Louca e do forrozeiro Rob\u00e9rio e Seus Teclados.<\/p>\n<p>A realiza\u00e7\u00e3o do evento \u00e9 da Prefeitura Municipal de Jos\u00e9 Gon\u00e7alves de Minas, com produ\u00e7\u00e3o da Promov Eventos. O anivers\u00e1rio de Jos\u00e9 Gon\u00e7alves de Minas conta com apoio da Pol\u00edcia Militar e do Conselho Municipal do Patrim\u00f4nio Cultural.<\/p>\n<p>Jos\u00e9 Gon\u00e7alves de Minas espera por voc\u00ea!<\/p>\n<p><img decoding=\"async\" src=\"http:\/\/aconteceunovale.com.br\/portal\/wp-content\/uploads\/2014\/03\/aniversario_jose_goncalves_de_minas_18.jpg\" alt=\"\" \/><\/p>\n","protected":false},"excerpt":{"rendered":"<p>O munic\u00edpio de Jos\u00e9 Gon\u00e7alves de Minas, no Vale do Jequitinhonha, comemora no per\u00edodo de 28 a 30 de mar\u00e7o de 2014, o seu 18\u00ba Anivers\u00e1rio de Emancipa\u00e7\u00e3o Pol\u00edtico-Administrativo. No dia 28, sexta-feira, a festa ficar\u00e1 por conta dos artistas da terra e mega show com o sertanejo Rodrigo Ferri. J\u00e1 no s\u00e1bado, 29, ser\u00e1 [&hellip;]<\/p>\n","protected":false},"author":1,"featured_media":23837,"comment_status":"open","ping_status":"closed","sticky":false,"template":"","format":"standard","meta":{"amp_status":"","footnotes":""},"categories":[125],"tags":[5577,1018,917],"class_list":["post-23836","post","type-post","status-publish","format-standard","has-post-thumbnail","hentry","category-noticias","tag-18o-aniversario-de-jose-goncalves-de-minas","tag-destaque","tag-jose-goncalves-de-minas"],"_links":{"self":[{"href":"https:\/\/aconteceunovale.com.br\/portal\/index.php?rest_route=\/wp\/v2\/posts\/23836","targetHints":{"allow":["GET"]}}],"collection":[{"href":"https:\/\/aconteceunovale.com.br\/portal\/index.php?rest_route=\/wp\/v2\/posts"}],"about":[{"href":"https:\/\/aconteceunovale.com.br\/portal\/index.php?rest_route=\/wp\/v2\/types\/post"}],"author":[{"embeddable":true,"href":"https:\/\/aconteceunovale.com.br\/portal\/index.php?rest_route=\/wp\/v2\/users\/1"}],"replies":[{"embeddable":true,"href":"https:\/\/aconteceunovale.com.br\/portal\/index.php?rest_route=%2Fwp%2Fv2%2Fcomments&post=23836"}],"version-history":[{"count":0,"href":"https:\/\/aconteceunovale.com.br\/portal\/index.php?rest_route=\/wp\/v2\/posts\/23836\/revisions"}],"wp:featuredmedia":[{"embeddable":true,"href":"https:\/\/aconteceunovale.com.br\/portal\/index.php?rest_route=\/wp\/v2\/media\/23837"}],"wp:attachment":[{"href":"https:\/\/aconteceunovale.com.br\/portal\/index.php?rest_route=%2Fwp%2Fv2%2Fmedia&parent=23836"}],"wp:term":[{"taxonomy":"category","embeddable":true,"href":"https:\/\/aconteceunovale.com.br\/portal\/index.php?rest_route=%2Fwp%2Fv2%2Fcategories&post=23836"},{"taxonomy":"post_tag","embeddable":true,"href":"https:\/\/aconteceunovale.com.br\/portal\/index.php?rest_route=%2Fwp%2Fv2%2Ftags&post=23836"}],"curies":[{"name":"wp","href":"https:\/\/api.w.org\/{rel}","templated":true}]}}