{"id":23783,"date":"2014-03-14T22:09:53","date_gmt":"2014-03-15T01:09:53","guid":{"rendered":"http:\/\/aconteceunovale.com.br\/portal\/?p=23783"},"modified":"2014-03-14T22:09:53","modified_gmt":"2014-03-15T01:09:53","slug":"primeiro-aeroporto-industrial-do-brasil-e-inaugurado-em-minas-gerais","status":"publish","type":"post","link":"https:\/\/aconteceunovale.com.br\/portal\/?p=23783","title":{"rendered":"Primeiro aeroporto industrial do Brasil \u00e9 inaugurado em Minas Gerais"},"content":{"rendered":"<p>O governador Antonio Anastasia inaugurou, nesta sexta-feira (14\/03), em Lagoa Santa, na Regi\u00e3o Metropolitana de Belo Horizonte, o primeiro aeroporto industrial do pa\u00eds, que vai permitir \u00e0s empresas instaladas no local trabalharem em uma zona de suspens\u00e3o tribut\u00e1ria, sob regime de entreposto aduaneiro especial. O Governo de Minas investiu R$ 17 milh\u00f5es, por meio da Companhia de Desenvolvimento Econ\u00f4mico de Minas Gerais (Codemig), para a constru\u00e7\u00e3o e implementa\u00e7\u00e3o da infraestrutura do espa\u00e7o.<\/p>\n<p>Durante a solenidade, foi assinado memorando de entendimento entre o Governo de Minas e 17 institui\u00e7\u00f5es para o desenvolvimento e consolida\u00e7\u00e3o da Cadeia Produtiva de Bioquerosene para a Avia\u00e7\u00e3o no Estado de Minas Gerais.<\/p>\n<p>Anastasia destacou a import\u00e2ncia dos an\u00fancios realizados para o desenvolvimento n\u00e3o s\u00f3 do Vetor Norte, mas de todo o Estado. \u201cEstamos resgatando compromissos que fizemos em 2010, no in\u00edcio da nossa caminhada. O Vetor Norte como pilar do desenvolvimento, o Aeroporto Industrial como equipamento fundamental para permitir agrega\u00e7\u00e3o de valor aos produtos, aqui, desenvolvidos, e a inova\u00e7\u00e3o com rela\u00e7\u00e3o aos novos combust\u00edveis como elemento imprescind\u00edvel para o desenvolvimento tecnol\u00f3gico\u201d, afirmou o governador.<\/p>\n<p><img decoding=\"async\" src=\"http:\/\/aconteceunovale.com.br\/portal\/wp-content\/uploads\/2014\/03\/empreendimento-sera-administrado-pelo-concessionario-do-aitn-e-entra-em-operacao-em-agosto.jpg\" alt=\"\" \/><br \/>\n<em>(Empreendimento ser\u00e1 administrado pelo concession\u00e1rio do AITN e entra em opera\u00e7\u00e3o em agosto &#8211; Foto: Carlos Alberto\/Imprensa\/MG)<\/em><\/p>\n<h3><strong>Primeiro Aeroporto Industrial do pa\u00eds<\/strong><\/h3>\n<p>Localizado no s\u00edtio do Aeroporto Internacional Tancredo Neves (AITN), a iniciativa para implanta\u00e7\u00e3o do Aeroporto Industrial surgiu em uma parceria entre o Governo de Minas, a Receita Federal e a Empresa Brasileira de Infraestrutura Aeroportu\u00e1ria (Infraero). O Aeroporto Industrial \u00e9 um recinto alfandeg\u00e1rio credenciado para a realiza\u00e7\u00e3o de atividades de industrializa\u00e7\u00e3o, abrigando empresas n\u00e3o poluentes, voltadas principalmente para a exporta\u00e7\u00e3o e cuja produ\u00e7\u00e3o utilize intensivamente o modal a\u00e9reo, de modo a assegurar rapidez, agilidade e acessibilidade, tanto aos fornecedores quanto aos consumidores.<\/p>\n<p>Ao lado do vice-governador Alberto Pinto Coelho, Anastasia destacou a import\u00e2ncia do Aeroporto Industrial para Minas Gerais. \u201cEm parceria com a Infraero e com o cons\u00f3rcio que venceu a licita\u00e7\u00e3o para administrar o Aeroporto Internacional Tancredo Neves, vamos ter um equipamento que permitir\u00e1 n\u00e3o s\u00f3 a exporta\u00e7\u00e3o, mas, especialmente, a atra\u00e7\u00e3o de empreendimentos de alto valor agregado e tecnol\u00f3gico para o Vetor Norte. A ideia do primeiro Aeroporto Industrial do Brasil, que j\u00e1 vinha sendo acalentada h\u00e1 tantos anos, tem o prop\u00f3sito de trazer para o Vetor Norte, que j\u00e1 vem sendo t\u00e3o favorecido com investimentos expressivos, empresas que possam gerar empregos de maior qualidade ainda\u201d, disse o governador.<\/p>\n<p>Segundo o subsecret\u00e1rio de Investimentos Estrat\u00e9gicos da Secretaria de Estado de Desenvolvimento Econ\u00f4mico, Luiz Ant\u00f4nio Athayde, as primeiras empresas que se instalar\u00e3o no espa\u00e7o dever\u00e3o ser anunciadas a partir de agosto. Ser\u00e3o empreendimentos que utilizam alta tecnologia e ter\u00e3o todo o processo de importa\u00e7\u00e3o, de produ\u00e7\u00e3o e de reexporta\u00e7\u00e3o, de coloca\u00e7\u00e3o no mercado nacional e internacional, como se aqui fosse qualquer lugar do mundo. \u201cEnquanto os produtos tiverem sendo produzidos aqui, n\u00e3o h\u00e1 pagamento de qualquer tributo, seja ele estadual, federal ou municipal. H\u00e1 uma suspens\u00e3o tribut\u00e1ria, n\u00e3o uma isen\u00e7\u00e3o tribut\u00e1ria. Vamos ganhar tempo\u201d, destacou Athayde.<\/p>\n<p>O Aeroporto Industrial, j\u00e1 homologado pela Receita Federal, operou, de agosto de 2006 a dezembro de 2007, por meio de um projeto piloto com a empresa Clamper. Possui cerca de 8 mil metros quadrados de \u00e1rea constru\u00edda, sendo 4.456 mil metros quadrados do entreposto e 3.619 metros quadrados de \u00e1rea de manobra. O espa\u00e7o \u00e9 destinado \u00e0 Receita Federal, ao administrador do Aeroporto Industrial e possui um dep\u00f3sito de insumos na entrada e sa\u00edda, bem como \u00e1rea de apoio para as empresas que se instalar\u00e3o no local. O Governo de Minas realizou todo o investimento de infraestrutura em \u00e1rea de 46.000 mil metros quadrados, onde poder\u00e3o operar nove lotes, que podem ser ocupados por at\u00e9 nove empresas.<\/p>\n<p>O empreendimento ser\u00e1 administrado pelo concession\u00e1rio do AITN e entra em opera\u00e7\u00e3o a partir de agosto deste ano. As empresas interessadas j\u00e1 podem entrar em contato com a Secretaria de Estado de Desenvolvimento Econ\u00f4mico (Sede) e com o cons\u00f3rcio AeroBrasil. De acordo com a Sede, 20 empresas j\u00e1 manifestaram interesse em se instalar no espa\u00e7o. Para se instalarem no Aeroporto Industrial as empresas devem ser credenciadas pela Receita Federal.<\/p>\n<p>O Regime Especial de Entreposto Aduaneiro na Importa\u00e7\u00e3o e na Exporta\u00e7\u00e3o foi regulamentado por instru\u00e7\u00e3o normativa da Receita Federal que define as atividades permitidas, bem como os requisitos e procedimentos necess\u00e1rios para a ades\u00e3o das empresas. Este regime tem como similares no mundo as Zonas de Livre Com\u00e9rcio.<\/p>\n<p>Entre os empreendimentos que poder\u00e3o operar no Aeroporto Industrial est\u00e3o os dos segmentos aeroespacial, equipamentos eletr\u00f4nicos, ci\u00eancias da vida e tecnologia da informa\u00e7\u00e3o.  Tamb\u00e9m poder\u00e1 armazenar m\u00e1quinas ou equipamentos mec\u00e2nicos, eletromec\u00e2nicos, eletr\u00f4nicos ou de inform\u00e1tica, provis\u00f5es de bordo de aeronaves utilizadas no transporte comercial internacional, partes, pe\u00e7as e outros materiais de reposi\u00e7\u00e3o, manuten\u00e7\u00e3o ou reparo de aeronaves, al\u00e9m de equipamentos e instrumentos de uso aeron\u00e1utico.<\/p>\n<h3><strong>Cadeia de Bioquerosene<\/strong><\/h3>\n<p>O memorando de entendimento assinado durante o evento \u00e9 o primeiro passo para implementar uma plataforma institucional para desenvolver atividades e projetos colaborativos que levem \u00e0 consolida\u00e7\u00e3o de um Programa Mineiro de Desenvolvimento da Cadeia de Valor de Bioquerosene para a Avia\u00e7\u00e3o e o seu uso em bases econ\u00f4micas. O plano de a\u00e7\u00e3o para implementa\u00e7\u00e3o da plataforma mineira de biocombust\u00edvel dever\u00e1 ser discutido e acordado pelos participantes em at\u00e9 60 dias ap\u00f3s a assinatura do memorando.<\/p>\n<p>O objetivo \u00e9 transformar Minas Gerais na primeira plataforma integrada de produ\u00e7\u00e3o de BioQAv no Brasil, e o Aeroporto Internacional Tancredo Neves no primeiro aeroporto \u201cverde\u201d do Brasil. O BioQAv drop-in \u00e9 todo biocombust\u00edvel que possa ser misturado com combust\u00edvel f\u00f3ssil numa propor\u00e7\u00e3o definida sem requerer adapta\u00e7\u00e3o no avi\u00e3o ou nas turbinas.<\/p>\n<p>Al\u00e9m do Governo de Minas, assinaram o documento a Acrotech Sementes e Reflorestamento Ltda, Amyris Brasil Ltda, Associa\u00e7\u00e3o Brasileira das Empresas A\u00e9reas (Abear), Azul Linhas A\u00e9reas Brasileiras S\/A, Banco de Desenvolvimento de Minas Gerais (BDMG), Banco Interamericano de Desenvolvimento (BID), The Boeing Company, Boeing Brasil Servi\u00e7os T\u00e9cnicos Aeron\u00e1uticos Ltda, Byogy do Brasil Ltda, Camelina Company Brasil, Companhia Mineira de A\u00e7\u00facar e \u00c1lcool, Cons\u00f3rcio AeroBrasil, Curcas Diesel Brasil Ltda, Embraer, Empresa Brasileira de Infraestrutura  Aeroportu\u00e1ria  (Infraero), Federa\u00e7\u00e3o da Agricultura e Pecu\u00e1ria do Estado de Minas Gerais (Faemg) e Federa\u00e7\u00e3o das Ind\u00fastrias do Estado de Minas Gerais (Fiemg).<\/p>\n<p>Representando a Plataforma Brasileira de BioQuerosene, o presidente da Associa\u00e7\u00e3o Brasileira das Empresas A\u00e9reas (Abear), Eduardo Sanovicz, destacou a import\u00e2ncia da assinatura do documento e parabenizou o Governo de Minas pela iniciativa. \u201cMinas, usando de sua tradi\u00e7\u00e3o de sempre marchar \u00e0 frente e de sempre apontar caminhos, se coloca como vetor, como v\u00e9rtice, como um instrumento que aponta para um futuro sustent\u00e1vel e de contribui\u00e7\u00e3o ao pa\u00eds. Parab\u00e9ns a todos os profissionais desse Estado e conte conosco para um futuro ainda mais interessante, de conectividade, de crescimento da avia\u00e7\u00e3o brasileira e da economia mineira\u201d, ressaltou Sanovicz.<\/p>\n<p>A plataforma mineira pretende impulsionar a estrutura agr\u00edcola, transformando Minas Gerais em um grande fornecedor de mat\u00e9ria-prima para produ\u00e7\u00e3o de biocombust\u00edveis, implantando uma cadeia de suprimento apoiada pela academia e institutos de pesquisa. A meta \u00e9 ter unidades de biomassa nos munic\u00edpios de Ja\u00edba e Montes Claros, no Norte de Minas, e usinas de prensagem do \u00f3leo em v\u00e1rios munic\u00edpios.<\/p>\n<p>A plataforma de biocombust\u00edveis dever\u00e1 desenvolver toda a cadeia de valor do bioquerosene com v\u00e1rias mat\u00e9rias-primas como cana-de-a\u00e7\u00facar, pinh\u00e3o manso e camelina. Outro objetivo \u00e9 ter uma ind\u00fastria sustent\u00e1vel para avia\u00e7\u00e3o que vai desde a produ\u00e7\u00e3o da biomassa at\u00e9 sua utiliza\u00e7\u00e3o no voo. A Plataforma Brasileira de Bicombust\u00edvel foi formalmente estruturada em agosto de 2013.<\/p>\n<h3><strong>Programa Mineiro<\/strong><\/h3>\n<p>O Programa Mineiro de Desenvolvimento da Cadeia de Valor de Bioquerosene para a Avia\u00e7\u00e3o prev\u00ea o desenvolvimento de estudos e projetos envolvendo desde a mat\u00e9ria-prima, passando pela pesquisa, refino, certifica\u00e7\u00e3o, produ\u00e7\u00e3o e utiliza\u00e7\u00e3o do bioquerosene pelas empresas a\u00e9reas que operam no Aeroporto Internacional Tancredo Neves. Entre os objetivos do programa est\u00e1 o de promover, incentivar e viabilizar toda a cadeia de pesquisa, produ\u00e7\u00e3o, log\u00edstica e consumo de bioquerosene de avia\u00e7\u00e3o em Minas, atendendo uma demanda nacional e global por combust\u00edveis sustent\u00e1veis no setor de avia\u00e7\u00e3o e coprodutos semi-refinados renov\u00e1veis.<\/p>\n<h3><strong>Master Plan Econ\u00f4mico<\/strong><\/h3>\n<p>A solenidade tamb\u00e9m contou com a entrega do Master Plan Econ\u00f4mico da Regi\u00e3o Metropolitana de Belo Horizonte, documento que apresenta uma vis\u00e3o ordenada da ocupa\u00e7\u00e3o do solo com governan\u00e7a ambiental, infraestrutura customizada, sustentabilidade, atra\u00e7\u00e3o de investimentos da nova economia e planejamento estrat\u00e9gico em fases at\u00e9 2033. Ele se baseia em uma &#8220;l\u00f3gica econ\u00f4mica&#8221; fundada na premissa de que o crescimento econ\u00f4mico no s\u00e9culo 21 ser\u00e1 impulsionado pela mobilidade de neg\u00f3cios com base tecnol\u00f3gica. O estudo pretende ser uma ferramenta de planejamento municipal, capaz de orientar a ocupa\u00e7\u00e3o do territ\u00f3rio e o desenvolvimento sustent\u00e1vel nos pr\u00f3ximos 20 anos. <\/p>\n<p>A diretora do Banco Mundial para o Brasil, Deborah Wetzel, falou sobre a import\u00e2ncia do estudo, que foi financiado pelo Banco, e sobre a parceria com o Governo de Minas. \u201cTemos orgulho de fazer parte desse trabalho que apoia o desenvolvimento da Regi\u00e3o Metropolitana, o Master Plan. No Brasil, o desenvolvimento das \u00e1reas metropolitanas \u00e9 um assunto muito importante e possui v\u00e1rios desafios. Gostaria de parabenizar e agradecer ao governador Anastasia e sua equipe por todos os trabalhos desde o in\u00edcio do Choque de Gest\u00e3o. O trabalho de Minas Gerais n\u00e3o \u00e9 exemplo apenas no Brasil, \u00e9 um sucesso mundial\u201d, afirmou Deborah Wetzel.<\/p>\n<p>O estudo engloba uma avalia\u00e7\u00e3o da RMBH que inclui: uso do solo, transportes, servi\u00e7os de utilidade p\u00fablica e meio ambiente, de forma que os investimentos a serem alocados na \u00e1rea proporcionem um suporte comercial e residencial para o Vetor Norte. Entre as propostas de centros econ\u00f4micos na Aerotr\u00f3pole previstas est\u00e1 a implanta\u00e7\u00e3o de projetos-piloto para estimular novos empreendimentos no entorno do AITN e no Contorno Metropolitano Norte.<\/p>\n<p>O estudo recomenda sete n\u00facleos de setores como alvos compat\u00edveis com os atributos e potenciais da RMBH: aeroespacial e defesa; log\u00edstica e distribui\u00e7\u00e3o; agroneg\u00f3cios; automotivo e equipamentos pesados; eletr\u00f4nicos, alta tecnologia, tecnologia da informa\u00e7\u00e3o e comunica\u00e7\u00f5es, pesquisa e desenvolvimento; ci\u00eancias da vida; e moda e t\u00eaxtil.<\/p>\n<p>Integram o Master Plan Econ\u00f4mico os munic\u00edpios de Belo Horizonte, Betim, Capim Branco, Confins, Contagem, Jaboticatubas, Lagoa Santa, Ibirit\u00e9, Matozinhos, Nova Lima, Pedro Leopoldo, Ribeir\u00e3o das Neves, Sabar\u00e1, Santa Luzia, S\u00e3o Jos\u00e9 da Lapa e Vespasiano que integram o Vetor Norte, mais 33 munic\u00edpios da RMBH e do Colar Metropolitano.<\/p>\n<p>Tamb\u00e9m participaram da solenidade, os secret\u00e1rios de Estado Dorotheia Werneck (Desenvolvimento Econ\u00f4mico), Carlos Melles (Transportes e Obras P\u00fablicas), Narcio Rodrigues (Ci\u00eancia, Tecnologia e Ensino Superior) e Alexandre Silveira (Sa\u00fade), o presidente da Codemig, Oswaldo Borges, parlamentares, empres\u00e1rios, prefeitos da regi\u00e3o, entre outras autoridades.<\/p>\n","protected":false},"excerpt":{"rendered":"<p>O governador Antonio Anastasia inaugurou, nesta sexta-feira (14\/03), em Lagoa Santa, na Regi\u00e3o Metropolitana de Belo Horizonte, o primeiro aeroporto industrial do pa\u00eds, que vai permitir \u00e0s empresas instaladas no local trabalharem em uma zona de suspens\u00e3o tribut\u00e1ria, sob regime de entreposto aduaneiro especial. O Governo de Minas investiu R$ 17 milh\u00f5es, por meio da [&hellip;]<\/p>\n","protected":false},"author":1,"featured_media":23784,"comment_status":"open","ping_status":"closed","sticky":false,"template":"","format":"standard","meta":{"amp_status":"","footnotes":""},"categories":[123],"tags":[1018,5550,5549],"class_list":["post-23783","post","type-post","status-publish","format-standard","has-post-thumbnail","hentry","category-gerais","tag-destaque","tag-primeiro-aeroporto-industrial-do-brasil","tag-primeiro-aeroporto-industrial-do-brasil-e-inaugurado-em-minas-gerais"],"_links":{"self":[{"href":"https:\/\/aconteceunovale.com.br\/portal\/index.php?rest_route=\/wp\/v2\/posts\/23783","targetHints":{"allow":["GET"]}}],"collection":[{"href":"https:\/\/aconteceunovale.com.br\/portal\/index.php?rest_route=\/wp\/v2\/posts"}],"about":[{"href":"https:\/\/aconteceunovale.com.br\/portal\/index.php?rest_route=\/wp\/v2\/types\/post"}],"author":[{"embeddable":true,"href":"https:\/\/aconteceunovale.com.br\/portal\/index.php?rest_route=\/wp\/v2\/users\/1"}],"replies":[{"embeddable":true,"href":"https:\/\/aconteceunovale.com.br\/portal\/index.php?rest_route=%2Fwp%2Fv2%2Fcomments&post=23783"}],"version-history":[{"count":0,"href":"https:\/\/aconteceunovale.com.br\/portal\/index.php?rest_route=\/wp\/v2\/posts\/23783\/revisions"}],"wp:featuredmedia":[{"embeddable":true,"href":"https:\/\/aconteceunovale.com.br\/portal\/index.php?rest_route=\/wp\/v2\/media\/23784"}],"wp:attachment":[{"href":"https:\/\/aconteceunovale.com.br\/portal\/index.php?rest_route=%2Fwp%2Fv2%2Fmedia&parent=23783"}],"wp:term":[{"taxonomy":"category","embeddable":true,"href":"https:\/\/aconteceunovale.com.br\/portal\/index.php?rest_route=%2Fwp%2Fv2%2Fcategories&post=23783"},{"taxonomy":"post_tag","embeddable":true,"href":"https:\/\/aconteceunovale.com.br\/portal\/index.php?rest_route=%2Fwp%2Fv2%2Ftags&post=23783"}],"curies":[{"name":"wp","href":"https:\/\/api.w.org\/{rel}","templated":true}]}}