{"id":23780,"date":"2014-03-14T19:06:40","date_gmt":"2014-03-14T22:06:40","guid":{"rendered":"http:\/\/aconteceunovale.com.br\/portal\/?p=23780"},"modified":"2014-03-14T19:06:40","modified_gmt":"2014-03-14T22:06:40","slug":"policia-militar-de-salinas-prende-moto-taxista-suspeito-de-trafico","status":"publish","type":"post","link":"https:\/\/aconteceunovale.com.br\/portal\/?p=23780","title":{"rendered":"Pol\u00edcia Militar de Salinas prende moto taxista suspeito de tr\u00e1fico"},"content":{"rendered":"<p>Na tarde dessa sexta, dia 14, a Pol\u00edcia Militar de Salinas conseguiu executar mais uma opera\u00e7\u00e3o de sucesso contra o tr\u00e1fico de drogas. Assim que todas as informa\u00e7\u00f5es foram levantadas sobre o suspeito, os militares passaram a monitor\u00e1-lo, at\u00e9 que foi montada opera\u00e7\u00e3o para a abordagem, ocorrida por volta das 17 horas, na Rua Jo\u00e3o Pena Sobrinho, no bairro Silvio Satiango.<\/p>\n<p>Conforme o militar Daniel Caetano, o autor \u00e9 o moto taxista Geraldo Gomes Pinho J\u00fanior, conhecido por &#8220;J\u00fanior&#8221;, de 25 anos. &#8220;Ele transportava, al\u00e9m de pessoas, coca\u00edna para v\u00e1rios usu\u00e1rios na cidade e regi\u00e3o&#8221;, relata Daniel.<\/p>\n<p>Ao ser abordado, o mototaxista foi flagrado com 5 papelotes de coca\u00edna. Logo ap\u00f3s, os militares fizeram buscas em sua resid\u00eancia, onde foi localizado mais 10 papelotes e uma pedra bruta, de aproximadamente 50 gramas de coca\u00edna.<\/p>\n<p>O autor confessou ser dono da droga, al\u00e9m de relatar detalhes sobre a execu\u00e7\u00e3o do tr\u00e1fico. Na Delegacia da Pol\u00edcia Civil foi relatado o flagrante.<\/p>\n<p><img decoding=\"async\" src=\"http:\/\/aconteceunovale.com.br\/portal\/wp-content\/uploads\/2014\/03\/mototaxista_salinas_trafico_14.jpg\" alt=\"\" \/><\/p>\n<p><em>(Foto e informa\u00e7\u00f5es via Jornal Folha Regional)<\/em><\/p>\n","protected":false},"excerpt":{"rendered":"<p>Na tarde dessa sexta, dia 14, a Pol\u00edcia Militar de Salinas conseguiu executar mais uma opera\u00e7\u00e3o de sucesso contra o tr\u00e1fico de drogas. Assim que todas as informa\u00e7\u00f5es foram levantadas sobre o suspeito, os militares passaram a monitor\u00e1-lo, at\u00e9 que foi montada opera\u00e7\u00e3o para a abordagem, ocorrida por volta das 17 horas, na Rua Jo\u00e3o [&hellip;]<\/p>\n","protected":false},"author":1,"featured_media":23781,"comment_status":"open","ping_status":"closed","sticky":false,"template":"","format":"standard","meta":{"amp_status":"","footnotes":""},"categories":[1236],"tags":[5548,5547,190],"class_list":["post-23780","post","type-post","status-publish","format-standard","has-post-thumbnail","hentry","category-norte_de_minas","tag-geraldo-gomes-pinho-junior","tag-policia-militar-de-salinas-prende-moto-taxista-suspeito-de-trafico","tag-salinas"],"yoast_head":"<!-- This site is optimized with the Yoast SEO plugin v28.3 - https:\/\/yoast.com\/product\/yoast-seo-wordpress\/ -->\n<title>Pol\u00edcia Militar de Salinas prende moto taxista suspeito de tr\u00e1fico - Aconteceu no Vale<\/title>\n<meta name=\"robots\" content=\"index, follow, max-snippet:-1, max-image-preview:large, max-video-preview:-1\" \/>\n<link rel=\"canonical\" href=\"https:\/\/aconteceunovale.com.br\/portal\/?p=23780\" \/>\n<meta property=\"og:locale\" content=\"pt_BR\" \/>\n<meta property=\"og:type\" content=\"article\" \/>\n<meta property=\"og:title\" content=\"Pol\u00edcia Militar de Salinas prende moto taxista suspeito de tr\u00e1fico - Aconteceu no Vale\" \/>\n<meta property=\"og:description\" content=\"Na tarde dessa sexta, dia 14, a Pol\u00edcia Militar de Salinas conseguiu executar mais uma opera\u00e7\u00e3o de sucesso contra o tr\u00e1fico de drogas. Assim que todas as informa\u00e7\u00f5es foram levantadas sobre o suspeito, os militares passaram a monitor\u00e1-lo, at\u00e9 que foi montada opera\u00e7\u00e3o para a abordagem, ocorrida por volta das 17 horas, na Rua Jo\u00e3o [&hellip;]\" \/>\n<meta property=\"og:url\" content=\"https:\/\/aconteceunovale.com.br\/portal\/?p=23780\" \/>\n<meta property=\"og:site_name\" content=\"Aconteceu no Vale\" \/>\n<meta property=\"article:publisher\" content=\"https:\/\/www.facebook.com\/aconteceunovale\/\" \/>\n<meta property=\"article:published_time\" content=\"2014-03-14T22:06:40+00:00\" \/>\n<meta property=\"og:image\" content=\"https:\/\/aconteceunovale.com.br\/portal\/wp-content\/uploads\/2014\/03\/mototaxista_salinas_trafico_14.jpg\" \/>\n\t<meta property=\"og:image:width\" content=\"678\" \/>\n\t<meta property=\"og:image:height\" content=\"304\" \/>\n\t<meta property=\"og:image:type\" content=\"image\/jpeg\" \/>\n<meta name=\"author\" content=\"Aconteceu no Vale\" \/>\n<meta name=\"twitter:card\" content=\"summary_large_image\" \/>\n<meta name=\"twitter:creator\" content=\"@noticiadosvales\" \/>\n<meta name=\"twitter:site\" content=\"@noticiadosvales\" \/>\n<meta name=\"twitter:label1\" content=\"Escrito por\" \/>\n\t<meta name=\"twitter:data1\" content=\"Aconteceu no Vale\" \/>\n\t<meta name=\"twitter:label2\" content=\"Est. tempo de leitura\" \/>\n\t<meta name=\"twitter:data2\" content=\"1 minuto\" \/>\n<script type=\"application\/ld+json\" class=\"yoast-schema-graph\">{\"@context\":\"https:\\\/\\\/schema.org\",\"@graph\":[{\"@type\":\"Article\",\"@id\":\"https:\\\/\\\/aconteceunovale.com.br\\\/portal\\\/?p=23780#article\",\"isPartOf\":{\"@id\":\"https:\\\/\\\/aconteceunovale.com.br\\\/portal\\\/?p=23780\"},\"author\":{\"name\":\"Aconteceu no Vale\",\"@id\":\"https:\\\/\\\/aconteceunovale.com.br\\\/portal\\\/#\\\/schema\\\/person\\\/633529146f2c94272bef50ac2953d589\"},\"headline\":\"Pol\u00edcia Militar de Salinas prende moto taxista suspeito de tr\u00e1fico\",\"datePublished\":\"2014-03-14T22:06:40+00:00\",\"mainEntityOfPage\":{\"@id\":\"https:\\\/\\\/aconteceunovale.com.br\\\/portal\\\/?p=23780\"},\"wordCount\":194,\"commentCount\":0,\"image\":{\"@id\":\"https:\\\/\\\/aconteceunovale.com.br\\\/portal\\\/?p=23780#primaryimage\"},\"thumbnailUrl\":\"https:\\\/\\\/aconteceunovale.com.br\\\/portal\\\/wp-content\\\/uploads\\\/2014\\\/03\\\/mototaxista_salinas_trafico_14.jpg\",\"keywords\":[\"Geraldo Gomes Pinho J\u00fanior\",\"Pol\u00edcia Militar de Salinas prende moto taxista suspeito de tr\u00e1fico\",\"Salinas\"],\"articleSection\":[\"Norte de Minas\"],\"inLanguage\":\"pt-BR\",\"potentialAction\":[{\"@type\":\"CommentAction\",\"name\":\"Comment\",\"target\":[\"https:\\\/\\\/aconteceunovale.com.br\\\/portal\\\/?p=23780#respond\"]}]},{\"@type\":\"WebPage\",\"@id\":\"https:\\\/\\\/aconteceunovale.com.br\\\/portal\\\/?p=23780\",\"url\":\"https:\\\/\\\/aconteceunovale.com.br\\\/portal\\\/?p=23780\",\"name\":\"Pol\u00edcia Militar de Salinas prende moto taxista suspeito de tr\u00e1fico - Aconteceu no Vale\",\"isPartOf\":{\"@id\":\"https:\\\/\\\/aconteceunovale.com.br\\\/portal\\\/#website\"},\"primaryImageOfPage\":{\"@id\":\"https:\\\/\\\/aconteceunovale.com.br\\\/portal\\\/?p=23780#primaryimage\"},\"image\":{\"@id\":\"https:\\\/\\\/aconteceunovale.com.br\\\/portal\\\/?p=23780#primaryimage\"},\"thumbnailUrl\":\"https:\\\/\\\/aconteceunovale.com.br\\\/portal\\\/wp-content\\\/uploads\\\/2014\\\/03\\\/mototaxista_salinas_trafico_14.jpg\",\"datePublished\":\"2014-03-14T22:06:40+00:00\",\"author\":{\"@id\":\"https:\\\/\\\/aconteceunovale.com.br\\\/portal\\\/#\\\/schema\\\/person\\\/633529146f2c94272bef50ac2953d589\"},\"breadcrumb\":{\"@id\":\"https:\\\/\\\/aconteceunovale.com.br\\\/portal\\\/?p=23780#breadcrumb\"},\"inLanguage\":\"pt-BR\",\"potentialAction\":[{\"@type\":\"ReadAction\",\"target\":[\"https:\\\/\\\/aconteceunovale.com.br\\\/portal\\\/?p=23780\"]}]},{\"@type\":\"ImageObject\",\"inLanguage\":\"pt-BR\",\"@id\":\"https:\\\/\\\/aconteceunovale.com.br\\\/portal\\\/?p=23780#primaryimage\",\"url\":\"https:\\\/\\\/aconteceunovale.com.br\\\/portal\\\/wp-content\\\/uploads\\\/2014\\\/03\\\/mototaxista_salinas_trafico_14.jpg\",\"contentUrl\":\"https:\\\/\\\/aconteceunovale.com.br\\\/portal\\\/wp-content\\\/uploads\\\/2014\\\/03\\\/mototaxista_salinas_trafico_14.jpg\",\"width\":678,\"height\":304},{\"@type\":\"BreadcrumbList\",\"@id\":\"https:\\\/\\\/aconteceunovale.com.br\\\/portal\\\/?p=23780#breadcrumb\",\"itemListElement\":[{\"@type\":\"ListItem\",\"position\":1,\"name\":\"In\u00edcio\",\"item\":\"https:\\\/\\\/aconteceunovale.com.br\\\/portal\\\/\"},{\"@type\":\"ListItem\",\"position\":2,\"name\":\"Pol\u00edcia Militar de Salinas prende moto taxista suspeito de tr\u00e1fico\"}]},{\"@type\":\"WebSite\",\"@id\":\"https:\\\/\\\/aconteceunovale.com.br\\\/portal\\\/#website\",\"url\":\"https:\\\/\\\/aconteceunovale.com.br\\\/portal\\\/\",\"name\":\"Aconteceu no Vale\",\"description\":\"Portal de Not\u00edcias\",\"potentialAction\":[{\"@type\":\"SearchAction\",\"target\":{\"@type\":\"EntryPoint\",\"urlTemplate\":\"https:\\\/\\\/aconteceunovale.com.br\\\/portal\\\/?s={search_term_string}\"},\"query-input\":{\"@type\":\"PropertyValueSpecification\",\"valueRequired\":true,\"valueName\":\"search_term_string\"}}],\"inLanguage\":\"pt-BR\"},{\"@type\":\"Person\",\"@id\":\"https:\\\/\\\/aconteceunovale.com.br\\\/portal\\\/#\\\/schema\\\/person\\\/633529146f2c94272bef50ac2953d589\",\"name\":\"Aconteceu no Vale\",\"description\":\"Equipe de reportagem do Aconteceu no Vale, portal de not\u00edcias do Vale do Jequitinhonha, em Minas Gerais. Cobrimos as 51 cidades do Vale desde 2013. Sugest\u00f5es de pauta e pedidos de corre\u00e7\u00e3o: contato@aconteceunovale.com.br\",\"sameAs\":[\"http:\\\/\\\/www.aconteceunovale.com.br\"],\"url\":\"https:\\\/\\\/aconteceunovale.com.br\\\/portal\\\/?author=1\"}]}<\/script>\n<!-- \/ Yoast SEO plugin. -->","yoast_head_json":{"title":"Pol\u00edcia Militar de Salinas prende moto taxista suspeito de tr\u00e1fico - Aconteceu no Vale","robots":{"index":"index","follow":"follow","max-snippet":"max-snippet:-1","max-image-preview":"max-image-preview:large","max-video-preview":"max-video-preview:-1"},"canonical":"https:\/\/aconteceunovale.com.br\/portal\/?p=23780","og_locale":"pt_BR","og_type":"article","og_title":"Pol\u00edcia Militar de Salinas prende moto taxista suspeito de tr\u00e1fico - Aconteceu no Vale","og_description":"Na tarde dessa sexta, dia 14, a Pol\u00edcia Militar de Salinas conseguiu executar mais uma opera\u00e7\u00e3o de sucesso contra o tr\u00e1fico de drogas. Assim que todas as informa\u00e7\u00f5es foram levantadas sobre o suspeito, os militares passaram a monitor\u00e1-lo, at\u00e9 que foi montada opera\u00e7\u00e3o para a abordagem, ocorrida por volta das 17 horas, na Rua Jo\u00e3o [&hellip;]","og_url":"https:\/\/aconteceunovale.com.br\/portal\/?p=23780","og_site_name":"Aconteceu no Vale","article_publisher":"https:\/\/www.facebook.com\/aconteceunovale\/","article_published_time":"2014-03-14T22:06:40+00:00","og_image":[{"width":678,"height":304,"url":"https:\/\/aconteceunovale.com.br\/portal\/wp-content\/uploads\/2014\/03\/mototaxista_salinas_trafico_14.jpg","type":"image\/jpeg"}],"author":"Aconteceu no Vale","twitter_card":"summary_large_image","twitter_creator":"@noticiadosvales","twitter_site":"@noticiadosvales","twitter_misc":{"Escrito por":"Aconteceu no Vale","Est. tempo de leitura":"1 minuto"},"schema":{"@context":"https:\/\/schema.org","@graph":[{"@type":"Article","@id":"https:\/\/aconteceunovale.com.br\/portal\/?p=23780#article","isPartOf":{"@id":"https:\/\/aconteceunovale.com.br\/portal\/?p=23780"},"author":{"name":"Aconteceu no Vale","@id":"https:\/\/aconteceunovale.com.br\/portal\/#\/schema\/person\/633529146f2c94272bef50ac2953d589"},"headline":"Pol\u00edcia Militar de Salinas prende moto taxista suspeito de tr\u00e1fico","datePublished":"2014-03-14T22:06:40+00:00","mainEntityOfPage":{"@id":"https:\/\/aconteceunovale.com.br\/portal\/?p=23780"},"wordCount":194,"commentCount":0,"image":{"@id":"https:\/\/aconteceunovale.com.br\/portal\/?p=23780#primaryimage"},"thumbnailUrl":"https:\/\/aconteceunovale.com.br\/portal\/wp-content\/uploads\/2014\/03\/mototaxista_salinas_trafico_14.jpg","keywords":["Geraldo Gomes Pinho J\u00fanior","Pol\u00edcia Militar de Salinas prende moto taxista suspeito de tr\u00e1fico","Salinas"],"articleSection":["Norte de Minas"],"inLanguage":"pt-BR","potentialAction":[{"@type":"CommentAction","name":"Comment","target":["https:\/\/aconteceunovale.com.br\/portal\/?p=23780#respond"]}]},{"@type":"WebPage","@id":"https:\/\/aconteceunovale.com.br\/portal\/?p=23780","url":"https:\/\/aconteceunovale.com.br\/portal\/?p=23780","name":"Pol\u00edcia Militar de Salinas prende moto taxista suspeito de tr\u00e1fico - Aconteceu no Vale","isPartOf":{"@id":"https:\/\/aconteceunovale.com.br\/portal\/#website"},"primaryImageOfPage":{"@id":"https:\/\/aconteceunovale.com.br\/portal\/?p=23780#primaryimage"},"image":{"@id":"https:\/\/aconteceunovale.com.br\/portal\/?p=23780#primaryimage"},"thumbnailUrl":"https:\/\/aconteceunovale.com.br\/portal\/wp-content\/uploads\/2014\/03\/mototaxista_salinas_trafico_14.jpg","datePublished":"2014-03-14T22:06:40+00:00","author":{"@id":"https:\/\/aconteceunovale.com.br\/portal\/#\/schema\/person\/633529146f2c94272bef50ac2953d589"},"breadcrumb":{"@id":"https:\/\/aconteceunovale.com.br\/portal\/?p=23780#breadcrumb"},"inLanguage":"pt-BR","potentialAction":[{"@type":"ReadAction","target":["https:\/\/aconteceunovale.com.br\/portal\/?p=23780"]}]},{"@type":"ImageObject","inLanguage":"pt-BR","@id":"https:\/\/aconteceunovale.com.br\/portal\/?p=23780#primaryimage","url":"https:\/\/aconteceunovale.com.br\/portal\/wp-content\/uploads\/2014\/03\/mototaxista_salinas_trafico_14.jpg","contentUrl":"https:\/\/aconteceunovale.com.br\/portal\/wp-content\/uploads\/2014\/03\/mototaxista_salinas_trafico_14.jpg","width":678,"height":304},{"@type":"BreadcrumbList","@id":"https:\/\/aconteceunovale.com.br\/portal\/?p=23780#breadcrumb","itemListElement":[{"@type":"ListItem","position":1,"name":"In\u00edcio","item":"https:\/\/aconteceunovale.com.br\/portal\/"},{"@type":"ListItem","position":2,"name":"Pol\u00edcia Militar de Salinas prende moto taxista suspeito de tr\u00e1fico"}]},{"@type":"WebSite","@id":"https:\/\/aconteceunovale.com.br\/portal\/#website","url":"https:\/\/aconteceunovale.com.br\/portal\/","name":"Aconteceu no Vale","description":"Portal de Not\u00edcias","potentialAction":[{"@type":"SearchAction","target":{"@type":"EntryPoint","urlTemplate":"https:\/\/aconteceunovale.com.br\/portal\/?s={search_term_string}"},"query-input":{"@type":"PropertyValueSpecification","valueRequired":true,"valueName":"search_term_string"}}],"inLanguage":"pt-BR"},{"@type":"Person","@id":"https:\/\/aconteceunovale.com.br\/portal\/#\/schema\/person\/633529146f2c94272bef50ac2953d589","name":"Aconteceu no Vale","description":"Equipe de reportagem do Aconteceu no Vale, portal de not\u00edcias do Vale do Jequitinhonha, em Minas Gerais. Cobrimos as 51 cidades do Vale desde 2013. Sugest\u00f5es de pauta e pedidos de corre\u00e7\u00e3o: contato@aconteceunovale.com.br","sameAs":["http:\/\/www.aconteceunovale.com.br"],"url":"https:\/\/aconteceunovale.com.br\/portal\/?author=1"}]}},"_links":{"self":[{"href":"https:\/\/aconteceunovale.com.br\/portal\/index.php?rest_route=\/wp\/v2\/posts\/23780","targetHints":{"allow":["GET"]}}],"collection":[{"href":"https:\/\/aconteceunovale.com.br\/portal\/index.php?rest_route=\/wp\/v2\/posts"}],"about":[{"href":"https:\/\/aconteceunovale.com.br\/portal\/index.php?rest_route=\/wp\/v2\/types\/post"}],"author":[{"embeddable":true,"href":"https:\/\/aconteceunovale.com.br\/portal\/index.php?rest_route=\/wp\/v2\/users\/1"}],"replies":[{"embeddable":true,"href":"https:\/\/aconteceunovale.com.br\/portal\/index.php?rest_route=%2Fwp%2Fv2%2Fcomments&post=23780"}],"version-history":[{"count":0,"href":"https:\/\/aconteceunovale.com.br\/portal\/index.php?rest_route=\/wp\/v2\/posts\/23780\/revisions"}],"wp:featuredmedia":[{"embeddable":true,"href":"https:\/\/aconteceunovale.com.br\/portal\/index.php?rest_route=\/wp\/v2\/media\/23781"}],"wp:attachment":[{"href":"https:\/\/aconteceunovale.com.br\/portal\/index.php?rest_route=%2Fwp%2Fv2%2Fmedia&parent=23780"}],"wp:term":[{"taxonomy":"category","embeddable":true,"href":"https:\/\/aconteceunovale.com.br\/portal\/index.php?rest_route=%2Fwp%2Fv2%2Fcategories&post=23780"},{"taxonomy":"post_tag","embeddable":true,"href":"https:\/\/aconteceunovale.com.br\/portal\/index.php?rest_route=%2Fwp%2Fv2%2Ftags&post=23780"}],"curies":[{"name":"wp","href":"https:\/\/api.w.org\/{rel}","templated":true}]}}