{"id":23775,"date":"2014-03-14T18:31:57","date_gmt":"2014-03-14T21:31:57","guid":{"rendered":"http:\/\/aconteceunovale.com.br\/portal\/?p=23775"},"modified":"2014-03-14T18:32:28","modified_gmt":"2014-03-14T21:32:28","slug":"caminhoneiro-fica-ferido-em-acidente-envolvendo-caminhoes-na-br-120","status":"publish","type":"post","link":"https:\/\/aconteceunovale.com.br\/portal\/?p=23775","title":{"rendered":"Motorista fica ferido em acidente envolvendo caminh\u00f5es na BR-120"},"content":{"rendered":"<p>Um acidente envolvendo dois caminh\u00f5es deixou um motorista ferido na manh\u00e3 desta sexta-feira, 14 de mar\u00e7o, entre as cidades de Jos\u00e9 Raydan e Santa Maria do Sua\u00e7u\u00ed, na BR-120.<\/p>\n<p>Um dos caminh\u00f5es foi parar em uma ribanceira deixando o motorista, que n\u00e3o teve o nome divulgado, com ferimentos. Ele foi socorrido e encaminhado ao Hospital de Santa Maria do Sua\u00e7u\u00ed.<\/p>\n<p>O outro motorista saiu ileso, apesar do caminh\u00e3o ficar bastante danificado. <\/p>\n<p><img decoding=\"async\" src=\"http:\/\/aconteceunovale.com.br\/portal\/wp-content\/uploads\/2014\/03\/acidente_caminhoes_120_14_4.jpg\" alt=\"\" \/><br \/>\n<em>(Foto: Jornal Pe\u00e7anha em Foco)<\/em><\/p>\n<p><img decoding=\"async\" src=\"http:\/\/aconteceunovale.com.br\/portal\/wp-content\/uploads\/2014\/03\/acidente_caminhoes_120_14_3.jpg\" alt=\"\" \/><br \/>\n<em>(Foto: Jornal Pe\u00e7anha em Foco)<\/em><\/p>\n","protected":false},"excerpt":{"rendered":"<p>Um acidente envolvendo dois caminh\u00f5es deixou um motorista ferido na manh\u00e3 desta sexta-feira, 14 de mar\u00e7o, entre as cidades de Jos\u00e9 Raydan e Santa Maria do Sua\u00e7u\u00ed, na BR-120. Um dos caminh\u00f5es foi parar em uma ribanceira deixando o motorista, que n\u00e3o teve o nome divulgado, com ferimentos. Ele foi socorrido e encaminhado ao Hospital [&hellip;]<\/p>\n","protected":false},"author":1,"featured_media":23776,"comment_status":"open","ping_status":"closed","sticky":false,"template":"","format":"standard","meta":{"amp_status":"","footnotes":""},"categories":[121],"tags":[5545,1018,299,5546,240],"class_list":["post-23775","post","type-post","status-publish","format-standard","has-post-thumbnail","hentry","category-leste","tag-caminhoneiro-fica-ferido-em-acidente-envolvendo-caminhoes-na-br-120","tag-destaque","tag-jose-raydan","tag-motorista-fica-ferido-em-acidente-envolvendo-caminhoes-na-br-120","tag-santa-maria-do-suacui"],"_links":{"self":[{"href":"https:\/\/aconteceunovale.com.br\/portal\/index.php?rest_route=\/wp\/v2\/posts\/23775","targetHints":{"allow":["GET"]}}],"collection":[{"href":"https:\/\/aconteceunovale.com.br\/portal\/index.php?rest_route=\/wp\/v2\/posts"}],"about":[{"href":"https:\/\/aconteceunovale.com.br\/portal\/index.php?rest_route=\/wp\/v2\/types\/post"}],"author":[{"embeddable":true,"href":"https:\/\/aconteceunovale.com.br\/portal\/index.php?rest_route=\/wp\/v2\/users\/1"}],"replies":[{"embeddable":true,"href":"https:\/\/aconteceunovale.com.br\/portal\/index.php?rest_route=%2Fwp%2Fv2%2Fcomments&post=23775"}],"version-history":[{"count":0,"href":"https:\/\/aconteceunovale.com.br\/portal\/index.php?rest_route=\/wp\/v2\/posts\/23775\/revisions"}],"wp:featuredmedia":[{"embeddable":true,"href":"https:\/\/aconteceunovale.com.br\/portal\/index.php?rest_route=\/wp\/v2\/media\/23776"}],"wp:attachment":[{"href":"https:\/\/aconteceunovale.com.br\/portal\/index.php?rest_route=%2Fwp%2Fv2%2Fmedia&parent=23775"}],"wp:term":[{"taxonomy":"category","embeddable":true,"href":"https:\/\/aconteceunovale.com.br\/portal\/index.php?rest_route=%2Fwp%2Fv2%2Fcategories&post=23775"},{"taxonomy":"post_tag","embeddable":true,"href":"https:\/\/aconteceunovale.com.br\/portal\/index.php?rest_route=%2Fwp%2Fv2%2Ftags&post=23775"}],"curies":[{"name":"wp","href":"https:\/\/api.w.org\/{rel}","templated":true}]}}